{"id":441,"date":"2024-06-19T08:53:31","date_gmt":"2024-06-19T08:53:31","guid":{"rendered":"https:\/\/portugallovers.com\/vad-man-kan-gora-algarve-besok\/"},"modified":"2025-12-21T14:02:17","modified_gmt":"2025-12-21T14:02:17","slug":"vad-man-kan-gora-algarve-besok","status":"publish","type":"post","link":"https:\/\/portugallovers.com\/sv\/vad-man-kan-gora-algarve-besok\/","title":{"rendered":"15 sev\u00e4rdheter i Algarve (+foton)"},"content":{"rendered":"\n<p>\u00c4r du i Portugal och vill utforska Algarve? En utm\u00e4rkt id\u00e9! Vi \u00e4lskade denna region. Det ligger i s\u00f6dra Portugal och \u00e4r inte bara k\u00e4nt f\u00f6r sina str\u00e4nder, utan ocks\u00e5 f\u00f6r sina <strong>landskap<\/strong>, <strong>grottor<\/strong>, <strong>fort<\/strong>, vackra <strong>st\u00e4der<\/strong> och <strong>utomhusaktiviteter<\/strong>. H\u00e4r finns n\u00e5got f\u00f6r alla som \u00e4lskar sol och friluftsliv!<\/p>\n\n<p>L\u00e4s den h\u00e4r artikeln och uppt\u00e4ck <strong>15<\/strong> <strong>sev\u00e4rdheter<\/strong> i Algarve, illustrerade med foton som f\u00e5r dig att vilja \u00e5ka dit. Bonus: anv\u00e4ndbara tips och extra aktiviteter.<\/p>\n\n<figure class=\"wp-block-image size-full\"><img decoding=\"async\" src=\"https:\/\/portugallovers.com\/wp-content\/uploads\/2024\/06\/sevardheter-algarve-att-gora.jpg\" alt=\"sev&#xE4;rdheter algarve m&#xE5;ste-se\" class=\"wp-image-416\"\/><\/figure>\n\n<p class=\"has-text-align-left\">Denna guide \u00e4r helt <strong>oberoende<\/strong> och bygger p\u00e5 v\u00e5ra erfarenheter. Vi bes\u00f6kte regionen anonymt, gjorde v\u00e5ra egna val och betalade v\u00e5ra r\u00e4kningar till fullo.<\/p>\n\n<h2 class=\"wp-block-heading\">1. Ber\u00f6mda str\u00e4nder i Algarve: Praia Da Falesia och Praia Da Marinha<\/h2>\n\n<figure class=\"wp-block-image size-large\"><img decoding=\"async\" src=\"https:\/\/photos.smugmug.com\/Portugal\/Algarve\/Albufeira\/Praia-Da-Falesia\/i-MLMXSP8\/1\/CMz2h9TdnRTvfzvMtQ4kjb83DXxBSpRG8JG64rGbt\/L\/Praia_da_Falesia_Beach_Portugal_IMG_5050-L.jpg\" alt=\"Praia Da Falesia\"\/><figcaption class=\"wp-element-caption\">Praia Da Falesia<\/figcaption><\/figure>\n\n<h3 class=\"wp-block-heading\">Varf\u00f6r bes\u00f6ka?<\/h3>\n\n<p>Algarve \u00e4r hem f\u00f6r n\u00e5gra extraordin\u00e4ra str\u00e4nder, av vilka n\u00e5gra \u00e4r k\u00e4nda \u00f6ver hela v\u00e4rlden. Vi hade turen att f\u00e5 bes\u00f6ka Praia Da Marinha, k\u00e4nd som en av de vackraste platserna p\u00e5 jorden! Det \u00e4r en idyllisk plats som \u00e4r perfekt f\u00f6r att utforska vikarna och njuta av utsikten. Du kommer ocks\u00e5 att \u00e4lska Praia Da Falesia. Dess ljusa ockraf\u00e4rger g\u00f6r den till en av <a href=\"https:\/\/portugallovers.com\/sv\/basta-stranderna-algarve\/\" target=\"_blank\" rel=\"noreferrer noopener\">v\u00e5ra favoritstr\u00e4nder<\/a>. Den str\u00e4cker sig \u00f6ver 6 km och blommar vid foten av h\u00f6ga orangevita klippor som kontrasterar mot tallarnas ljusgr\u00f6na f\u00e4rg p\u00e5 toppen av klipporna. Vi tyckte att det var en magnifik show!<br\/><\/p>\n\n<figure class=\"wp-block-image size-large\"><img decoding=\"async\" src=\"https:\/\/photos.smugmug.com\/Portugal\/Algarve\/Carvoeiro\/Praia-Da-Marinha\/i-BT32cSt\/1\/f8ZFjj2V9P6HZDVT3LKtHhZ622pn89CpXRmbc5Fw\/L\/Praia_Da_Marinha_Beach_Portugal_IMG_5273-L.jpg\" alt=\"Praia Da Marinha\"\/><figcaption class=\"wp-element-caption\">Praia Da Marinha<\/figcaption><\/figure>\n\n<h3 class=\"wp-block-heading\">Praktiska r\u00e5d<\/h3>\n\n<ul class=\"wp-block-list\">\n<li>Praia Do Falesia, 20 minuters bilresa fr\u00e5n Albufeira<\/li>\n\n\n\n<li>Praia Da Marinha, 25 minuters bilresa fr\u00e5n Portimao<\/li>\n\n\n\n<li>Tillg\u00e5ngen till str\u00e4nderna \u00e4r brant och kr\u00e4ver viss promenad<\/li>\n\n\n\n<li>Ta med bra skor<\/li>\n\n\n\n<li>Parkeringshus<\/li>\n\n\n\n<li>N\u00e4rliggande restauranger<\/li>\n\n\n\n<li>Fantastisk utsikt<\/li>\n<\/ul>\n\n<div style=\"background-color:#f8dfbb;margin-top:8%;margin-bottom:8%\" class=\"wp-block-genesis-blocks-gb-container box gb-block-container\"><div class=\"gb-container-inside\"><div class=\"gb-container-content\" style=\"max-width:700px\">\n<div class=\"wp-block-genesis-blocks-gb-container box_titre gb-block-container\"><div class=\"gb-container-inside\"><div class=\"gb-container-content\">\n<h5 class=\"titre_box\" style=\"padding-top:10px;\">VAR KAN MAN BO I <span class=\"titre_box_manuscrit\">Algarve<\/span><\/h5>\n<\/div><\/div><\/div>\n\n\n\n<div class=\"wp-block-columns box_sans_border is-layout-flex wp-container-core-columns-is-layout-9d6595d7 wp-block-columns-is-layout-flex\">\n<div class=\"wp-block-column texte_planif is-layout-flow wp-block-column-is-layout-flow\" style=\"font-size:14px;flex-basis:60%\">\n<p class=\"option_titre2\" style=\"font-size:16px\">V\u00e5ra oberoende urval hj\u00e4lper dig att hitta ditt <strong>dr\u00f6mboende<\/strong>:<\/p>\n\n\n\n<ul class=\"wp-block-list ul_box\">\n<li style=\"font-size:14px\"><a href=\"https:\/\/portugallovers.com\/sv\/var-ska-bo-algarve-basta-omradena\/\" target=\"_blank\" rel=\"noreferrer noopener\">Var man kan bo i Algarve<\/a><\/li>\n\n\n\n<li style=\"font-size:14px\">V\u00e5r favorit: Hotel <a href=\"https:\/\/www.booking.com\/hotel\/pt\/palmares-signature-apartments-lagos.html?aid=2420176\" target=\"_blank\" rel=\"noreferrer noopener nofollow\">Palmares Signature Apartments<\/a><\/li>\n<\/ul>\n\n\n\n<p style=\"font-size:16px\"><strong>V\u00e4lj efter hotelltyp:<\/strong><\/p>\n\n\n\n<ul class=\"wp-block-list ul_box\">\n<li style=\"font-size:14px\"><a href=\"https:\/\/portugallovers.com\/sv\/basta-hotellen-algarve-recensioner\/\" target=\"_blank\" rel=\"noreferrer noopener\">B\u00e4sta hotell<\/a><\/li>\n\n\n\n<li style=\"font-size:14px\">5-stj\u00e4rniga hotell (kommer snart)<\/li>\n\n\n\n<li style=\"font-size:14px\">B\u00e4sta boutiquehotell (kommer snart)<\/li>\n\n\n\n<li style=\"font-size:14px\">B\u00e4sta hotell endast f\u00f6r vuxna (kommer snart)<\/li>\n\n\n\n<li style=\"font-size:14px\">B\u00e4sta all-inclusive-hotellen (kommer snart)<\/li>\n\n\n\n<li style=\"font-size:14px\">B\u00e4sta hotellen f\u00f6r familjer (kommer snart)<\/li>\n<\/ul>\n\n\n\n<p style=\"font-size:16px\"><strong>V\u00e4lj efter stad:<\/strong><\/p>\n\n\n\n<ul class=\"wp-block-list\">\n<li style=\"font-size:14px\"><a href=\"https:\/\/portugallovers.com\/sv\/var-kan-bo-lagos-basta-hotellen-stadsdelarna\/\" target=\"_blank\" rel=\"noreferrer noopener\">B\u00e4sta hotellen i Lagos<\/a><\/li>\n\n\n\n<li style=\"font-size:14px\"><a href=\"https:\/\/portugallovers.com\/sv\/var-kan-bo-portimao-basta-hotellen-stadsdelarna\/\" target=\"_blank\" rel=\"noreferrer noopener\">B\u00e4sta hotellen i Portimao<\/a><\/li>\n\n\n\n<li style=\"font-size:14px\"><a href=\"https:\/\/portugallovers.com\/sv\/var-kan-bo-albufeira-basta-hotellen-stadsdelarna\/\" target=\"_blank\" rel=\"noreferrer noopener\">B\u00e4sta hotellen i Albufeira<\/a><\/li>\n\n\n\n<li style=\"font-size:14px\"><a href=\"https:\/\/portugallovers.com\/sv\/var-kan-bo-faro-basta-hotellen-stadsdelarna\/\" target=\"_blank\" rel=\"noreferrer noopener\">B\u00e4sta hotellen i Faro<\/a><\/li>\n\n\n\n<li style=\"font-size:14px\">B\u00e4sta hotellen i Tavira (kommer snart)<\/li>\n<\/ul>\n<\/div>\n\n\n\n<div class=\"wp-block-column is-vertically-aligned-top planif-radius is-layout-flow wp-block-column-is-layout-flow\" style=\"flex-basis:40%\">\n<figure class=\"wp-block-image size-large img-portrait\"><img decoding=\"async\" src=\"https:\/\/photos.smugmug.com\/Portugal\/Algarve\/Lagos\/Hotels\/Palmares-Signature-Apartments\/i-ZRSrLjm\/0\/MDKjVhH8CnSwZP2crx5sRKSjtMmfhNvZtK92Cbm8H\/S\/Palmares-Signature-Apartments-S.jpg\" alt=\"Palmares Signature L&#xE4;genheter\" title=\"\"\/><\/figure>\n<\/div>\n<\/div>\n<\/div><\/div><\/div>\n\n<h2 class=\"wp-block-heading\">2. Vilda str\u00e4nder: Praia Do Camilo och Praia De Albandeira<\/h2>\n\n<figure class=\"wp-block-image size-large\"><img decoding=\"async\" src=\"https:\/\/photos.smugmug.com\/Portugal\/Algarve\/Lagos\/Praia-do-camilo-beach\/i-mBCDkq9\/1\/C4kb6dpx8MjbpQZSbbXdc4V3shVDTd2GD6mg8zcKf\/L\/praia_do_camilo_beach_IMG_0317-L.jpg\" alt=\"Strand\"\/><figcaption class=\"wp-element-caption\">Praia Do Camilo<\/figcaption><\/figure>\n\n<h3 class=\"wp-block-heading\">Varf\u00f6r bes\u00f6ka?<\/h3>\n\n<p>Under v\u00e5r vistelse uppt\u00e4ckte vi andra str\u00e4nder som var vildare men lika extraordin\u00e4ra. Vi gillade s\u00e4rskilt den lilla Camilo-stranden, med sin intima atmosf\u00e4r och pittoreska b\u00e5gar. Praia De Albandeira kommer ocks\u00e5 att tilltala fans av vackra landskap. Det \u00e4r en liten vik som skiljs \u00e5t av klippformationer som bildar 2 str\u00e4nder som smekas av v\u00e5gorna. L\u00e4s <a href=\"https:\/\/portugallovers.com\/sv\/basta-stranderna-algarve\/\" target=\"_blank\" rel=\"noreferrer noopener\">v\u00e5r dedikerade artikel<\/a> f\u00f6r att uppt\u00e4cka fler str\u00e4nder i Algarve!<\/p>\n\n<figure class=\"wp-block-image size-large\"><img decoding=\"async\" src=\"https:\/\/photos.smugmug.com\/Portugal\/Algarve\/Carvoeiro\/Praia-Da-Albandeira\/i-zrkDn8k\/1\/JczbwsFGcTSdhK3KNM6xXpNDczx9Hpms6VZnSNcD\/L\/Praia_Da_Albandeira_Beach_Portugal_IMG_5330-L.jpg\" alt=\"Praia De Albandeira\"\/><figcaption class=\"wp-element-caption\">Praia De Albandeira<\/figcaption><\/figure>\n\n<h3 class=\"wp-block-heading\">Praktiska r\u00e5d<\/h3>\n\n<ul class=\"wp-block-list\">\n<li>Praia Do Camilo 8 minuter fr\u00e5n Lagos centrum<\/li>\n\n\n\n<li>Praia De Albandeira 30 minuters bilresa fr\u00e5n Portimao och Albufeira<\/li>\n\n\n\n<li>Tillg\u00e5ngen till str\u00e4nderna \u00e4r brant och kr\u00e4ver viss promenad<\/li>\n\n\n\n<li>Ta med bra skor<\/li>\n\n\n\n<li>Parkeringshus<\/li>\n\n\n\n<li>N\u00e4rliggande restauranger<\/li>\n\n\n\n<li>Vid h\u00f6gvatten krymper sandstranden<\/li>\n<\/ul>\n\n<h2 class=\"wp-block-heading\">3. Ta dig till Benagil-grottorna<\/h2>\n\n<figure class=\"wp-block-image size-large\"><img decoding=\"async\" src=\"https:\/\/photos.smugmug.com\/Portugal\/Algarve\/Carvoeiro\/Benagil-sea-cave\/i-3KnVDzQ\/1\/DFLdD3sHC6TBzzBpgkZHB85w3GDkHmGBgKZPrhmZF\/L\/Algarve_Board_Trips_Benagil_Sea_Caves_Portugal_IMG_5112-L.jpg\" alt=\"Grottan\"\/><\/figure>\n\n<h3 class=\"wp-block-heading\">Varf\u00f6r bes\u00f6ka?<\/h3>\n\n<p>Vi blev imponerade av den extraordin\u00e4ra havsgrottan Grotte de Benagil. Tv\u00e5 ing\u00e5ngar i klipporna leder till en liten inre strand som kr\u00f6ns av en kupol som \u00e4r \u00f6ppen mot himlen och som v\u00e5rdas av v\u00e5gorna. Du kommer att bli f\u00f6rv\u00e5nad! Prova en <a href=\"https:\/\/www.getyourguide.se\/algarve-l66\/portimao-visite-de-la-grotte-de-benagil-en-hors-bord-t396968\/?partner_id=R3GYW4V&amp;cmp=portugal\" target=\"_blank\" rel=\"noreferrer noopener sponsored nofollow\">b\u00e5ttur<\/a> eller en <a href=\"https:\/\/www.getyourguide.se\/algarve-l66\/benagil-sortie-en-kayak-dans-les-grottes-t216270\/?partner_id=R3GYW4V&amp;cmp=portugal\" target=\"_blank\" rel=\"noreferrer noopener sponsored nofollow\">guidad kajaktur<\/a> (om havet \u00e4r lugnt). Du kanske till och med ser n\u00e5gra delfiner l\u00e4ngs v\u00e4gen. En nautisk aktivitet som du inte f\u00e5r missa! Fler alternativ f\u00f6r vattenbaserade turer i Benagil <a href=\"https:\/\/www.getyourguide.se\/benagil-l163460\/?partner_id=R3GYW4V&amp;cmp=portugal\" target=\"_blank\" rel=\"noreferrer noopener sponsored nofollow\">h\u00e4r<\/a>.<\/p>\n\n<figure class=\"wp-block-image size-large\"><img decoding=\"async\" src=\"https:\/\/photos.smugmug.com\/Portugal\/Algarve\/Carvoeiro\/Benagil-sea-cave\/i-Qdt4DXv\/1\/89j7ZHnVQVCRRQnLShdwDf9x2bfsNSzrMZjzgmk5\/L\/Algarve_Board_Trips_Benagil_Sea_Caves_Portugal_IMG_5193-L.jpg\" alt=\"Grottan\"\/><\/figure>\n\n<h3 class=\"wp-block-heading\">Praktiska r\u00e5d<\/h3>\n\n<ul class=\"wp-block-list\">\n<li>R\u00e4kna med mellan 1,5 och 2 timmar f\u00f6r b\u00e5t- eller kajakturen<\/li>\n\n\n\n<li>Pris f\u00f6r bes\u00f6ket beroende p\u00e5 vald tur mellan 30 och 50 euro<\/li>\n\n\n\n<li>30 minuters bilresa fr\u00e5n Portimao och Albufeira<\/li>\n\n\n\n<li>1 bar n\u00e4ra parkeringen vid Benagil-stranden<\/li>\n\n\n\n<li>Akta dig f\u00f6r havets kraft om du f\u00f6rs\u00f6ker simma d\u00e4r.<\/li>\n<\/ul>\n\n<div style=\"margin-top:8%;margin-bottom:8%\" class=\"wp-block-genesis-blocks-gb-container box gb-block-container\"><div class=\"gb-container-inside\"><div class=\"gb-container-content\">\n<div class=\"wp-block-columns inverse box_planif is-layout-flex wp-container-core-columns-is-layout-9d6595d7 wp-block-columns-is-layout-flex\">\n<div class=\"wp-block-column texte_planif is-layout-flow wp-block-column-is-layout-flow\" style=\"flex-basis:60%\">\n<h5 class=\"titre_box\" style=\"padding-top:10px;\">V\u00c5RA R\u00c5D F\u00d6R ATT HYRA EN BIL I <span class=\"titre_box_manuscrit\">Algarve<\/span><\/h5>\n\n\n\n<ul style=\"font-size:14px\" class=\"wp-block-list\">\n<li>J\u00e4mf\u00f6r priser p\u00e5 v\u00e5r f\u00f6redragna plattform: <a href=\"https:\/\/www.discovercars.com\/se\/portugal?a_aid=zigzag&amp;chan=portugal\" target=\"_blank\" rel=\"noreferrer noopener nofollow\">DiscoverCars<\/a> &#8211; en av de b\u00e4st rankade webbplatserna.<\/li>\n\n\n\n<li>Ta inte en bil som \u00e4r f\u00f6r bred, eftersom gamla st\u00e4der har smala gator och sm\u00e5 parkeringsplatser.<\/li>\n\n\n\n<li>F\u00f6r fler valm\u00f6jligheter, <strong>boka tidigt<\/strong>.<\/li>\n<\/ul>\n<\/div>\n\n\n\n<div class=\"wp-block-column planif-radius-2 is-layout-flow wp-block-column-is-layout-flow\">\n<figure class=\"wp-block-image size-large voiture_image\"><img decoding=\"async\" src=\"https:\/\/photos.smugmug.com\/Portugal\/Alentejo\/Drive-to-Monsaraz\/i-FSp7zR9\/1\/KM9CSqcTv9RvpgScjMPvDQZHt7sjJ9sbXqjD47JzQ\/S\/Portugal_IMG_4161-S.jpg\" alt=\"k&#xF6;rning i Portugal\"\/><\/figure>\n<\/div>\n<\/div>\n\n\n\n<div class=\"wp-block-columns planif_bouton is-layout-flex wp-container-core-columns-is-layout-9d6595d7 wp-block-columns-is-layout-flex\">\n<div class=\"wp-block-column is-vertically-aligned-top is-layout-flow wp-block-column-is-layout-flow\">\n<div class=\"wp-block-buttons is-content-justification-center is-layout-flex wp-container-core-buttons-is-layout-16018d1d wp-block-buttons-is-layout-flex\">\n<div class=\"wp-block-button\"><a class=\"wp-block-button__link has-white-color has-text-color wp-element-button\" href=\"https:\/\/www.discovercars.com\/se\/portugal?a_aid=zigzag&amp;amp;chan=portugal\" target=\"_blank\" rel=\"noreferrer noopener nofollow\">Se tillg\u00e4ngliga bilar &gt;&gt;<\/a><\/div>\n<\/div>\n<\/div>\n\n\n\n<div class=\"wp-block-column is-vertically-aligned-center is-layout-flow wp-block-column-is-layout-flow\">\n<p class=\"has-text-align-center\" style=\"font-size:16px\">L\u00e4s v\u00e5ra r\u00e5d (kommer snart)<\/p>\n<\/div>\n<\/div>\n<\/div><\/div><\/div>\n\n<h2 class=\"wp-block-heading\">4. Beundra Sagres fort och Cabo de Sao Vicente<\/h2>\n\n<figure class=\"wp-block-image size-large\"><img decoding=\"async\" src=\"https:\/\/photos.smugmug.com\/Portugal\/Algarve\/Sagres\/Fortaleza-de-Sagres\/i-KJRD6sP\/0\/DRKLHp44bFcJpKSjKMKM9wBb9VZnrXKK3t35S6gK3\/L\/Sagres_fortress_Portugal_IMG_6394-L.jpg\" alt=\"Fortet i Sagres\"\/><\/figure>\n\n<h3 class=\"wp-block-heading\">Varf\u00f6r bes\u00f6ka?<\/h3>\n\n<p>G\u00f6r som vi och bege dig till Portugals sydligaste spets och bes\u00f6k Sagres fort. Denna gamla f\u00e4stning vittnar om portugisernas uppt\u00e4cktsresor i Afrika p\u00e5 1400-talet. Dess imponerande silhuett mot havet kommer att imponera p\u00e5 dig. Vi nj\u00f6t ocks\u00e5 av utsikten \u00f6ver denna \u00e4nde av v\u00e4rlden fr\u00e5n Cap Saint-Vincent. Den vackra fyren och de h\u00f6ga klipporna bildar ett imponerande landskap.<\/p>\n\n<figure class=\"wp-block-image size-large\"><img decoding=\"async\" src=\"https:\/\/photos.smugmug.com\/Portugal\/Algarve\/Sagres\/Cabo-de-Sao-Vicente\/i-SXWjjNw\/0\/D77fkPLM2Dgdh35qBvVCjQvk9FfjcQtjncFpNvbBR\/L\/cabo_san_vicente_Portugal_IMG_6463-L.jpg\" alt=\"Cabo Vicente\"\/><\/figure>\n\n<h3 class=\"wp-block-heading\">Praktiska r\u00e5d<\/h3>\n\n<ul class=\"wp-block-list\">\n<li>Ber\u00e4kna 1 timme f\u00f6r att bes\u00f6ka varje plats<\/li>\n\n\n\n<li>L\u00e4tt att n\u00e5 till fots och med bil<\/li>\n\n\n\n<li>Parkeringsplats<\/li>\n\n\n\n<li>Intr\u00e4det till f\u00e4stningen kostar 3 euro<\/li>\n\n\n\n<li>Tiderna varierar mellan kl. 9.00 och 17.30 beroende p\u00e5 s\u00e4song<\/li>\n<\/ul>\n\n<h2 class=\"wp-block-heading\">5. Se solnedg\u00e5ngen vid Ponta Da Piedade<\/h2>\n\n<figure class=\"wp-block-image size-large\"><img decoding=\"async\" src=\"https:\/\/photos.smugmug.com\/Portugal\/Algarve\/Lagos\/Ponta-da-piedade\/i-sg8T2V7\/1\/DWLgHxp9prT62wzCZMrjjH8PRWGbHgFzRZ8XLtCzF\/L\/ponta_da_piedade_Algarve_Portugal_IMG_6319-L.jpg\" alt=\"Ponta da Piedade\"\/><\/figure>\n\n<h3 class=\"wp-block-heading\">Varf\u00f6r bes\u00f6ka?<\/h3>\n\n<p>Denna fantastiska udde \u00e4r v\u00e4l v\u00e4rd alla omv\u00e4xlingar! Vi blev \u00f6verv\u00e4ldigade av panoramat av klippor, b\u00e5gar och klippformationer. Platsen \u00e4r idealisk f\u00f6r branta promenader och ger tillg\u00e5ng till strandpromenaden och en utsikt \u00f6ver det enorma \u00f6verh\u00e4nget underifr\u00e5n. Vid solnedg\u00e5ngen \u00e4r utsikten \u00e4nnu vackrare. Missa inte detta unika landskap och dessa f\u00e4rger!<\/p>\n\n<figure class=\"wp-block-image size-large\"><img decoding=\"async\" src=\"https:\/\/photos.smugmug.com\/Portugal\/Algarve\/Lagos\/Sunset\/i-9FTshxh\/0\/DMckfZ7787zPMzCcHCMbkjGx6xRsfKD39kwGMZcKQ\/L\/algarve_IMG_0303-L.jpg\" alt=\"Solnedg&#xE5;ng\"\/><\/figure>\n\n<h3 class=\"wp-block-heading\">Praktiska r\u00e5d<\/h3>\n\n<ul class=\"wp-block-list\">\n<li>R\u00e4kna med 1 till 2 timmar f\u00f6r bes\u00f6ket<\/li>\n\n\n\n<li>Brant, brant tillfart<\/li>\n\n\n\n<li>Ta med bra skor<\/li>\n\n\n\n<li>Parkeringsplats<\/li>\n\n\n\n<li>Hisnande utsikt och fina promenader<\/li>\n<\/ul>\n\n<h2 class=\"wp-block-heading\">6. Bes\u00f6k v\u00e4stkusten och Praia De Odeceixe<\/h2>\n\n<figure class=\"wp-block-image size-large\"><img decoding=\"async\" src=\"https:\/\/photos.smugmug.com\/Portugal\/Algarve\/Praia-de-Odeceixe\/i-WM2Wrhw\/1\/CQMxZvWZTb5rQwbj2b7TzPRJMKFJ9WV6p8J6Lsfnc\/L\/Praia_de_Odeceixe_beach_Portugal_IMG_6637-L.jpg\" alt=\"Lagunen Praia De Odeceixe\"\/><figcaption class=\"wp-element-caption\">Lagunen Praia De Odeceixe<\/figcaption><\/figure>\n\n<h3 class=\"wp-block-heading\">Varf\u00f6r bes\u00f6ka?<\/h3>\n\n<p>Den vildare v\u00e4stkusten \u00e4r lite annorlunda \u00e4n den centrala Algarve. Vi \u00e4lskade det! Havet \u00e4r m\u00e4ktigare h\u00e4r och str\u00e4nderna kan vara enorma. Praia De Odeceixe l\u00e4mnade sitt avtryck p\u00e5 oss! Stranden ligger i en inre vik vid mynningen av en flod och skiljer sig fr\u00e5n de andra str\u00e4nderna i regionen med sin bl\u00e5 lagun som str\u00e4cker sig in\u00e5t landet.<\/p>\n\n<figure class=\"wp-block-image size-large\"><img decoding=\"async\" src=\"https:\/\/photos.smugmug.com\/Portugal\/Algarve\/Praia-de-Odeceixe\/i-6W2xFGZ\/1\/FQfsSpNsHvWm59zqBHbSFCSVfnCRgsKB6MFchdNN8\/L\/Praia_de_Odeceixe_beach_Portugal_IMG_6651-L.jpg\" alt=\"Praia De Odeceixe\"\/><figcaption class=\"wp-element-caption\">Praia De Odeceixe<\/figcaption><\/figure>\n\n<h3 class=\"wp-block-heading\">Praktiska r\u00e5d<\/h3>\n\n<ul class=\"wp-block-list\">\n<li>Enkel \u00e5tkomst till Praia De Odeceixe<\/li>\n\n\n\n<li>Parkeringsplats<\/li>\n\n\n\n<li>Toaletter och duschar n\u00e4ra stranden<\/li>\n\n\n\n<li>N\u00e4rliggande restauranger<\/li>\n<\/ul>\n\n<div style=\"background-color:#fefefe;margin-top:6%;margin-bottom:6%\" class=\"wp-block-genesis-blocks-gb-container box gb-block-container\"><div class=\"gb-container-inside\"><div class=\"gb-container-content\" style=\"max-width:700px\">\n<div class=\"wp-block-columns inverse is-layout-flex wp-container-core-columns-is-layout-9d6595d7 wp-block-columns-is-layout-flex\">\n<div class=\"wp-block-column texte_planif is-layout-flow wp-block-column-is-layout-flow\" style=\"flex-basis:58%\">\n<h5 class=\"titre_box\">LITE MER <span class=\"titre_box_manuscrit\">t\u00e5lamod<\/span><\/h5>\n\n\n\n<p style=\"font-size:14px\">Alla foton, kartor, information och anv\u00e4ndbara adresser som du beh\u00f6ver f\u00f6r att f\u00e5 ut det mesta av <strong>din vistelse i Portugal<\/strong> kommer <strong>snart<\/strong> att finnas tillg\u00e4ngliga i en enda e-bok!<\/p>\n\n\n\n<p style=\"font-size:14px\">Om du vill bli informerad n\u00e4r v\u00e5r <strong>guide till Portugal<\/strong> publiceras, v\u00e4nligen registrera dig:<\/p>\n\n\n<script>\nvar gform;gform||(document.addEventListener(\"gform_main_scripts_loaded\",function(){gform.scriptsLoaded=!0}),document.addEventListener(\"gform\/theme\/scripts_loaded\",function(){gform.themeScriptsLoaded=!0}),window.addEventListener(\"DOMContentLoaded\",function(){gform.domLoaded=!0}),gform={domLoaded:!1,scriptsLoaded:!1,themeScriptsLoaded:!1,isFormEditor:()=>\"function\"==typeof InitializeEditor,callIfLoaded:function(o){return!(!gform.domLoaded||!gform.scriptsLoaded||!gform.themeScriptsLoaded&&!gform.isFormEditor()||(gform.isFormEditor()&&console.warn(\"The use of gform.initializeOnLoaded() is deprecated in the form editor context and will be removed in Gravity Forms 3.1.\"),o(),0))},initializeOnLoaded:function(o){gform.callIfLoaded(o)||(document.addEventListener(\"gform_main_scripts_loaded\",()=>{gform.scriptsLoaded=!0,gform.callIfLoaded(o)}),document.addEventListener(\"gform\/theme\/scripts_loaded\",()=>{gform.themeScriptsLoaded=!0,gform.callIfLoaded(o)}),window.addEventListener(\"DOMContentLoaded\",()=>{gform.domLoaded=!0,gform.callIfLoaded(o)}))},hooks:{action:{},filter:{}},addAction:function(o,r,e,t){gform.addHook(\"action\",o,r,e,t)},addFilter:function(o,r,e,t){gform.addHook(\"filter\",o,r,e,t)},doAction:function(o){gform.doHook(\"action\",o,arguments)},applyFilters:function(o){return gform.doHook(\"filter\",o,arguments)},removeAction:function(o,r){gform.removeHook(\"action\",o,r)},removeFilter:function(o,r,e){gform.removeHook(\"filter\",o,r,e)},addHook:function(o,r,e,t,n){null==gform.hooks[o][r]&&(gform.hooks[o][r]=[]);var d=gform.hooks[o][r];null==n&&(n=r+\"_\"+d.length),gform.hooks[o][r].push({tag:n,callable:e,priority:t=null==t?10:t})},doHook:function(r,o,e){var t;if(e=Array.prototype.slice.call(e,1),null!=gform.hooks[r][o]&&((o=gform.hooks[r][o]).sort(function(o,r){return o.priority-r.priority}),o.forEach(function(o){\"function\"!=typeof(t=o.callable)&&(t=window[t]),\"action\"==r?t.apply(null,e):e[0]=t.apply(null,e)})),\"filter\"==r)return e[0]},removeHook:function(o,r,t,n){var e;null!=gform.hooks[o][r]&&(e=(e=gform.hooks[o][r]).filter(function(o,r,e){return!!(null!=n&&n!=o.tag||null!=t&&t!=o.priority)}),gform.hooks[o][r]=e)}});\n<\/script>\n\n                <div class='gf_browser_gecko gform_wrapper gform-theme gform-theme--foundation gform-theme--framework gform-theme--orbital' data-form-theme='orbital' data-form-index='0' id='gform_wrapper_2' ><style>#gform_wrapper_2[data-form-index=\"0\"].gform-theme,[data-parent-form=\"2_0\"]{--gf-color-primary: #204ce5;--gf-color-primary-rgb: 32, 76, 229;--gf-color-primary-contrast: #fff;--gf-color-primary-contrast-rgb: 255, 255, 255;--gf-color-primary-darker: #001AB3;--gf-color-primary-lighter: #527EFF;--gf-color-secondary: #fff;--gf-color-secondary-rgb: 255, 255, 255;--gf-color-secondary-contrast: #112337;--gf-color-secondary-contrast-rgb: 17, 35, 55;--gf-color-secondary-darker: #F5F5F5;--gf-color-secondary-lighter: #FFFFFF;--gf-color-out-ctrl-light: rgba(17, 35, 55, 0.1);--gf-color-out-ctrl-light-rgb: 17, 35, 55;--gf-color-out-ctrl-light-darker: rgba(104, 110, 119, 0.35);--gf-color-out-ctrl-light-lighter: #F5F5F5;--gf-color-out-ctrl-dark: #585e6a;--gf-color-out-ctrl-dark-rgb: 88, 94, 106;--gf-color-out-ctrl-dark-darker: #112337;--gf-color-out-ctrl-dark-lighter: rgba(17, 35, 55, 0.65);--gf-color-in-ctrl: #fff;--gf-color-in-ctrl-rgb: 255, 255, 255;--gf-color-in-ctrl-contrast: #112337;--gf-color-in-ctrl-contrast-rgb: 17, 35, 55;--gf-color-in-ctrl-darker: #F5F5F5;--gf-color-in-ctrl-lighter: #FFFFFF;--gf-color-in-ctrl-primary: #204ce5;--gf-color-in-ctrl-primary-rgb: 32, 76, 229;--gf-color-in-ctrl-primary-contrast: #fff;--gf-color-in-ctrl-primary-contrast-rgb: 255, 255, 255;--gf-color-in-ctrl-primary-darker: #001AB3;--gf-color-in-ctrl-primary-lighter: #527EFF;--gf-color-in-ctrl-light: rgba(17, 35, 55, 0.1);--gf-color-in-ctrl-light-rgb: 17, 35, 55;--gf-color-in-ctrl-light-darker: rgba(104, 110, 119, 0.35);--gf-color-in-ctrl-light-lighter: #F5F5F5;--gf-color-in-ctrl-dark: #585e6a;--gf-color-in-ctrl-dark-rgb: 88, 94, 106;--gf-color-in-ctrl-dark-darker: #112337;--gf-color-in-ctrl-dark-lighter: rgba(17, 35, 55, 0.65);--gf-radius: 3px;--gf-font-size-secondary: 14px;--gf-font-size-tertiary: 13px;--gf-icon-ctrl-number: url(\"data:image\/svg+xml,%3Csvg width='8' height='14' viewBox='0 0 8 14' fill='none' xmlns='http:\/\/www.w3.org\/2000\/svg'%3E%3Cpath fill-rule='evenodd' clip-rule='evenodd' d='M4 0C4.26522 5.96046e-08 4.51957 0.105357 4.70711 0.292893L7.70711 3.29289C8.09763 3.68342 8.09763 4.31658 7.70711 4.70711C7.31658 5.09763 6.68342 5.09763 6.29289 4.70711L4 2.41421L1.70711 4.70711C1.31658 5.09763 0.683417 5.09763 0.292893 4.70711C-0.0976311 4.31658 -0.097631 3.68342 0.292893 3.29289L3.29289 0.292893C3.48043 0.105357 3.73478 0 4 0ZM0.292893 9.29289C0.683417 8.90237 1.31658 8.90237 1.70711 9.29289L4 11.5858L6.29289 9.29289C6.68342 8.90237 7.31658 8.90237 7.70711 9.29289C8.09763 9.68342 8.09763 10.3166 7.70711 10.7071L4.70711 13.7071C4.31658 14.0976 3.68342 14.0976 3.29289 13.7071L0.292893 10.7071C-0.0976311 10.3166 -0.0976311 9.68342 0.292893 9.29289Z' fill='rgba(17, 35, 55, 0.65)'\/%3E%3C\/svg%3E\");--gf-icon-ctrl-select: url(\"data:image\/svg+xml,%3Csvg width='10' height='6' viewBox='0 0 10 6' fill='none' xmlns='http:\/\/www.w3.org\/2000\/svg'%3E%3Cpath fill-rule='evenodd' clip-rule='evenodd' d='M0.292893 0.292893C0.683417 -0.097631 1.31658 -0.097631 1.70711 0.292893L5 3.58579L8.29289 0.292893C8.68342 -0.0976311 9.31658 -0.0976311 9.70711 0.292893C10.0976 0.683417 10.0976 1.31658 9.70711 1.70711L5.70711 5.70711C5.31658 6.09763 4.68342 6.09763 4.29289 5.70711L0.292893 1.70711C-0.0976311 1.31658 -0.0976311 0.683418 0.292893 0.292893Z' fill='rgba(17, 35, 55, 0.65)'\/%3E%3C\/svg%3E\");--gf-icon-ctrl-search: url(\"data:image\/svg+xml,%3Csvg width='640' height='640' xmlns='http:\/\/www.w3.org\/2000\/svg'%3E%3Cpath d='M256 128c-70.692 0-128 57.308-128 128 0 70.691 57.308 128 128 128 70.691 0 128-57.309 128-128 0-70.692-57.309-128-128-128zM64 256c0-106.039 85.961-192 192-192s192 85.961 192 192c0 41.466-13.146 79.863-35.498 111.248l154.125 154.125c12.496 12.496 12.496 32.758 0 45.254s-32.758 12.496-45.254 0L367.248 412.502C335.862 434.854 297.467 448 256 448c-106.039 0-192-85.962-192-192z' fill='rgba(17, 35, 55, 0.65)'\/%3E%3C\/svg%3E\");--gf-label-space-y-secondary: var(--gf-label-space-y-md-secondary);--gf-ctrl-border-color: #686e77;--gf-ctrl-size: var(--gf-ctrl-size-md);--gf-ctrl-label-color-primary: #112337;--gf-ctrl-label-color-secondary: #112337;--gf-ctrl-choice-size: var(--gf-ctrl-choice-size-md);--gf-ctrl-checkbox-check-size: var(--gf-ctrl-checkbox-check-size-md);--gf-ctrl-radio-check-size: var(--gf-ctrl-radio-check-size-md);--gf-ctrl-btn-font-size: var(--gf-ctrl-btn-font-size-md);--gf-ctrl-btn-padding-x: var(--gf-ctrl-btn-padding-x-md);--gf-ctrl-btn-size: var(--gf-ctrl-btn-size-md);--gf-ctrl-btn-border-color-secondary: #686e77;--gf-ctrl-file-btn-bg-color-hover: #EBEBEB;--gf-field-img-choice-size: var(--gf-field-img-choice-size-md);--gf-field-img-choice-card-space: var(--gf-field-img-choice-card-space-md);--gf-field-img-choice-check-ind-size: var(--gf-field-img-choice-check-ind-size-md);--gf-field-img-choice-check-ind-icon-size: var(--gf-field-img-choice-check-ind-icon-size-md);--gf-field-pg-steps-number-color: rgba(17, 35, 55, 0.8);}<\/style><form method='post' enctype='multipart\/form-data'  id='gform_2'  action='\/sv\/wp-json\/wp\/v2\/posts\/441' data-formid='2' novalidate> \r\n <input type='hidden' class='gforms-pum' value='{\"closepopup\":false,\"closedelay\":0,\"openpopup\":false,\"openpopup_id\":0}' \/>\n                        <div class='gform-body gform_body'><div id='gform_fields_2' class='gform_fields top_label form_sublabel_below description_below validation_below'><div id=\"field_2_3\" class=\"gfield gfield--type-website gfield--input-type-website field_sublabel_below gfield--no-description field_description_below field_validation_below gfield_visibility_hidden\"  ><div class=\"admin-hidden-markup\"><i class=\"gform-icon gform-icon--hidden\" aria-hidden=\"true\" title=\"Detta f\u00e4lt \u00e4r dolt n\u00e4r formul\u00e4ret visas\"><\/i><span>Detta f\u00e4lt \u00e4r dolt n\u00e4r formul\u00e4ret visas<\/span><\/div><label class='gfield_label gform-field-label' for='input_2_3'>Webbplats<\/label><div class='ginput_container ginput_container_website'>\n                    <input name='input_3' id='input_2_3' type='url' value='https:\/\/portugallovers.com\/sv\/wp-json\/wp\/v2\/posts\/441' class='large'    placeholder='https:\/\/'  aria-invalid=\"false\" \/>\n                <\/div><\/div><div id=\"field_2_6\" class=\"gfield gfield--type-email gfield--input-type-email gfield--width-full field_sublabel_below gfield--no-description field_description_below hidden_label field_validation_below gfield_visibility_visible\"  ><label class='gfield_label gform-field-label' for='input_2_6'>e-post<\/label><div class='ginput_container ginput_container_email'>\n                            <input name='input_6' id='input_2_6' type='email' value='' class='large'     aria-invalid=\"false\"  \/>\n                        <\/div><\/div><fieldset id=\"field_2_5\" class=\"gfield gfield--type-checkbox gfield--type-choice gfield--input-type-checkbox gfield--width-full field_sublabel_below gfield--no-description field_description_below hidden_label field_validation_below gfield_visibility_visible\"  ><legend class='gfield_label gform-field-label gfield_label_before_complex' >Godk\u00e4nnande<\/legend><div class='ginput_container ginput_container_checkbox'><div class='gfield_checkbox ' id='input_2_5'><div class='gchoice gchoice_2_5_1'>\n\t\t\t\t\t\t\t\t<input class='gfield-choice-input' name='input_5.1' type='checkbox'  value='Jag samtycker till att f\u00e5 ett e-postmeddelande n\u00e4r guiden kommer ut'  id='choice_2_5_1'   \/>\n\t\t\t\t\t\t\t\t<label for='choice_2_5_1' id='label_2_5_1' class='gform-field-label gform-field-label--type-inline'>Jag samtycker till att f\u00e5 ett e-postmeddelande n\u00e4r guiden kommer ut<\/label>\n\t\t\t\t\t\t\t<\/div><\/div><\/div><\/fieldset><\/div><\/div>\n        <div class='gform-footer gform_footer top_label'> <input type='submit' id='gform_submit_button_2' class='gform_button button' onclick='gform.submission.handleButtonClick(this);' data-submission-type='submit' value='Skicka'  \/> \n            <input type='hidden' class='gform_hidden' name='gform_submission_method' data-js='gform_submission_method_2' value='postback' \/>\n            <input type='hidden' class='gform_hidden' name='gform_theme' data-js='gform_theme_2' id='gform_theme_2' value='orbital' \/>\n            <input type='hidden' class='gform_hidden' name='gform_style_settings' data-js='gform_style_settings_2' id='gform_style_settings_2' value='{&quot;inputPrimaryColor&quot;:&quot;#204ce5&quot;}' \/>\n            <input type='hidden' class='gform_hidden' name='is_submit_2' value='1' \/>\n            <input type='hidden' class='gform_hidden' name='gform_submit' value='2' \/>\n            \n            <input type='hidden' class='gform_hidden' name='gform_currency' data-currency='EUR' value='Fmhg9+pjbv+pIpfTTKmhDGF4UwPdpAOwdc9mT9E0OI75nkQqo2rk4wFYszc5Ub73RezGg1GthzaK5nz77gAmFYTU\/Z4pY4pDwwD4B5vRYeJyPns=' \/>\n            <input type='hidden' class='gform_hidden' name='gform_unique_id' value='' \/>\n            <input type='hidden' class='gform_hidden' name='state_2' value='WyJ7XCI1LjFcIjpcIjczNWZjMjVkMDBmNjIyMTQ3MDM1ZDFjMzlhNDQxYmI2XCJ9IiwiZTYwYWVhNzdlOTRkM2I2NzE2YjEwZTIzZGJlYTFkNTgiXQ==' \/>\n            <input type='hidden' autocomplete='off' class='gform_hidden' name='gform_target_page_number_2' id='gform_target_page_number_2' value='0' \/>\n            <input type='hidden' autocomplete='off' class='gform_hidden' name='gform_source_page_number_2' id='gform_source_page_number_2' value='1' \/>\n            <input type='hidden' name='gform_field_values' value='' \/>\n            \n        <\/div>\n                        <\/form>\n                        <\/div><script>\ngform.initializeOnLoaded( function() {gformInitSpinner( 2, 'https:\/\/portugallovers.com\/wp-content\/plugins\/gravityforms\/images\/spinner.svg', false );jQuery('#gform_ajax_frame_2').on('load',function(){var contents = jQuery(this).contents().find('*').html();var is_postback = contents.indexOf('GF_AJAX_POSTBACK') >= 0;if(!is_postback){return;}var form_content = jQuery(this).contents().find('#gform_wrapper_2');var is_confirmation = jQuery(this).contents().find('#gform_confirmation_wrapper_2').length > 0;var is_redirect = contents.indexOf('gformRedirect(){') >= 0;var is_form = form_content.length > 0 && ! is_redirect && ! is_confirmation;var mt = parseInt(jQuery('html').css('margin-top'), 10) + parseInt(jQuery('body').css('margin-top'), 10) + 100;if(is_form){jQuery('#gform_wrapper_2').html(form_content.html());if(form_content.hasClass('gform_validation_error')){jQuery('#gform_wrapper_2').addClass('gform_validation_error');} else {jQuery('#gform_wrapper_2').removeClass('gform_validation_error');}setTimeout( function() { \/* delay the scroll by 50 milliseconds to fix a bug in chrome *\/  }, 50 );if(window['gformInitDatepicker']) {gformInitDatepicker();}if(window['gformInitPriceFields']) {gformInitPriceFields();}var current_page = jQuery('#gform_source_page_number_2').val();gformInitSpinner( 2, 'https:\/\/portugallovers.com\/wp-content\/plugins\/gravityforms\/images\/spinner.svg', false );jQuery(document).trigger('gform_page_loaded', [2, current_page]);window['gf_submitting_2'] = false;}else if(!is_redirect){var confirmation_content = jQuery(this).contents().find('.GF_AJAX_POSTBACK').html();if(!confirmation_content){confirmation_content = contents;}jQuery('#gform_wrapper_2').replaceWith(confirmation_content);jQuery(document).trigger('gform_confirmation_loaded', [2]);window['gf_submitting_2'] = false;wp.a11y.speak(jQuery('#gform_confirmation_message_2').text());}else{jQuery('#gform_2').append(contents);if(window['gformRedirect']) {gformRedirect();}}jQuery(document).trigger(\"gform_pre_post_render\", [{ formId: \"2\", currentPage: \"current_page\", abort: function() { this.preventDefault(); } }]);        if (event && event.defaultPrevented) {                return;        }        const gformWrapperDiv = document.getElementById( \"gform_wrapper_2\" );        if ( gformWrapperDiv ) {            const visibilitySpan = document.createElement( \"span\" );            visibilitySpan.id = \"gform_visibility_test_2\";            gformWrapperDiv.insertAdjacentElement( \"afterend\", visibilitySpan );        }        const visibilityTestDiv = document.getElementById( \"gform_visibility_test_2\" );        let postRenderFired = false;        function triggerPostRender() {            if ( postRenderFired ) {                return;            }            postRenderFired = true;            gform.core.triggerPostRenderEvents( 2, current_page );            if ( visibilityTestDiv ) {                visibilityTestDiv.parentNode.removeChild( visibilityTestDiv );            }        }        function debounce( func, wait, immediate ) {            var timeout;            return function() {                var context = this, args = arguments;                var later = function() {                    timeout = null;                    if ( !immediate ) func.apply( context, args );                };                var callNow = immediate && !timeout;                clearTimeout( timeout );                timeout = setTimeout( later, wait );                if ( callNow ) func.apply( context, args );            };        }        const debouncedTriggerPostRender = debounce( function() {            triggerPostRender();        }, 200 );        if ( visibilityTestDiv && visibilityTestDiv.offsetParent === null ) {            const observer = new MutationObserver( ( mutations ) => {                mutations.forEach( ( mutation ) => {                    if ( mutation.type === 'attributes' && visibilityTestDiv.offsetParent !== null ) {                        debouncedTriggerPostRender();                        observer.disconnect();                    }                });            });            observer.observe( document.body, {                attributes: true,                childList: false,                subtree: true,                attributeFilter: [ 'style', 'class' ],            });        } else {            triggerPostRender();        }    } );} );\n<\/script>\n<\/div>\n\n\n\n<div class=\"wp-block-column is-layout-flow wp-block-column-is-layout-flow\" style=\"flex-basis:42%\">\n<div class=\"wp-block-genesis-blocks-gb-container ebook-radius-waitlist gb-block-container\"><div class=\"gb-container-inside\"><div class=\"gb-container-content\"><div class=\"wp-block-image ebook-image\">\n<figure class=\"aligncenter size-large\"><img decoding=\"async\" src=\"https:\/\/loirelovers.fr\/wp-content\/uploads\/2023\/03\/ebooks_CorseNormandie_FR.png\" alt=\"Box Ebook Korsika FR\"\/><\/figure>\n<\/div><\/div><\/div><\/div>\n<\/div>\n<\/div>\n<\/div><\/div><\/div>\n\n<h2 class=\"wp-block-heading\">7. Strosa runt i Lagos och njut av dess nattliv<\/h2>\n\n<figure class=\"wp-block-image size-large\"><img decoding=\"async\" src=\"https:\/\/photos.smugmug.com\/Portugal\/Algarve\/Lagos\/Town\/i-kStt3MB\/0\/8QvkPMHtN5tqz8FgJLhDFVDT8DG8NspWHRQ85st4\/L\/algarve_Portugal_IMG_6125-L.jpg\" alt=\"Lagos\"\/><\/figure>\n\n<h3 class=\"wp-block-heading\">Varf\u00f6r bes\u00f6ka?<\/h3>\n\n<p>Vi tyckte att den historiska stadsk\u00e4rnan i Lagos var mycket tilltalande. Den gamla muromg\u00e4rdade staden \u00e4r v\u00e4l v\u00e4rd ett bes\u00f6k! Det \u00e4r en trevlig plats att promenera p\u00e5 och k\u00e4nna av stadens liv och r\u00f6relse. En m\u00e4ngd barer och restauranger g\u00f6r det till en popul\u00e4r destination f\u00f6r nattlivet. Kom och njut av en cocktail eller, som vi, ta en promenad genom de charmiga sm\u00e5 gatorna.<\/p>\n\n<figure class=\"wp-block-image size-large\"><img decoding=\"async\" src=\"https:\/\/photos.smugmug.com\/Portugal\/Algarve\/Lagos\/Town\/i-dGPvLqv\/0\/DHP5nTb6THLXZmdqK4GHHJjQKgnGGQ8CNJVHV8SQv\/L\/algarve-lagos-L.jpg\" alt=\"Lagos\"\/><\/figure>\n\n<h3 class=\"wp-block-heading\">Praktiska r\u00e5d<\/h3>\n\n<ul class=\"wp-block-list\">\n<li>R\u00e4kna med 1 timme f\u00f6r att bes\u00f6ka den historiska stadsk\u00e4rnan<\/li>\n\n\n\n<li>Enkel \u00e5tkomst med bil<\/li>\n\n\n\n<li>Parkeringshus<\/li>\n\n\n\n<li>M\u00e5nga restauranger och barer<\/li>\n\n\n\n<li><a href=\"https:\/\/portugallovers.com\/sv\/sevardheter-lagos-att-gora\/\" target=\"_blank\" rel=\"noreferrer noopener\">Se de popul\u00e4raste sev\u00e4rdheterna i Lagos<\/a><\/li>\n<\/ul>\n\n<h2 class=\"wp-block-heading\">8. Njut av badorten Portimao<\/h2>\n\n<figure class=\"wp-block-image size-large\"><img decoding=\"async\" src=\"https:\/\/photos.smugmug.com\/Portugal\/Algarve\/Portimao\/Praia-do-Tres-Castelos\/i-tTwz4Vj\/0\/DK6MPfMx93K9bJ8zmqTgwsf2CvFSg4gHpzDJTjS6h\/L\/Praia_dos_tres_castelos_beach_Portugal_IMG_5879-L.jpg\" alt=\"Strand\"\/><figcaption class=\"wp-element-caption\">Praia Dos Tres Castelos<\/figcaption><\/figure>\n\n<h3 class=\"wp-block-heading\">Varf\u00f6r bes\u00f6ka?<\/h3>\n\n<p>Portimao ligger n\u00e4ra fantastiska str\u00e4nder och \u00e4r en av Algarves badorter som m\u00e5ste bes\u00f6kas. Vi hittade alla m\u00f6jliga turisttj\u00e4nster h\u00e4r. Strand, golf, resorthotell och m\u00e5nga andra \u00f6verraskningar v\u00e4ntar p\u00e5 dig i denna stad vid havet. Du kan ocks\u00e5 dra nytta av de m\u00e5nga vattensporter som finns tillg\u00e4ngliga fr\u00e5n Portimao. <a href=\"https:\/\/www.getyourguide.se\/portimao-l2091\/?partner_id=R3GYW4V&amp;cmp=portugal\" target=\"_blank\" rel=\"noreferrer noopener sponsored nofollow\">Massor av id\u00e9er h\u00e4r<\/a>!<\/p>\n\n<figure class=\"wp-block-image size-large\"><img decoding=\"async\" src=\"https:\/\/photos.smugmug.com\/Portugal\/Algarve\/Portimao\/Praia-da-Rocha\/i-6K4CGjt\/0\/CCBMW97BvpLdSRnxCQrTHwgnPNbZd58jZ6zkFSgqX\/L\/Praia_da_rocha_beach_Portugal_IMG_5874-L.jpg\" alt=\"Strand\"\/><figcaption class=\"wp-element-caption\">Portimao och Praia Da Roca<\/figcaption><\/figure>\n\n<h3 class=\"wp-block-heading\">Praktiska r\u00e5d<\/h3>\n\n<ul class=\"wp-block-list\">\n<li>Enkel \u00e5tkomst med bil<\/li>\n\n\n\n<li>Parkeringshus<\/li>\n\n\n\n<li>Restauranger och barer<\/li>\n\n\n\n<li>Hotell p\u00e5 semesterorter<\/li>\n\n\n\n<li>Str\u00e4nder n\u00e4ra stadsk\u00e4rnan<\/li>\n\n\n\n<li><a href=\"https:\/\/portugallovers.com\/sv\/sevardheter-portimao-att-gora\/\" target=\"_blank\" rel=\"noreferrer noopener\">Se de popul\u00e4raste sev\u00e4rdheterna i Portimao<\/a><\/li>\n<\/ul>\n\n<h2 class=\"wp-block-heading\">9. Albufeira och dess magnifika str\u00e4nder<\/h2>\n\n<figure class=\"wp-block-image size-large\"><img decoding=\"async\" src=\"https:\/\/photos.smugmug.com\/Portugal\/Algarve\/Albufeira\/Praia-dos-arrifes\/i-bS75PL4\/1\/jQ9Z6jNZ5d8hNfXx8B3s8NF2wmBxkmVkLHq2q9TQ\/L\/Praia_dos_arrifes_beach-13-L.jpg\" alt=\"Strand\"\/><figcaption class=\"wp-element-caption\">Praia Dos Arrifes<\/figcaption><\/figure>\n\n<h3 class=\"wp-block-heading\">Varf\u00f6r bes\u00f6ka?<\/h3>\n\n<p>Albufeira, som delvis \u00e4r byggt p\u00e5 klippor, \u00e4r en av Algarves huvudst\u00e4der. Vi nj\u00f6t av att promenera genom de smala gatorna med sina vita hus, typiska f\u00f6r s\u00f6dra Portugal. Vackra str\u00e4nder finns i utkanten av staden. Praia Dos Arrifes, till exempel, stod ut f\u00f6r sina 3 stora klippformationer. Fr\u00e5n Albufeira kan du ocks\u00e5 ge dig ut p\u00e5 ett \u00e4ventyr med b\u00e5t och <a href=\"https:\/\/www.getyourguide.se\/algarve-l66\/d-albufeira-croisiere-de-25-h-avec-grottes-et-dauphins-t109039\/?partner_id=R3GYW4V&amp;cmp=portugal\" target=\"_blank\" rel=\"noreferrer noopener sponsored nofollow\">f\u00f6rs\u00f6ka uppt\u00e4cka delfiner<\/a> eller \u00e5ka <a href=\"https:\/\/www.getyourguide.se\/algarve-l66\/albufeira-parachute-ascensionnel-simple-double-ou-triple-t72482\/?partner_id=R3GYW4V&amp;cmp=portugal\" target=\"_blank\" rel=\"noreferrer noopener sponsored nofollow\">parasailing<\/a> p\u00e5 vattnet!<\/p>\n\n<figure class=\"wp-block-image size-large\"><img decoding=\"async\" src=\"https:\/\/photos.smugmug.com\/Portugal\/Algarve\/Albufeira\/Praia-da-Gale\/i-bdnnVzH\/1\/CSZsSN4hZSC3sNVjvchKmdjZrmDG5jZknST7mm9cm\/L\/Praia_da_gale_beach_algarve_Portugal_IMG_5432-L.jpg\" alt=\"Strand\"\/><figcaption class=\"wp-element-caption\">Praia Da Gale<\/figcaption><\/figure>\n\n<h3 class=\"wp-block-heading\">Praktiska r\u00e5d<\/h3>\n\n<ul class=\"wp-block-list\">\n<li>Enkel \u00e5tkomst med bil<\/li>\n\n\n\n<li>Parkeringshus<\/li>\n\n\n\n<li>Restauranger och barer<\/li>\n\n\n\n<li>Str\u00e4nder n\u00e4ra stadsk\u00e4rnan<\/li>\n\n\n\n<li><a href=\"https:\/\/portugallovers.com\/sv\/basta-stranderna-albufeira\/\" target=\"_blank\" rel=\"noreferrer noopener\">Se de vackraste str\u00e4nderna runt Albufeira<\/a><\/li>\n<\/ul>\n\n<h2 class=\"wp-block-heading\">10. Bes\u00f6k den vita staden Tavira<\/h2>\n\n<figure class=\"wp-block-image size-large\"><img decoding=\"async\" src=\"https:\/\/photos.smugmug.com\/Portugal\/Algarve\/Tavira\/Town-Tavira\/i-LW4Rc9G\/0\/CfdQWJRx4cHqg9qKLM7dhKLtw9vWN4C9vhjPJdxZk\/L\/Tavira_Portugal_IMG_4823-L.jpg\" alt=\"Tavira\"\/><\/figure>\n\n<h3 class=\"wp-block-heading\">Varf\u00f6r bes\u00f6ka?<\/h3>\n\n<p>Tavira ligger l\u00e4ngre \u00f6sterut i Algarve och \u00e4r enligt v\u00e5r mening en vacker stad som korsas av en flod som rinner ut i havet. Vi gillade de vackra broarna som g\u00e5r \u00f6ver staden och den typiska portugisiska arkitekturen. Vita v\u00e4ggar, utskjutande tak och f\u00e4rgglada motiv p\u00e5 husfasaderna. Dess slott \u00e4r ocks\u00e5 v\u00e4l v\u00e4rt ett bes\u00f6k! Staden ligger ocks\u00e5 n\u00e4ra n\u00e5gra magnifika str\u00e4nder. Den perfekta platsen f\u00f6r att tillbringa din semester i solen!<\/p>\n\n<figure class=\"wp-block-image size-large\"><img decoding=\"async\" src=\"https:\/\/photos.smugmug.com\/Portugal\/Algarve\/Tavira\/Town-Tavira\/i-Wx3SBzS\/0\/Cjm6prmkhzS4BLsxkwWV2RNTdtf2ZDxGc5sVsCk2r\/L\/Tavira_Portugal_IMG_4820-L.jpg\" alt=\"Tavira\"\/><\/figure>\n\n<h3 class=\"wp-block-heading\">Praktiska r\u00e5d<\/h3>\n\n<ul class=\"wp-block-list\">\n<li>Enkel \u00e5tkomst med bil<\/li>\n\n\n\n<li>Parkeringshus<\/li>\n\n\n\n<li>Restauranger och barer<\/li>\n\n\n\n<li><a href=\"https:\/\/www.getyourguide.se\/tavira-l1239\/?partner_id=R3GYW4V&amp;cmp=portugal\" target=\"_blank\" rel=\"noreferrer noopener sponsored nofollow\">Turer med jeep<\/a><\/li>\n\n\n\n<li>Str\u00e4nder n\u00e4ra stadsk\u00e4rnan<\/li>\n<\/ul>\n\n<h2 class=\"wp-block-heading\">11. Promenad genom byn Ferrugado<\/h2>\n\n<figure class=\"wp-block-image size-large\"><img decoding=\"async\" src=\"https:\/\/photos.smugmug.com\/Portugal\/Algarve\/Ferragudo\/View-village\/i-q8MfVSb\/0\/FPWX9dPGSRg3QJmNXN5prhJLV42x4zNSM6nL94xsg\/L\/Ferragudo_algarve_IMG_0294-L.jpg\" alt=\"Byn\"\/><\/figure>\n\n<h3 class=\"wp-block-heading\">Varf\u00f6r bes\u00f6ka?<\/h3>\n\n<p>Vi blev f\u00f6rtjusta i denna mycket vackra kustby mittemot Portimao! Dess ockraf\u00e4rgade slott och stenf\u00e4stning \u00e4r fyllda av historia. Vandra l\u00e4ngs de smala gatorna i centrum och f\u00f6rdjupa dig i Algarve! H\u00e4r \u00e4r det ocks\u00e5 n\u00e4ra till n\u00e5gra av regionens vackraste str\u00e4nder, som Praia Dos Tres Castelos.<\/p>\n\n<figure class=\"wp-block-image size-large\"><img decoding=\"async\" src=\"https:\/\/photos.smugmug.com\/Portugal\/Algarve\/Ferragudo\/View-village\/i-2fDftfz\/0\/D8ZVfqbqgT8SGd5vffv2zTLwP9XHzwNWNnNkqSSgB\/L\/algarve_Portugal_IMG_6083-L.jpg\" alt=\"Byn\"\/><\/figure>\n\n<h3 class=\"wp-block-heading\">Praktiska r\u00e5d<\/h3>\n\n<ul class=\"wp-block-list\">\n<li>30 minuter fr\u00e5n Portimao med bil<\/li>\n\n\n\n<li>R\u00e4kna med 1 timme f\u00f6r att bes\u00f6ka byn<\/li>\n\n\n\n<li>Enkel \u00e5tkomst med bil<\/li>\n\n\n\n<li>Parkeringshus<\/li>\n\n\n\n<li>Restauranger<\/li>\n\n\n\n<li><a href=\"https:\/\/portugallovers.com\/sv\/sevardheter-byn-ferragudo-besok\/\" target=\"_blank\" rel=\"noreferrer noopener\">Se fler bilder fr\u00e5n byn<\/a><\/li>\n<\/ul>\n\n<h2 class=\"wp-block-heading\">12. Beundra fyren Alfanzina och dess klippor<\/h2>\n\n<figure class=\"wp-block-image size-large\"><img decoding=\"async\" src=\"https:\/\/photos.smugmug.com\/Portugal\/Algarve\/Carvoeiro\/Alfanzina\/i-4gd3nF4\/1\/jj55MfmPqxWLFCD5R8Hgk6xqrwr2Zd6Gmgd3b4b9\/L\/Cave_Lafanzina_Portugal_IMG_5807-L.jpg\" alt=\"H&#xE5;l\"\/><\/figure>\n\n<h3 class=\"wp-block-heading\">Varf\u00f6r bes\u00f6ka?<\/h3>\n\n<p>Detta landm\u00e4rke f\u00f6r seglare ligger p\u00e5 en vacker udde. Vi \u00e4lskade utsikten \u00f6ver det omgivande omr\u00e5det och havet! Klipporna \u00e4r magnifika. Deras varma f\u00e4rger kontrasterar mot havets djupbl\u00e5 f\u00e4rg. Vi blev ocks\u00e5 imponerade av de enorma h\u00e5l som sjunker ner i kustens inre. Du kan ocks\u00e5 se en liten strand med gyllene sand och en havsgrotta som sk\u00f6ljs av v\u00e5gorna nedanf\u00f6r.<\/p>\n\n<figure class=\"wp-block-image size-large\"><img decoding=\"async\" src=\"https:\/\/photos.smugmug.com\/Portugal\/Algarve\/Carvoeiro\/Alfanzina\/i-Tt5tP4X\/1\/DngMtwTGhQT2nQPv4z8Cf6LFVfhfTFTZQPgFsHrt5\/L\/Lafanzina_Portugal_IMG_5798-L.jpg\" alt=\"Vid havet\"\/><\/figure>\n\n<h3 class=\"wp-block-heading\">Praktiska r\u00e5d<\/h3>\n\n<ul class=\"wp-block-list\">\n<li>15 minuter fr\u00e5n Carvoeiro<\/li>\n\n\n\n<li>R\u00e4kna med 30 minuter till 1 timme f\u00f6r bes\u00f6ket<\/li>\n\n\n\n<li>N\u00e4rliggande parkeringsplats<\/li>\n\n\n\n<li>Ta med bra skor<\/li>\n\n\n\n<li>Magnifik panorama<\/li>\n<\/ul>\n\n<h2 class=\"wp-block-heading\">13. Bes\u00f6k Faros historiska stadsk\u00e4rna och naturparken Ria Formosa<\/h2>\n\n<figure class=\"wp-block-image size-large\"><img decoding=\"async\" src=\"https:\/\/photos.smugmug.com\/Portugal\/Algarve\/Faro\/Ria-formosa-excursion\/i-QBPm2Mj\/1\/LDc6qzMDM5LthDfr3WDHhVpxQGJ94QGB9DM4xNBh9\/L\/faro-ria-formosa-boat-excursion-026-L.jpg\" alt=\"Ria Formosa\"\/><\/figure>\n\n<h3 class=\"wp-block-heading\">Varf\u00f6r bes\u00f6ka?<\/h3>\n\n<p>Huvudstaden i Algarve, Faro, ligger n\u00e5got in\u00e5t landet. Regionens internationella flygplats ligger h\u00e4r. Staden ligger intill den enorma stranden Vale Do Lobo, d\u00e4r vi \u00e4lskade att promenera! Klippornas intensiva orange f\u00e4rg passar utm\u00e4rkt ihop med den blonda sanden och det bl\u00e5 vattnet. Naturparken Ria Formosa gr\u00e4nsar ocks\u00e5 till staden. H\u00e4r kan du uppt\u00e4cka en extraordin\u00e4r naturmilj\u00f6 och ett rikt djurliv.<\/p>\n\n<figure class=\"wp-block-image size-large\"><img decoding=\"async\" src=\"https:\/\/photos.smugmug.com\/Portugal\/Algarve\/Faro\/Vale-do-Lobo\/i-JrpZt3N\/1\/Dg5svHq2kPmkXjWPt7qgPmdL98HxtRTBm4KRTmGPZ\/L\/Praia_de_Vale_do_Lobo_Beach_Portugal_IMG_4962-L.jpg\" alt=\"Strand\"\/><figcaption class=\"wp-element-caption\">Vale Do Lobo strand<\/figcaption><\/figure>\n\n<h3 class=\"wp-block-heading\">Praktiska r\u00e5d<\/h3>\n\n<ul class=\"wp-block-list\">\n<li>1 timmes bilresa fr\u00e5n Portimao<\/li>\n\n\n\n<li>Hem till en internationell flygplats<\/li>\n\n\n\n<li><a href=\"https:\/\/www.getyourguide.se\/faro-l1238\/?partner_id=R3GYW4V&amp;cmp=portugal\" target=\"_blank\" rel=\"noreferrer noopener sponsored nofollow\">B\u00e5tturer med avg\u00e5ng fr\u00e5n staden<\/a><\/li>\n\n\n\n<li>N\u00e4ra Vale de Lobo<\/li>\n<\/ul>\n\n<p><a href=\"https:\/\/portugallovers.com\/sv\/sevardheter-faro-att-gora\/\" target=\"_blank\" rel=\"noreferrer noopener\">Se Faros fr\u00e4msta sev\u00e4rdheter<\/a> och ta reda p\u00e5 mer om <a href=\"https:\/\/portugallovers.com\/sv\/naturreservat-ria-formosa-faro\/\" target=\"_blank\" rel=\"noreferrer noopener\">Ria Formosa<\/a>.<\/p>\n\n<h2 class=\"wp-block-heading\">14. Testa vattensportaktiviteter och b\u00e5tturer<\/h2>\n\n<figure class=\"wp-block-image size-large\"><img decoding=\"async\" src=\"https:\/\/photos.smugmug.com\/Portugal\/Algarve\/Carvoeiro\/Benagil-sea-cave\/i-djKNzcq\/1\/FWFdvzMx29QgQ4T8cMg8ph3JBF8TckQD2Zz33X5gC\/L\/Algarve_Board_Trips_Benagil_Sea_Caves_Portugal_IMG_5107-L.jpg\" alt=\"B&#xE5;tar\"\/><\/figure>\n\n<h3 class=\"wp-block-heading\">Varf\u00f6r testa?<\/h3>\n\n<p>I Algarve kan du njuta av en m\u00e4ngd olika havsbaserade aktiviteter! Vi \u00e4lskade v\u00e5r b\u00e5ttur, ett riktigt \u00e4ventyr p\u00e5 vattnet d\u00e4r vi uppt\u00e4ckte grottorna l\u00e4ngs kusten. Om du ocks\u00e5 vill utforska regionen p\u00e5 havet, h\u00e4r \u00e4r n\u00e5gra id\u00e9er f\u00f6r vattenbaserade aktiviteter:<\/p>\n\n<ul class=\"wp-block-list\">\n<li>Ta en <a href=\"https:\/\/www.getyourguide.se\/algarve-l66\/portimao-visite-de-la-grotte-de-benagil-en-hors-bord-t396968\/?partner_id=R3GYW4V&amp;cmp=portugal\" target=\"_blank\" rel=\"noreferrer noopener sponsored nofollow\">b\u00e5ttur<\/a> till Benagil-grottorna!<\/li>\n\n\n\n<li>Ta en <a href=\"https:\/\/www.getyourguide.se\/algarve-l66\/benagil-sortie-en-kayak-dans-les-grottes-t216270\/?partner_id=R3GYW4V&amp;cmp=portugal\" target=\"_blank\" rel=\"noreferrer noopener sponsored nofollow\">guidad kajaktur<\/a> (om havet \u00e4r lugnt).<\/li>\n\n\n\n<li>F\u00f6rs\u00f6k att uppt\u00e4cka delfiner p\u00e5 denna <a href=\"https:\/\/www.getyourguide.se\/algarve-l66\/d-albufeira-croisiere-de-25-h-avec-grottes-et-dauphins-t109039\/?partner_id=R3GYW4V&amp;cmp=portugal\" target=\"_blank\" rel=\"noreferrer noopener sponsored nofollow\">havsresa<\/a>!<\/li>\n\n\n\n<li>Fler val av vattenbaserade turer <a href=\"https:\/\/www.getyourguide.se\/algarve-l66\/?partner_id=R3GYW4V&amp;cmp=portugal\" target=\"_blank\" rel=\"noreferrer noopener sponsored nofollow\">h\u00e4r<\/a>.<\/li>\n<\/ul>\n\n<figure class=\"wp-block-image size-large\"><img decoding=\"async\" src=\"https:\/\/photos.smugmug.com\/Portugal\/Algarve\/Carvoeiro\/Benagil-sea-cave\/i-LkWPcLD\/1\/3RnNTqRV3Xfs3Q4sQpdNVrGLfvjX9KjbMq4DL2HR\/L\/Algarve_Board_Trips_Benagil_Sea_Caves_Portugal_IMG_5232-L.jpg\" alt=\"Havsresa\"\/><\/figure>\n\n<h3 class=\"wp-block-heading\">Praktiska r\u00e5d<\/h3>\n\n<ul class=\"wp-block-list\">\n<li>Ta med sportkl\u00e4der och l\u00e4mpliga skor<\/li>\n\n\n\n<li>Turer som avg\u00e5r fr\u00e5n flera st\u00e4der: Portimao, Albufeira, Faro<\/li>\n\n\n\n<li>Boka<a href=\"https:\/\/www.getyourguide.se\/algarve-l66\/?partner_id=R3GYW4V&amp;cmp=portugal\" target=\"_blank\" rel=\"noreferrer noopener sponsored nofollow\"> dina aktiviteter<\/a> i f\u00f6rv\u00e4g!<\/li>\n<\/ul>\n\n<h2 class=\"wp-block-heading\">15. P\u00e5 v\u00e4g in\u00e5t landet<\/h2>\n\n<figure class=\"wp-block-image size-large\"><img decoding=\"async\" src=\"https:\/\/photos.smugmug.com\/Portugal\/Algarve\/Odeleite-Lake\/i-zNtJvTw\/0\/CPwWJvwSpM2TSH2mCPh7Kk2NVf5CdjCG7MQcbHGQT\/L\/Odeleite_Algarve_Portugal_IMG_4770-L.jpg\" alt=\"sj&#xF6;\"\/><figcaption class=\"wp-element-caption\">Odeleitsj\u00f6n<\/figcaption><\/figure>\n\n<h3 class=\"wp-block-heading\">Varf\u00f6r bes\u00f6ka?<\/h3>\n\n<p>Algarve \u00e4r allt om havet, men det handlar ocks\u00e5 om landet! Med sina b\u00f6ljande gr\u00f6na kullar och vidstr\u00e4ckta skogar \u00e4r inlandet lika vackert. Vi bes\u00f6kte den lilla bergsstaden Monchique och byn Silves med sitt slott. Du kan ocks\u00e5 uppt\u00e4cka floder och sj\u00f6ar. Sj\u00f6arna Odeleite och Odiaxere \u00e4r ett m\u00e5ste med sina fantastiska f\u00e4rger och orange \u00f6ar!<\/p>\n\n<figure class=\"wp-block-image size-large\"><img decoding=\"async\" src=\"https:\/\/photos.smugmug.com\/Portugal\/Algarve\/Monchique\/i-FPKXzPq\/0\/CmXWwpk5wjqqFFTTZ5dp57ChQ4tswXv9N9jhfq2xf\/L\/Portugal_IMG_6571-L.jpg\" alt=\"Byn\"\/><figcaption class=\"wp-element-caption\">Byn Monchique<\/figcaption><\/figure>\n\n<h3 class=\"wp-block-heading\">Praktiska r\u00e5d<\/h3>\n\n<ul class=\"wp-block-list\">\n<li>Till\u00e5t 1 dags bes\u00f6k<\/li>\n\n\n\n<li>F\u00f6redrar att resa med bil<\/li>\n\n\n\n<li>Ta med bra skor om du vill utforska byar och skogar<\/li>\n<\/ul>\n\n<div style=\"background-color:#fefefe;margin-top:6%;margin-bottom:6%\" class=\"wp-block-genesis-blocks-gb-container box gb-block-container\"><div class=\"gb-container-inside\"><div class=\"gb-container-content\" style=\"max-width:700px\">\n<div class=\"wp-block-columns inverse is-layout-flex wp-container-core-columns-is-layout-9d6595d7 wp-block-columns-is-layout-flex\">\n<div class=\"wp-block-column texte_planif is-layout-flow wp-block-column-is-layout-flow\" style=\"flex-basis:58%\">\n<h5 class=\"titre_box\">Ta emot v\u00e5rt <span class=\"titre_box_manuscrit\">nyhetsbrev<\/span><\/h5>\n\n\n\n<ul class=\"wp-block-list\">\n<li>En frisk fl\u00e4kt i ditt dagliga liv p\u00e5 de vackra destinationerna i Region Lovers!<\/li>\n\n\n\n<li>En g\u00e5ng i m\u00e5naden<\/li>\n\n\n\n<li>Reklamfri<\/li>\n<\/ul>\n\n\n\n                <div class='gf_browser_gecko gform_wrapper gform-theme gform-theme--foundation gform-theme--framework gform-theme--orbital' data-form-theme='orbital' data-form-index='0' id='gform_wrapper_3' ><style>#gform_wrapper_3[data-form-index=\"0\"].gform-theme,[data-parent-form=\"3_0\"]{--gf-color-primary: #204ce5;--gf-color-primary-rgb: 32, 76, 229;--gf-color-primary-contrast: #fff;--gf-color-primary-contrast-rgb: 255, 255, 255;--gf-color-primary-darker: #001AB3;--gf-color-primary-lighter: #527EFF;--gf-color-secondary: #fff;--gf-color-secondary-rgb: 255, 255, 255;--gf-color-secondary-contrast: #112337;--gf-color-secondary-contrast-rgb: 17, 35, 55;--gf-color-secondary-darker: #F5F5F5;--gf-color-secondary-lighter: #FFFFFF;--gf-color-out-ctrl-light: rgba(17, 35, 55, 0.1);--gf-color-out-ctrl-light-rgb: 17, 35, 55;--gf-color-out-ctrl-light-darker: rgba(104, 110, 119, 0.35);--gf-color-out-ctrl-light-lighter: #F5F5F5;--gf-color-out-ctrl-dark: #585e6a;--gf-color-out-ctrl-dark-rgb: 88, 94, 106;--gf-color-out-ctrl-dark-darker: #112337;--gf-color-out-ctrl-dark-lighter: rgba(17, 35, 55, 0.65);--gf-color-in-ctrl: #fff;--gf-color-in-ctrl-rgb: 255, 255, 255;--gf-color-in-ctrl-contrast: #112337;--gf-color-in-ctrl-contrast-rgb: 17, 35, 55;--gf-color-in-ctrl-darker: #F5F5F5;--gf-color-in-ctrl-lighter: #FFFFFF;--gf-color-in-ctrl-primary: #204ce5;--gf-color-in-ctrl-primary-rgb: 32, 76, 229;--gf-color-in-ctrl-primary-contrast: #fff;--gf-color-in-ctrl-primary-contrast-rgb: 255, 255, 255;--gf-color-in-ctrl-primary-darker: #001AB3;--gf-color-in-ctrl-primary-lighter: #527EFF;--gf-color-in-ctrl-light: rgba(17, 35, 55, 0.1);--gf-color-in-ctrl-light-rgb: 17, 35, 55;--gf-color-in-ctrl-light-darker: rgba(104, 110, 119, 0.35);--gf-color-in-ctrl-light-lighter: #F5F5F5;--gf-color-in-ctrl-dark: #585e6a;--gf-color-in-ctrl-dark-rgb: 88, 94, 106;--gf-color-in-ctrl-dark-darker: #112337;--gf-color-in-ctrl-dark-lighter: rgba(17, 35, 55, 0.65);--gf-radius: 3px;--gf-font-size-secondary: 14px;--gf-font-size-tertiary: 13px;--gf-icon-ctrl-number: url(\"data:image\/svg+xml,%3Csvg width='8' height='14' viewBox='0 0 8 14' fill='none' xmlns='http:\/\/www.w3.org\/2000\/svg'%3E%3Cpath fill-rule='evenodd' clip-rule='evenodd' d='M4 0C4.26522 5.96046e-08 4.51957 0.105357 4.70711 0.292893L7.70711 3.29289C8.09763 3.68342 8.09763 4.31658 7.70711 4.70711C7.31658 5.09763 6.68342 5.09763 6.29289 4.70711L4 2.41421L1.70711 4.70711C1.31658 5.09763 0.683417 5.09763 0.292893 4.70711C-0.0976311 4.31658 -0.097631 3.68342 0.292893 3.29289L3.29289 0.292893C3.48043 0.105357 3.73478 0 4 0ZM0.292893 9.29289C0.683417 8.90237 1.31658 8.90237 1.70711 9.29289L4 11.5858L6.29289 9.29289C6.68342 8.90237 7.31658 8.90237 7.70711 9.29289C8.09763 9.68342 8.09763 10.3166 7.70711 10.7071L4.70711 13.7071C4.31658 14.0976 3.68342 14.0976 3.29289 13.7071L0.292893 10.7071C-0.0976311 10.3166 -0.0976311 9.68342 0.292893 9.29289Z' fill='rgba(17, 35, 55, 0.65)'\/%3E%3C\/svg%3E\");--gf-icon-ctrl-select: url(\"data:image\/svg+xml,%3Csvg width='10' height='6' viewBox='0 0 10 6' fill='none' xmlns='http:\/\/www.w3.org\/2000\/svg'%3E%3Cpath fill-rule='evenodd' clip-rule='evenodd' d='M0.292893 0.292893C0.683417 -0.097631 1.31658 -0.097631 1.70711 0.292893L5 3.58579L8.29289 0.292893C8.68342 -0.0976311 9.31658 -0.0976311 9.70711 0.292893C10.0976 0.683417 10.0976 1.31658 9.70711 1.70711L5.70711 5.70711C5.31658 6.09763 4.68342 6.09763 4.29289 5.70711L0.292893 1.70711C-0.0976311 1.31658 -0.0976311 0.683418 0.292893 0.292893Z' fill='rgba(17, 35, 55, 0.65)'\/%3E%3C\/svg%3E\");--gf-icon-ctrl-search: url(\"data:image\/svg+xml,%3Csvg width='640' height='640' xmlns='http:\/\/www.w3.org\/2000\/svg'%3E%3Cpath d='M256 128c-70.692 0-128 57.308-128 128 0 70.691 57.308 128 128 128 70.691 0 128-57.309 128-128 0-70.692-57.309-128-128-128zM64 256c0-106.039 85.961-192 192-192s192 85.961 192 192c0 41.466-13.146 79.863-35.498 111.248l154.125 154.125c12.496 12.496 12.496 32.758 0 45.254s-32.758 12.496-45.254 0L367.248 412.502C335.862 434.854 297.467 448 256 448c-106.039 0-192-85.962-192-192z' fill='rgba(17, 35, 55, 0.65)'\/%3E%3C\/svg%3E\");--gf-label-space-y-secondary: var(--gf-label-space-y-md-secondary);--gf-ctrl-border-color: #686e77;--gf-ctrl-size: var(--gf-ctrl-size-md);--gf-ctrl-label-color-primary: #112337;--gf-ctrl-label-color-secondary: #112337;--gf-ctrl-choice-size: var(--gf-ctrl-choice-size-md);--gf-ctrl-checkbox-check-size: var(--gf-ctrl-checkbox-check-size-md);--gf-ctrl-radio-check-size: var(--gf-ctrl-radio-check-size-md);--gf-ctrl-btn-font-size: var(--gf-ctrl-btn-font-size-md);--gf-ctrl-btn-padding-x: var(--gf-ctrl-btn-padding-x-md);--gf-ctrl-btn-size: var(--gf-ctrl-btn-size-md);--gf-ctrl-btn-border-color-secondary: #686e77;--gf-ctrl-file-btn-bg-color-hover: #EBEBEB;--gf-field-img-choice-size: var(--gf-field-img-choice-size-md);--gf-field-img-choice-card-space: var(--gf-field-img-choice-card-space-md);--gf-field-img-choice-check-ind-size: var(--gf-field-img-choice-check-ind-size-md);--gf-field-img-choice-check-ind-icon-size: var(--gf-field-img-choice-check-ind-icon-size-md);--gf-field-pg-steps-number-color: rgba(17, 35, 55, 0.8);}<\/style>\n                        <div class='gform_heading'>\n                            <p class='gform_description'><\/p>\n                        <\/div><form method='post' enctype='multipart\/form-data'  id='gform_3'  action='\/sv\/wp-json\/wp\/v2\/posts\/441' data-formid='3' novalidate> \r\n <input type='hidden' class='gforms-pum' value='{\"closepopup\":false,\"closedelay\":0,\"openpopup\":false,\"openpopup_id\":0}' \/>\n                        <div class='gform-body gform_body'><div id='gform_fields_3' class='gform_fields top_label form_sublabel_below description_below validation_below'><div id=\"field_3_1\" class=\"gfield gfield--type-email gfield--input-type-email gfield_contains_required field_sublabel_below gfield--no-description field_description_below hidden_label field_validation_below gfield_visibility_visible\"  ><label class='gfield_label gform-field-label' for='input_3_1'>E-post<span class=\"gfield_required\"><span class=\"gfield_required gfield_required_text\">(Obligatoriskt)<\/span><\/span><\/label><div class='ginput_container ginput_container_email'>\n                            <input name='input_1' id='input_3_1' type='email' value='' class='large'    aria-required=\"true\" aria-invalid=\"false\"  \/>\n                        <\/div><\/div><fieldset id=\"field_3_3\" class=\"gfield gfield--type-consent gfield--type-choice gfield--input-type-consent gfield--width-full gfield_contains_required field_sublabel_below gfield--no-description field_description_below hidden_label field_validation_below gfield_visibility_visible\"  ><legend class='gfield_label gform-field-label gfield_label_before_complex' >RGPD<span class=\"gfield_required\"><span class=\"gfield_required gfield_required_text\">(Obligatoriskt)<\/span><\/span><\/legend><div class='ginput_container ginput_container_consent'><input name='input_3.1' id='input_3_3_1' type='checkbox' value='1'   aria-required=\"true\" aria-invalid=\"false\"   \/> <label class=\"gform-field-label gform-field-label--type-inline gfield_consent_label\" for='input_3_3_1' >Ja, jag vill prenumerera p\u00e5 det m\u00e5natliga nyhetsbrevet<span class=\"gfield_required gfield_required_text\">(Obligatoriskt)<\/span><\/label><input type='hidden' name='input_3.2' value='Ja, jag vill prenumerera p\u00e5 det m\u00e5natliga nyhetsbrevet' class='gform_hidden' \/><input type='hidden' name='input_3.3' value='1' class='gform_hidden' \/><\/div><\/fieldset><div id=\"field_3_4\" class=\"gfield gfield--type-website gfield--input-type-website gfield--width-full field_sublabel_below gfield--no-description field_description_below field_validation_below gfield_visibility_hidden\"  ><div class=\"admin-hidden-markup\"><i class=\"gform-icon gform-icon--hidden\" aria-hidden=\"true\" title=\"Detta f\u00e4lt \u00e4r dolt n\u00e4r formul\u00e4ret visas\"><\/i><span>Detta f\u00e4lt \u00e4r dolt n\u00e4r formul\u00e4ret visas<\/span><\/div><label class='gfield_label gform-field-label' for='input_3_4'>Webbplats<\/label><div class='ginput_container ginput_container_website'>\n                    <input name='input_4' id='input_3_4' type='url' value='https:\/\/portugallovers.com\/sv\/wp-json\/wp\/v2\/posts\/441' class='large'    placeholder='https:\/\/'  aria-invalid=\"false\" \/>\n                <\/div><\/div><\/div><\/div>\n        <div class='gform-footer gform_footer top_label'> <input type='submit' id='gform_submit_button_3' class='gform_button button' onclick='gform.submission.handleButtonClick(this);' data-submission-type='submit' value='Skicka'  \/> \n            <input type='hidden' class='gform_hidden' name='gform_submission_method' data-js='gform_submission_method_3' value='postback' \/>\n            <input type='hidden' class='gform_hidden' name='gform_theme' data-js='gform_theme_3' id='gform_theme_3' value='orbital' \/>\n            <input type='hidden' class='gform_hidden' name='gform_style_settings' data-js='gform_style_settings_3' id='gform_style_settings_3' value='{&quot;inputPrimaryColor&quot;:&quot;#204ce5&quot;}' \/>\n            <input type='hidden' class='gform_hidden' name='is_submit_3' value='1' \/>\n            <input type='hidden' class='gform_hidden' name='gform_submit' value='3' \/>\n            \n            <input type='hidden' class='gform_hidden' name='gform_currency' data-currency='EUR' value='7j7d4yOAXLiZEDhTmgH+e59e7hq+g\/JWz6AWbREPRkA3h6vmNAUr+I\/VCmoBLxvH+H66SudiVIynAs6LtCvQj2IIUXvGD09kg9hNA2WsWYxftj4=' \/>\n            <input type='hidden' class='gform_hidden' name='gform_unique_id' value='' \/>\n            <input type='hidden' class='gform_hidden' name='state_3' value='WyJ7XCIzLjFcIjpcImQxZWE2ZjAxYTlmOGIwNTgzN2MzOTNkZmYyNzA4M2FjXCIsXCIzLjJcIjpcIjYxZjM3ODFkNTE5N2FlNmEyMjU1NmZkY2ViZmVjYTg3XCIsXCIzLjNcIjpcImQxZWE2ZjAxYTlmOGIwNTgzN2MzOTNkZmYyNzA4M2FjXCJ9IiwiM2UyNDI2NGZlMmZkMzIxYWY4MGYwZTU4YjdiMzdjMWUiXQ==' \/>\n            <input type='hidden' autocomplete='off' class='gform_hidden' name='gform_target_page_number_3' id='gform_target_page_number_3' value='0' \/>\n            <input type='hidden' autocomplete='off' class='gform_hidden' name='gform_source_page_number_3' id='gform_source_page_number_3' value='1' \/>\n            <input type='hidden' name='gform_field_values' value='' \/>\n            \n        <\/div>\n                        <\/form>\n                        <\/div><script>\ngform.initializeOnLoaded( function() {gformInitSpinner( 3, 'https:\/\/portugallovers.com\/wp-content\/plugins\/gravityforms\/images\/spinner.svg', false );jQuery('#gform_ajax_frame_3').on('load',function(){var contents = jQuery(this).contents().find('*').html();var is_postback = contents.indexOf('GF_AJAX_POSTBACK') >= 0;if(!is_postback){return;}var form_content = jQuery(this).contents().find('#gform_wrapper_3');var is_confirmation = jQuery(this).contents().find('#gform_confirmation_wrapper_3').length > 0;var is_redirect = contents.indexOf('gformRedirect(){') >= 0;var is_form = form_content.length > 0 && ! is_redirect && ! is_confirmation;var mt = parseInt(jQuery('html').css('margin-top'), 10) + parseInt(jQuery('body').css('margin-top'), 10) + 100;if(is_form){jQuery('#gform_wrapper_3').html(form_content.html());if(form_content.hasClass('gform_validation_error')){jQuery('#gform_wrapper_3').addClass('gform_validation_error');} else {jQuery('#gform_wrapper_3').removeClass('gform_validation_error');}setTimeout( function() { \/* delay the scroll by 50 milliseconds to fix a bug in chrome *\/  }, 50 );if(window['gformInitDatepicker']) {gformInitDatepicker();}if(window['gformInitPriceFields']) {gformInitPriceFields();}var current_page = jQuery('#gform_source_page_number_3').val();gformInitSpinner( 3, 'https:\/\/portugallovers.com\/wp-content\/plugins\/gravityforms\/images\/spinner.svg', false );jQuery(document).trigger('gform_page_loaded', [3, current_page]);window['gf_submitting_3'] = false;}else if(!is_redirect){var confirmation_content = jQuery(this).contents().find('.GF_AJAX_POSTBACK').html();if(!confirmation_content){confirmation_content = contents;}jQuery('#gform_wrapper_3').replaceWith(confirmation_content);jQuery(document).trigger('gform_confirmation_loaded', [3]);window['gf_submitting_3'] = false;wp.a11y.speak(jQuery('#gform_confirmation_message_3').text());}else{jQuery('#gform_3').append(contents);if(window['gformRedirect']) {gformRedirect();}}jQuery(document).trigger(\"gform_pre_post_render\", [{ formId: \"3\", currentPage: \"current_page\", abort: function() { this.preventDefault(); } }]);        if (event && event.defaultPrevented) {                return;        }        const gformWrapperDiv = document.getElementById( \"gform_wrapper_3\" );        if ( gformWrapperDiv ) {            const visibilitySpan = document.createElement( \"span\" );            visibilitySpan.id = \"gform_visibility_test_3\";            gformWrapperDiv.insertAdjacentElement( \"afterend\", visibilitySpan );        }        const visibilityTestDiv = document.getElementById( \"gform_visibility_test_3\" );        let postRenderFired = false;        function triggerPostRender() {            if ( postRenderFired ) {                return;            }            postRenderFired = true;            gform.core.triggerPostRenderEvents( 3, current_page );            if ( visibilityTestDiv ) {                visibilityTestDiv.parentNode.removeChild( visibilityTestDiv );            }        }        function debounce( func, wait, immediate ) {            var timeout;            return function() {                var context = this, args = arguments;                var later = function() {                    timeout = null;                    if ( !immediate ) func.apply( context, args );                };                var callNow = immediate && !timeout;                clearTimeout( timeout );                timeout = setTimeout( later, wait );                if ( callNow ) func.apply( context, args );            };        }        const debouncedTriggerPostRender = debounce( function() {            triggerPostRender();        }, 200 );        if ( visibilityTestDiv && visibilityTestDiv.offsetParent === null ) {            const observer = new MutationObserver( ( mutations ) => {                mutations.forEach( ( mutation ) => {                    if ( mutation.type === 'attributes' && visibilityTestDiv.offsetParent !== null ) {                        debouncedTriggerPostRender();                        observer.disconnect();                    }                });            });            observer.observe( document.body, {                attributes: true,                childList: false,                subtree: true,                attributeFilter: [ 'style', 'class' ],            });        } else {            triggerPostRender();        }    } );} );\n<\/script>\n<\/div>\n\n\n\n<div class=\"wp-block-column is-layout-flow wp-block-column-is-layout-flow\" style=\"flex-basis:42%\">\n<div class=\"wp-block-genesis-blocks-gb-container aligncenter newsletter-radius gb-block-container\"><div class=\"gb-container-inside\"><div class=\"gb-container-content\"><div class=\"wp-block-image newsletter-image\">\n<figure class=\"aligncenter size-full\"><img decoding=\"async\" src=\"https:\/\/canarias-lovers.com\/wp-content\/uploads\/2024\/06\/newsletter_FR_2.png\" alt=\"Nyhetsbrev\" class=\"wp-image-1181\"\/><\/figure>\n<\/div><\/div><\/div><\/div>\n<\/div>\n<\/div>\n<\/div><\/div><\/div>\n\n<h2 class=\"wp-block-heading\">Sev\u00e4rdheter i Algarve: andra id\u00e9er<\/h2>\n\n<h3 class=\"wp-block-heading\">Andra platser att bes\u00f6ka i Algarve<\/h3>\n\n<p>Det finns m\u00e5nga andra sp\u00e4nnande platser att uppt\u00e4cka i Algarve:<\/p>\n\n<ul class=\"wp-block-list\">\n<li>Saltgruvan Sal Gema i Loul\u00e9<\/li>\n\n\n\n<li>Klippformationen Algar Seco vid kusten<\/li>\n\n\n\n<li>Castro Marim Fort<\/li>\n\n\n\n<li>Klipporna vid Torre de Aspa<\/li>\n\n\n\n<li>De romerska ruinerna av Cerro Vila<\/li>\n<\/ul>\n\n<figure class=\"wp-block-image size-large\"><img decoding=\"async\" src=\"https:\/\/photos.smugmug.com\/Portugal\/Algarve\/Carvoeiro\/Algar-seco\/i-bdVmRBz\/1\/DtXwpqX6VTmPCRpdfsCZ3NHhHwBL5ZHPWwMfDRQG7\/L\/algar_seco_algarve_Portugal_IMG_5860-L.jpg\" alt=\"Algar Seco\"\/><figcaption class=\"wp-element-caption\">Algar Seco<\/figcaption><\/figure>\n\n<h3 class=\"wp-block-heading\">Andra str\u00e4nder i Algarve<\/h3>\n\n<p>Algarve \u00e4r hem f\u00f6r m\u00e5nga str\u00e4nder, varav m\u00e5nga \u00e4r v\u00e4l v\u00e4rda ett bes\u00f6k. F\u00f6rutom de som n\u00e4mns tidigare i artikeln tyckte vi ocks\u00e5 mycket om Praia Dona Ana, Praia Dos Arrifes och Praia Dos Castelos. Du hittar alla v\u00e5ra favoritstr\u00e4nder i v\u00e5r <a href=\"https:\/\/portugallovers.com\/sv\/basta-stranderna-algarve\/\" target=\"_blank\" rel=\"noreferrer noopener\">s\u00e4rskilda artikel h\u00e4r<\/a>.<\/p>\n\n<figure class=\"wp-block-image size-large\"><img decoding=\"async\" src=\"https:\/\/photos.smugmug.com\/Portugal\/Algarve\/Albufeira\/Praia-de-Sao-Rafael\/i-d4kXZ5c\/1\/CQLG9FjNGvmsMgCXbBVMTFz6cJ4RrbW4D8VpqcnpW\/L\/Praia_de_Sao_Rafael_Beach_Portugal_IMG_5638-L.jpg\" alt=\"Strand\"\/><figcaption class=\"wp-element-caption\">Praia De Sao Rafael<\/figcaption><\/figure>\n\n<h3 class=\"wp-block-heading\">Sev\u00e4rdheter i Algarve med barn<\/h3>\n\n<p>F\u00f6rutom stranddagar och sandslott finns det massor av aktiviteter att g\u00f6ra med barn i Algarve:<\/p>\n\n<ul class=\"wp-block-list\">\n<li>Ta en <a href=\"https:\/\/www.getyourguide.se\/s\/?q=Algarve+bateau&amp;searchSource=3?partner_id=R3GYW4V&amp;cmp=portugal\" target=\"_blank\" rel=\"noreferrer noopener sponsored nofollow\">b\u00e5ttur<\/a> precis som vi gjorde f\u00f6r att underh\u00e5lla hela familjen!<\/li>\n\n\n\n<li>Varf\u00f6r inte prova p\u00e5 att k\u00f6ra <a href=\"https:\/\/www.getyourguide.se\/algarve-l66\/albufeira-circuit-en-quad-tout-terrain-90-minutes-t315472\/?ranking_uuid=135c16c3-0ae2-4f67-88d0-2430b61ae333?partner_id=R3GYW4V&amp;cmp=portugal\" target=\"_blank\" rel=\"noreferrer noopener sponsored nofollow\">fyrhjuling<\/a>?<\/li>\n\n\n\n<li>Uppt\u00e4ck Tavira p\u00e5 det <a href=\"https:\/\/www.getyourguide.se\/algarve-l66\/visite-de-la-ville-de-tavira-en-train-touristique-t393490\/?ranking_uuid=2ed3d42a-a86a-42f8-8896-c9ac2d8f036d?partner_id=R3GYW4V&amp;cmp=portugal\" target=\"_blank\" rel=\"noreferrer noopener sponsored nofollow\">lilla t\u00e5get<\/a>.<\/li>\n\n\n\n<li>\u00c5k linbana \u00f6ver gr\u00e4nsen till Spanien. L\u00e4s mer <a href=\"https:\/\/www.limitezero.com\/en\/\" target=\"_blank\" rel=\"noreferrer noopener nofollow\">h\u00e4r<\/a>.<\/li>\n<\/ul>\n\n<h3 class=\"wp-block-heading\">Sev\u00e4rdheter i Algarve n\u00e4r det regnar<\/h3>\n\n<p>Lyckligtvis regnar det inte s\u00e5 ofta i Algarve, men om det g\u00f6r det, var inte orolig. Det finns saker att g\u00f6ra:<\/p>\n\n<ul class=\"wp-block-list\">\n<li>Bes\u00f6k fort eller slott som Castro Marim eller Sagres f\u00e4stning.<\/li>\n\n\n\n<li>Bes\u00f6k museerna i Portimao, Faro och Tavira.<\/li>\n\n\n\n<li>G\u00e5 in p\u00e5 Centro Siencia i Lagos.<\/li>\n\n\n\n<li>F\u00e5 ut det <a href=\"https:\/\/www.booking.com\/searchresults.html?region=1064&amp;nflt=review_score%253D90%253Breview_score%253D80%253Bht_id%253D204%253Bht_id%253D208&amp;aid=2420176&amp;no_rooms=1&amp;group_adults=2\" target=\"_blank\" rel=\"noreferrer noopener sponsored nofollow\">mesta av ditt hotell<\/a>!<\/li>\n<\/ul>\n\n<figure class=\"wp-block-image size-large\"><img decoding=\"async\" src=\"https:\/\/photos.smugmug.com\/Portugal\/Algarve\/Sagres\/Fortaleza-de-Sagres\/i-Bkd8srK\/0\/DkZwVwC8btswTrPWV33fcbqdf5LtrWSf9FmqTS5fD\/L\/Sagres_fortress_Portugal_IMG_6405-L.jpg\" alt=\"Fort\"\/><figcaption class=\"wp-element-caption\">Fortet i Sagres<\/figcaption><\/figure>\n\n<h2 class=\"wp-block-heading\">Anv\u00e4ndbara tips f\u00f6r att bes\u00f6ka Algarve<\/h2>\n\n<h3 class=\"wp-block-heading\">Var ligger Algarve?<\/h3>\n\n<ul class=\"wp-block-list\">\n<li>I s\u00f6dra Portugal<\/li>\n\n\n\n<li>De st\u00f6rsta st\u00e4derna \u00e4r Lagos, Portimao, Albufeira och Faro.<\/li>\n\n\n\n<li>Lissabon till Albufeira: 2h30 bilresa<\/li>\n\n\n\n<li>Fr\u00e5n Porto till Albufeira: 5 timmars bilresa<\/li>\n\n\n\n<li>Fr\u00e5n Evora till Albufeira: 2h15 bilresa<\/li>\n\n\n\n<li>H\u00e4r \u00e4r en karta som hj\u00e4lper dig att hitta r\u00e4tt:<\/li>\n<\/ul>\n\n<figure class=\"wp-block-image size-large\"><img decoding=\"async\" src=\"https:\/\/portugallovers.com\/wp-content\/uploads\/2024\/06\/karta-attraktioner-algarve-1024x662.png\" alt=\"karta attraktioner algarve\" class=\"wp-image-426\"\/><figcaption class=\"wp-element-caption\">Karta \u00f6ver Algarve<\/figcaption><\/figure>\n\n<h3 class=\"wp-block-heading\">Hur kommer jag till Algarve?<\/h3>\n\n<p>Algarve \u00e4r ett popul\u00e4rt och l\u00e4ttillg\u00e4ngligt resm\u00e5l:<\/p>\n\n<ul class=\"wp-block-list\">\n<li>Med flyg &#8211; du kan landa p\u00e5 Faro International Airport &#8211; <a href=\"https:\/\/skyscanner.pxf.io\/c\/2838839\/1027991\/13416?associateid=AFF_TRA_19354_00001&amp;subId3=visiter-algarve-portug_amcid-V2iFqFFlrOBUr7OJqMm27\" target=\"_blank\" rel=\"noreferrer noopener sponsored nofollow\">J\u00e4mf\u00f6r flygpriser p\u00e5 Skyscanner<\/a>.<\/li>\n\n\n\n<li>Med bil fr\u00e5n Lissabon, Porto eller Spanien via motorv\u00e4g A22.<\/li>\n\n\n\n<li>Med t\u00e5g fr\u00e5n Lissabon till Albufeira eller Faro <em>p\u00e5<\/em> Alfa Pendular.<\/li>\n\n\n\n<li>Med expressbuss fr\u00e5n Lissabon till Albufeira eller Faro och andra st\u00e4der.<\/li>\n<\/ul>\n\n<h3 class=\"wp-block-heading\">Parkering i Algarve<\/h3>\n\n<p>Under h\u00f6gs\u00e4songen fylls parkeringsplatserna i st\u00e4derna och p\u00e5 str\u00e4nderna snabbt. Vi s\u00e5g det! Planera att komma tidigt till dina bes\u00f6k eller utflykter f\u00f6r att se till att du har tillr\u00e4ckligt med utrymme.<\/p>\n\n<figure class=\"wp-block-image size-large\"><img decoding=\"async\" src=\"https:\/\/photos.smugmug.com\/Portugal\/Algarve\/Albufeira\/Praia-Da-Falesia\/i-Xm2zjQ8\/1\/Xtj7vPBX2m3pm3GDMR8stSxgTd9DwTPtQzRckqTW\/L\/Praia_da_Falesia_Beach_Portugal_IMG_4974-L.jpg\" alt=\"Parkeringsplats\"\/><\/figure>\n\n<h3 class=\"wp-block-heading\">Att ta sig runt i Algarve<\/h3>\n\n<p>H\u00e4r \u00e4r alternativen f\u00f6r att ta sig runt Algarve:<\/p>\n\n<ul class=\"wp-block-list\">\n<li>Enligt v\u00e5r mening \u00e4r det b\u00e4sta alternativet att \u00e5ka bil. Vill du hyra ett fordon? <a href=\"https:\/\/www.discovercars.com\/se\/portugal?a_aid=zigzag&amp;chan=portugal\" target=\"_blank\" rel=\"noreferrer noopener sponsored nofollow\">Boka den nu<\/a>!<\/li>\n\n\n\n<li>Med buss, men du kommer att vara mer begr\u00e4nsad n\u00e4r det g\u00e4ller tidtabeller och destinationer.<\/li>\n\n\n\n<li><em>Via<\/em> organiserade turer till de b\u00e4sta str\u00e4nderna och \u00e4ven in\u00e5t landet &#8211; <a href=\"https:\/\/www.getyourguide.se\/s\/?q=Algarve&amp;searchSource=2&amp;partner_id=R3GYW4V&amp;cmp=visiter-algarve-portugal-carte-plages_amcid-B6sgqVBgqQ2PzMVP6YM7J\" target=\"_blank\" rel=\"noreferrer noopener sponsored nofollow\">se de m\u00e5nga alternativen<\/a>.<\/li>\n<\/ul>\n\n<figure class=\"wp-block-image size-large\"><img decoding=\"async\" src=\"https:\/\/photos.smugmug.com\/Portugal\/Algarve\/Lagos\/Town\/i-VXXrnmp\/0\/J6xwKNHjXnH5vR6swwSLHDSFJ89vGVLjMDqX3HpG\/L\/algarve_Portugal_IMG_6119-L.jpg\" alt=\"Bilar och v&#xE4;gar\"\/><\/figure>\n\n<h3 class=\"wp-block-heading\">Var man kan \u00e4ta i Algarve<\/h3>\n\n<p>L\u00e4s v\u00e5r artikel i \u00e4mnet (kommer inom kort)!<\/p>\n\n<h3 class=\"wp-block-heading\">Bes\u00f6ka Algarve p\u00e5 vintern<\/h3>\n\n<p>Varf\u00f6r inte bes\u00f6ka Algarve p\u00e5 vintern? Regionen forts\u00e4tter att njuta av solsken och milda temperaturer tack vare sitt behagliga klimat. Du kan till och med utnyttja str\u00e4nderna och ta en simtur (med v\u00e5tdr\u00e4kt f\u00f6r de mer kyliga). Vattnet sjunker s\u00e4llan under 13\u00b0 Celsius. Dessutom hittar du tj\u00e4nster och hotell till l\u00e4gre priser \u00e4n p\u00e5 sommaren! <a href=\"https:\/\/www.booking.com\/searchresults.html?region=1064&amp;nflt=review_score%253D90%253Breview_score%253D80&amp;aid=2420176&amp;no_rooms=1&amp;group_adults=2\" target=\"_blank\" rel=\"noreferrer noopener sponsored nofollow\">Boka ditt boende nu<\/a>.<\/p>\n\n<figure class=\"wp-block-image size-large\"><img decoding=\"async\" src=\"https:\/\/photos.smugmug.com\/Portugal\/Algarve\/Lagos\/Hotels\/Casa-A-Beira-Sol\/i-9ztKs9h\/0\/CHNf8XmrNZ6qws4Vdnf8L6NXvdCCPGjQz28Q98nst\/L\/Lagos_Algarve_Accomodations_IMG_0198-L.jpg\" alt=\"Hotellet\"\/><figcaption class=\"wp-element-caption\"><a href=\"https:\/\/www.booking.com\/hotel\/pt\/uma-casa-a-beira-sol.html?aid=1222027\" target=\"_blank\" rel=\"noreferrer noopener sponsored nofollow\">Hotell Uma Casa A Beira Sol<\/a> i Lagos<\/figcaption><\/figure>\n\n<div style=\"margin-top:8%;margin-bottom:8%\" class=\"wp-block-genesis-blocks-gb-container box gb-block-container\"><div class=\"gb-container-inside\"><div class=\"gb-container-content\" style=\"max-width:700px\">\n<div class=\"wp-block-genesis-blocks-gb-container box_titre gb-block-container\"><div class=\"gb-container-inside\"><div class=\"gb-container-content\">\n<h5 class=\"titre_box\">PLANERA DIN RESA TILL <span class=\"titre_box_manuscrit\">Algarve<\/span><\/h5>\n<\/div><\/div><\/div>\n\n\n\n<hr class=\"wp-block-separator has-text-color has-alpha-channel-opacity has-background is-style-wide hr-box-planif\" style=\"background-color:#ccd3dd;color:#ccd3dd\"\/>\n\n\n\n<div class=\"wp-block-columns box_sans_border is-layout-flex wp-container-core-columns-is-layout-9d6595d7 wp-block-columns-is-layout-flex\">\n<div class=\"wp-block-column texte_planif is-layout-flow wp-block-column-is-layout-flow\" style=\"font-size:14px;flex-basis:60%\">\n<ul class=\"wp-block-list\">\n<li><strong>B\u00e4st av<\/strong><\/li>\n<\/ul>\n\n\n\n<p class=\"ul_box\" style=\"font-size:14px\"><a data-type=\"post\" data-id=\"234\" href=\"https:\/\/portugallovers.com\/sv\/vad-man-kan-gora-algarve-besok\/\" target=\"_blank\" rel=\"noreferrer noopener\">Sev\u00e4rdheter i Algarve<\/a><br\/>De vackraste landskapen (kommer snart)<br\/><a href=\"https:\/\/portugallovers.com\/sv\/basta-staderna-algarve-byarna\/\" target=\"_blank\" rel=\"noreferrer noopener\">De vackraste st\u00e4derna och byarna<\/a><br\/><a data-type=\"post\" data-id=\"232\" href=\"https:\/\/portugallovers.com\/sv\/basta-stranderna-algarve\/\" target=\"_blank\" rel=\"noreferrer noopener\">De vackraste str\u00e4nderna i Algarve<\/a><\/p>\n<\/div>\n\n\n\n<div class=\"wp-block-column is-vertically-aligned-top planif-radius is-layout-flow wp-block-column-is-layout-flow\" style=\"flex-basis:40%\">\n<figure class=\"wp-block-image size-large img-portrait\"><img decoding=\"async\" src=\"https:\/\/photos.smugmug.com\/Portugal\/Algarve\/Lagos\/Ponta-da-piedade\/i-D7CBTP5\/1\/NQ4BbwKc6B9Zkq4CQJ28dNBgDG8FBHfW992nXZ7tJ\/S\/ponta_da_piedade_Algarve_Portugal_IMG_6344-S.jpg\" alt=\"Ponta da Piedade\" title=\"\"\/><\/figure>\n<\/div>\n<\/div>\n\n\n\n<hr class=\"wp-block-separator has-text-color has-alpha-channel-opacity has-background is-style-wide hr-box-planif\" style=\"background-color:#ccd3dd;color:#ccd3dd\"\/>\n\n\n\n<div class=\"wp-block-columns box_sans_border is-layout-flex wp-container-core-columns-is-layout-9d6595d7 wp-block-columns-is-layout-flex\">\n<div class=\"wp-block-column texte_planif is-layout-flow wp-block-column-is-layout-flow\" style=\"flex-basis:60%\">\n<ul class=\"wp-block-list\">\n<li><strong>Praktiska r\u00e5d<\/strong><\/li>\n<\/ul>\n\n\n\n<p style=\"font-size:14px\"><br\/>N\u00e4r ska du \u00e5ka? (kommer snart)<br\/>Hur man hyr en bil i Algarve (kommer snart)<br\/>K\u00f6rtips (kommer snart)<br\/><a href=\"https:\/\/portugallovers.com\/sv\/hur-manga-dagar-algarve\/\" target=\"_blank\" rel=\"noreferrer noopener\">Hur m\u00e5nga dagar?<\/a><\/p>\n\n\n\n<p style=\"font-size:14px\">Resplaner (kommer snart)<\/p>\n\n\n\n<p style=\"font-size:14px\"><a href=\"https:\/\/portugallovers.com\/sv\/var-ska-bo-algarve-basta-omradena\/\" target=\"_blank\" rel=\"noreferrer noopener\">Var man kan bo i Algarve  <\/a><\/p>\n<\/div>\n\n\n\n<div class=\"wp-block-column is-vertically-aligned-top planif-radius is-layout-flow wp-block-column-is-layout-flow\" style=\"flex-basis:40%\">\n<figure class=\"wp-block-image size-large img-portrait\"><img decoding=\"async\" src=\"https:\/\/photos.smugmug.com\/Portugal\/Algarve\/Sagres\/Fortaleza-de-Sagres\/i-KSrhk5W\/0\/LgdzjWM6pGsQmq8BCdLm9Cmt52VWFx2R83GJzTfMr\/S\/Sagres_fortress_Portugal_IMG_6406-S.jpg\" alt=\"Sagres\" title=\"\"\/><\/figure>\n<\/div>\n<\/div>\n\n\n\n<hr class=\"wp-block-separator has-text-color has-alpha-channel-opacity has-background is-style-wide hr-box-planif\" style=\"background-color:#ccd3dd;color:#ccd3dd\"\/>\n\n\n\n<div class=\"wp-block-columns box_sans_border is-layout-flex wp-container-core-columns-is-layout-9d6595d7 wp-block-columns-is-layout-flex\">\n<div class=\"wp-block-column texte_planif is-layout-flow wp-block-column-is-layout-flow\" style=\"flex-basis:60%\">\n<ul class=\"wp-block-list\">\n<li><strong>Det du m\u00e5ste ha<\/strong><\/li>\n<\/ul>\n\n\n\n<p style=\"font-size:14px\">Ponta da Piedade (kommer snart)<br\/>Benagil-grottan (kommer snart)<br\/><a href=\"https:\/\/portugallovers.com\/sv\/praia-marinha-strand-algarve\/\" target=\"_blank\" rel=\"noreferrer noopener\">Praia da Marinha<\/a><br\/>Delfinsk\u00e5dning (kommer snart)<br\/><a href=\"https:\/\/portugallovers.com\/sv\/sevardheter-lagos-att-gora\/\" target=\"_blank\" rel=\"noreferrer noopener\">Vad man kan g\u00f6ra i Lagos<\/a><br\/><a href=\"https:\/\/portugallovers.com\/sv\/sevardheter-portimao-att-gora\/\" target=\"_blank\" rel=\"noreferrer noopener\">Vad man kan g\u00f6ra i Portimao<\/a><br\/><a href=\"https:\/\/portugallovers.com\/sv\/sevardheter-albufeira-att-gora\/\" target=\"_blank\" rel=\"noreferrer noopener\">Vad man kan g\u00f6ra i Albufeira<\/a><br\/><a href=\"https:\/\/portugallovers.com\/sv\/sevardheter-faro-att-gora\/\" target=\"_blank\" rel=\"noreferrer noopener\">Vad man kan g\u00f6ra i Faro<\/a><br\/><\/p>\n<\/div>\n\n\n\n<div class=\"wp-block-column is-vertically-aligned-top planif-radius is-layout-flow wp-block-column-is-layout-flow\" style=\"flex-basis:40%\">\n<figure class=\"wp-block-image size-large img-portrait\"><img decoding=\"async\" src=\"https:\/\/photos.smugmug.com\/Portugal\/Algarve\/Ferragudo\/View-village\/i-dc8TzZV\/0\/K5XPvkw6pJZqFR4PGL489pNwRnV6LqQvPnxQFfcCT\/S\/Ferragudo_algarve_IMG_0295-S.jpg\" alt=\"FErrugado\" title=\"\"\/><\/figure>\n<\/div>\n<\/div>\n\n\n\n<div style=\"height:30px\" aria-hidden=\"true\" class=\"wp-block-spacer\"><\/div>\n<\/div><\/div><\/div>\n\n<div class=\"wp-block-genesis-blocks-gb-container box_auteur_voyage gb-block-container\"><div class=\"gb-container-inside\"><div class=\"gb-container-content\">\n<figure class=\"wp-block-image size-large img_auteur_voyage\"><a href=\"https:\/\/portugallovers.com\/sv\/claire-robinson\/\" target=\"_blank\" rel=\"noreferrer noopener\"><img decoding=\"async\" src=\"https:\/\/photos.smugmug.com\/Madeira-Lovers\/Portraits-equipe\/i-WCb99j5\/0\/2d0b98a0\/L\/regionlovers-3-L.jpg\" alt=\"\"\/><\/a><\/figure>\n\n\n\n<h5 class=\"titre_auteur_voyage\"><span>HON GJORDE RESAN OCH SKREV ARTIKELN \n <\/span><span class=\"titre_box_manuscrit\">Claire<\/span><\/h5>\n<\/div><\/div><\/div>\n","protected":false},"excerpt":{"rendered":"<p>\u00c4r du i Portugal och vill utforska Algarve? En utm\u00e4rkt id\u00e9! Vi \u00e4lskade denna region. Det ligger i s\u00f6dra Portugal och \u00e4r inte bara k\u00e4nt f\u00f6r sina str\u00e4nder, utan ocks\u00e5 f\u00f6r sina landskap, grottor, fort, vackra st\u00e4der och utomhusaktiviteter. H\u00e4r finns n\u00e5got f\u00f6r alla som \u00e4lskar sol och friluftsliv! L\u00e4s den h\u00e4r artikeln och uppt\u00e4ck [&hellip;]<\/p>\n","protected":false},"author":4,"featured_media":424,"comment_status":"closed","ping_status":"closed","sticky":false,"template":"","format":"standard","meta":{"_genesis_hide_title":false,"_genesis_hide_breadcrumbs":false,"_genesis_hide_singular_image":false,"_genesis_hide_footer_widgets":false,"_genesis_custom_body_class":"","_genesis_custom_post_class":"","_genesis_layout":"","footnotes":""},"categories":[63,7],"tags":[],"class_list":{"0":"post-441","1":"post","2":"type-post","3":"status-publish","4":"format-standard","5":"has-post-thumbnail","7":"category-algarve-sv","8":"category-okategoriserad","9":"entry"},"yoast_head":"<!-- This site is optimized with the Yoast SEO plugin v27.2 - https:\/\/yoast.com\/product\/yoast-seo-wordpress\/ -->\n<title>15 sev\u00e4rdheter i Algarve (+foton)<\/title>\n<meta name=\"description\" content=\"Uppt\u00e4ck v\u00e5rt urval av de b\u00e4sta sev\u00e4rdheter i Algarve + alla v\u00e5ra tips och foton f\u00f6r att bes\u00f6ka Algarve\" \/>\n<meta name=\"robots\" content=\"index, follow, max-snippet:-1, max-image-preview:large, max-video-preview:-1\" \/>\n<link rel=\"canonical\" href=\"https:\/\/portugallovers.com\/sv\/vad-man-kan-gora-algarve-besok\/\" \/>\n<meta property=\"og:locale\" content=\"sv_SE\" \/>\n<meta property=\"og:type\" content=\"article\" \/>\n<meta property=\"og:title\" content=\"15 sev\u00e4rdheter i Algarve (+foton)\" \/>\n<meta property=\"og:description\" content=\"Uppt\u00e4ck v\u00e5rt urval av de b\u00e4sta sev\u00e4rdheter i Algarve + alla v\u00e5ra tips och foton f\u00f6r att bes\u00f6ka Algarve\" \/>\n<meta property=\"og:url\" content=\"https:\/\/portugallovers.com\/sv\/vad-man-kan-gora-algarve-besok\/\" \/>\n<meta property=\"og:site_name\" content=\"Portugal Lovers\" \/>\n<meta property=\"article:published_time\" content=\"2024-06-19T08:53:31+00:00\" \/>\n<meta property=\"article:modified_time\" content=\"2025-12-21T14:02:17+00:00\" \/>\n<meta property=\"og:image\" content=\"https:\/\/portugallovers.com\/wp-content\/uploads\/2024\/06\/sevardheter-algarve-att-gora.jpg\" \/>\n\t<meta property=\"og:image:width\" content=\"800\" \/>\n\t<meta property=\"og:image:height\" content=\"600\" \/>\n\t<meta property=\"og:image:type\" content=\"image\/jpeg\" \/>\n<meta name=\"author\" content=\"Julie\" \/>\n<meta name=\"twitter:card\" content=\"summary_large_image\" \/>\n<meta name=\"twitter:label1\" content=\"Skriven av\" \/>\n\t<meta name=\"twitter:data1\" content=\"Julie\" \/>\n\t<meta name=\"twitter:label2\" content=\"Ber\u00e4knad l\u00e4stid\" \/>\n\t<meta name=\"twitter:data2\" content=\"13 minuter\" \/>\n<script type=\"application\/ld+json\" class=\"yoast-schema-graph\">{\"@context\":\"https:\/\/schema.org\",\"@graph\":[{\"@type\":\"Article\",\"@id\":\"https:\/\/portugallovers.com\/sv\/vad-man-kan-gora-algarve-besok\/#article\",\"isPartOf\":{\"@id\":\"https:\/\/portugallovers.com\/sv\/vad-man-kan-gora-algarve-besok\/\"},\"author\":{\"name\":\"Julie\",\"@id\":\"https:\/\/portugallovers.com\/sv\/#\/schema\/person\/256931bef5757226f6eee49268dc8e51\"},\"headline\":\"15 sev\u00e4rdheter i Algarve (+foton)\",\"datePublished\":\"2024-06-19T08:53:31+00:00\",\"dateModified\":\"2025-12-21T14:02:17+00:00\",\"mainEntityOfPage\":{\"@id\":\"https:\/\/portugallovers.com\/sv\/vad-man-kan-gora-algarve-besok\/\"},\"wordCount\":2550,\"publisher\":{\"@id\":\"https:\/\/portugallovers.com\/sv\/#organization\"},\"image\":{\"@id\":\"https:\/\/portugallovers.com\/sv\/vad-man-kan-gora-algarve-besok\/#primaryimage\"},\"thumbnailUrl\":\"https:\/\/portugallovers.com\/wp-content\/uploads\/2024\/06\/sevardheter-algarve-att-gora.jpg\",\"articleSection\":[\"Algarve\",\"Okategoriserad\"],\"inLanguage\":\"sv-SE\"},{\"@type\":\"WebPage\",\"@id\":\"https:\/\/portugallovers.com\/sv\/vad-man-kan-gora-algarve-besok\/\",\"url\":\"https:\/\/portugallovers.com\/sv\/vad-man-kan-gora-algarve-besok\/\",\"name\":\"15 sev\u00e4rdheter i Algarve (+foton)\",\"isPartOf\":{\"@id\":\"https:\/\/portugallovers.com\/sv\/#website\"},\"primaryImageOfPage\":{\"@id\":\"https:\/\/portugallovers.com\/sv\/vad-man-kan-gora-algarve-besok\/#primaryimage\"},\"image\":{\"@id\":\"https:\/\/portugallovers.com\/sv\/vad-man-kan-gora-algarve-besok\/#primaryimage\"},\"thumbnailUrl\":\"https:\/\/portugallovers.com\/wp-content\/uploads\/2024\/06\/sevardheter-algarve-att-gora.jpg\",\"datePublished\":\"2024-06-19T08:53:31+00:00\",\"dateModified\":\"2025-12-21T14:02:17+00:00\",\"description\":\"Uppt\u00e4ck v\u00e5rt urval av de b\u00e4sta sev\u00e4rdheter i Algarve + alla v\u00e5ra tips och foton f\u00f6r att bes\u00f6ka Algarve\",\"breadcrumb\":{\"@id\":\"https:\/\/portugallovers.com\/sv\/vad-man-kan-gora-algarve-besok\/#breadcrumb\"},\"inLanguage\":\"sv-SE\",\"potentialAction\":[{\"@type\":\"ReadAction\",\"target\":[\"https:\/\/portugallovers.com\/sv\/vad-man-kan-gora-algarve-besok\/\"]}]},{\"@type\":\"ImageObject\",\"inLanguage\":\"sv-SE\",\"@id\":\"https:\/\/portugallovers.com\/sv\/vad-man-kan-gora-algarve-besok\/#primaryimage\",\"url\":\"https:\/\/portugallovers.com\/wp-content\/uploads\/2024\/06\/sevardheter-algarve-att-gora.jpg\",\"contentUrl\":\"https:\/\/portugallovers.com\/wp-content\/uploads\/2024\/06\/sevardheter-algarve-att-gora.jpg\",\"width\":800,\"height\":600,\"caption\":\"sevardheter algarve att gora\"},{\"@type\":\"BreadcrumbList\",\"@id\":\"https:\/\/portugallovers.com\/sv\/vad-man-kan-gora-algarve-besok\/#breadcrumb\",\"itemListElement\":[{\"@type\":\"ListItem\",\"position\":1,\"name\":\"Accueil\",\"item\":\"https:\/\/portugallovers.com\/sv\/\"},{\"@type\":\"ListItem\",\"position\":2,\"name\":\"Algarve\",\"item\":\"https:\/\/portugallovers.com\/sv\/algarve-sv\/\"},{\"@type\":\"ListItem\",\"position\":3,\"name\":\"15 sev\u00e4rdheter i Algarve (+foton)\"}]},{\"@type\":\"WebSite\",\"@id\":\"https:\/\/portugallovers.com\/sv\/#website\",\"url\":\"https:\/\/portugallovers.com\/sv\/\",\"name\":\"Portugal Lovers\",\"description\":\"\",\"publisher\":{\"@id\":\"https:\/\/portugallovers.com\/sv\/#organization\"},\"potentialAction\":[{\"@type\":\"SearchAction\",\"target\":{\"@type\":\"EntryPoint\",\"urlTemplate\":\"https:\/\/portugallovers.com\/sv\/?s={search_term_string}\"},\"query-input\":{\"@type\":\"PropertyValueSpecification\",\"valueRequired\":true,\"valueName\":\"search_term_string\"}}],\"inLanguage\":\"sv-SE\"},{\"@type\":\"Organization\",\"@id\":\"https:\/\/portugallovers.com\/sv\/#organization\",\"name\":\"Portugal Lovers\",\"url\":\"https:\/\/portugallovers.com\/sv\/\",\"logo\":{\"@type\":\"ImageObject\",\"inLanguage\":\"sv-SE\",\"@id\":\"https:\/\/portugallovers.com\/sv\/#\/schema\/logo\/image\/\",\"url\":\"https:\/\/portugallovers.com\/wp-content\/uploads\/2024\/05\/cropped-Portugal-Lovers-Logo.png\",\"contentUrl\":\"https:\/\/portugallovers.com\/wp-content\/uploads\/2024\/05\/cropped-Portugal-Lovers-Logo.png\",\"width\":2742,\"height\":469,\"caption\":\"Portugal Lovers\"},\"image\":{\"@id\":\"https:\/\/portugallovers.com\/sv\/#\/schema\/logo\/image\/\"}},{\"@type\":\"Person\",\"@id\":\"https:\/\/portugallovers.com\/sv\/#\/schema\/person\/256931bef5757226f6eee49268dc8e51\",\"name\":\"Julie\",\"image\":{\"@type\":\"ImageObject\",\"inLanguage\":\"sv-SE\",\"@id\":\"https:\/\/secure.gravatar.com\/avatar\/a611248efc69ee9e187aa9c079fc95ddf244fb85450703880b633892883f84f5?s=96&d=mm&r=g\",\"url\":\"https:\/\/secure.gravatar.com\/avatar\/a611248efc69ee9e187aa9c079fc95ddf244fb85450703880b633892883f84f5?s=96&d=mm&r=g\",\"contentUrl\":\"https:\/\/secure.gravatar.com\/avatar\/a611248efc69ee9e187aa9c079fc95ddf244fb85450703880b633892883f84f5?s=96&d=mm&r=g\",\"caption\":\"Julie\"},\"sameAs\":[\"https:\/\/portugallovers.com\/julie-joly\/\"],\"url\":\"https:\/\/portugallovers.com\/sv\/author\/julie\/\"}]}<\/script>\n<!-- \/ Yoast SEO plugin. -->","yoast_head_json":{"title":"15 sev\u00e4rdheter i Algarve (+foton)","description":"Uppt\u00e4ck v\u00e5rt urval av de b\u00e4sta sev\u00e4rdheter i Algarve + alla v\u00e5ra tips och foton f\u00f6r att bes\u00f6ka Algarve","robots":{"index":"index","follow":"follow","max-snippet":"max-snippet:-1","max-image-preview":"max-image-preview:large","max-video-preview":"max-video-preview:-1"},"canonical":"https:\/\/portugallovers.com\/sv\/vad-man-kan-gora-algarve-besok\/","og_locale":"sv_SE","og_type":"article","og_title":"15 sev\u00e4rdheter i Algarve (+foton)","og_description":"Uppt\u00e4ck v\u00e5rt urval av de b\u00e4sta sev\u00e4rdheter i Algarve + alla v\u00e5ra tips och foton f\u00f6r att bes\u00f6ka Algarve","og_url":"https:\/\/portugallovers.com\/sv\/vad-man-kan-gora-algarve-besok\/","og_site_name":"Portugal Lovers","article_published_time":"2024-06-19T08:53:31+00:00","article_modified_time":"2025-12-21T14:02:17+00:00","og_image":[{"width":800,"height":600,"url":"https:\/\/portugallovers.com\/wp-content\/uploads\/2024\/06\/sevardheter-algarve-att-gora.jpg","type":"image\/jpeg"}],"author":"Julie","twitter_card":"summary_large_image","twitter_misc":{"Skriven av":"Julie","Ber\u00e4knad l\u00e4stid":"13 minuter"},"schema":{"@context":"https:\/\/schema.org","@graph":[{"@type":"Article","@id":"https:\/\/portugallovers.com\/sv\/vad-man-kan-gora-algarve-besok\/#article","isPartOf":{"@id":"https:\/\/portugallovers.com\/sv\/vad-man-kan-gora-algarve-besok\/"},"author":{"name":"Julie","@id":"https:\/\/portugallovers.com\/sv\/#\/schema\/person\/256931bef5757226f6eee49268dc8e51"},"headline":"15 sev\u00e4rdheter i Algarve (+foton)","datePublished":"2024-06-19T08:53:31+00:00","dateModified":"2025-12-21T14:02:17+00:00","mainEntityOfPage":{"@id":"https:\/\/portugallovers.com\/sv\/vad-man-kan-gora-algarve-besok\/"},"wordCount":2550,"publisher":{"@id":"https:\/\/portugallovers.com\/sv\/#organization"},"image":{"@id":"https:\/\/portugallovers.com\/sv\/vad-man-kan-gora-algarve-besok\/#primaryimage"},"thumbnailUrl":"https:\/\/portugallovers.com\/wp-content\/uploads\/2024\/06\/sevardheter-algarve-att-gora.jpg","articleSection":["Algarve","Okategoriserad"],"inLanguage":"sv-SE"},{"@type":"WebPage","@id":"https:\/\/portugallovers.com\/sv\/vad-man-kan-gora-algarve-besok\/","url":"https:\/\/portugallovers.com\/sv\/vad-man-kan-gora-algarve-besok\/","name":"15 sev\u00e4rdheter i Algarve (+foton)","isPartOf":{"@id":"https:\/\/portugallovers.com\/sv\/#website"},"primaryImageOfPage":{"@id":"https:\/\/portugallovers.com\/sv\/vad-man-kan-gora-algarve-besok\/#primaryimage"},"image":{"@id":"https:\/\/portugallovers.com\/sv\/vad-man-kan-gora-algarve-besok\/#primaryimage"},"thumbnailUrl":"https:\/\/portugallovers.com\/wp-content\/uploads\/2024\/06\/sevardheter-algarve-att-gora.jpg","datePublished":"2024-06-19T08:53:31+00:00","dateModified":"2025-12-21T14:02:17+00:00","description":"Uppt\u00e4ck v\u00e5rt urval av de b\u00e4sta sev\u00e4rdheter i Algarve + alla v\u00e5ra tips och foton f\u00f6r att bes\u00f6ka Algarve","breadcrumb":{"@id":"https:\/\/portugallovers.com\/sv\/vad-man-kan-gora-algarve-besok\/#breadcrumb"},"inLanguage":"sv-SE","potentialAction":[{"@type":"ReadAction","target":["https:\/\/portugallovers.com\/sv\/vad-man-kan-gora-algarve-besok\/"]}]},{"@type":"ImageObject","inLanguage":"sv-SE","@id":"https:\/\/portugallovers.com\/sv\/vad-man-kan-gora-algarve-besok\/#primaryimage","url":"https:\/\/portugallovers.com\/wp-content\/uploads\/2024\/06\/sevardheter-algarve-att-gora.jpg","contentUrl":"https:\/\/portugallovers.com\/wp-content\/uploads\/2024\/06\/sevardheter-algarve-att-gora.jpg","width":800,"height":600,"caption":"sevardheter algarve att gora"},{"@type":"BreadcrumbList","@id":"https:\/\/portugallovers.com\/sv\/vad-man-kan-gora-algarve-besok\/#breadcrumb","itemListElement":[{"@type":"ListItem","position":1,"name":"Accueil","item":"https:\/\/portugallovers.com\/sv\/"},{"@type":"ListItem","position":2,"name":"Algarve","item":"https:\/\/portugallovers.com\/sv\/algarve-sv\/"},{"@type":"ListItem","position":3,"name":"15 sev\u00e4rdheter i Algarve (+foton)"}]},{"@type":"WebSite","@id":"https:\/\/portugallovers.com\/sv\/#website","url":"https:\/\/portugallovers.com\/sv\/","name":"Portugal Lovers","description":"","publisher":{"@id":"https:\/\/portugallovers.com\/sv\/#organization"},"potentialAction":[{"@type":"SearchAction","target":{"@type":"EntryPoint","urlTemplate":"https:\/\/portugallovers.com\/sv\/?s={search_term_string}"},"query-input":{"@type":"PropertyValueSpecification","valueRequired":true,"valueName":"search_term_string"}}],"inLanguage":"sv-SE"},{"@type":"Organization","@id":"https:\/\/portugallovers.com\/sv\/#organization","name":"Portugal Lovers","url":"https:\/\/portugallovers.com\/sv\/","logo":{"@type":"ImageObject","inLanguage":"sv-SE","@id":"https:\/\/portugallovers.com\/sv\/#\/schema\/logo\/image\/","url":"https:\/\/portugallovers.com\/wp-content\/uploads\/2024\/05\/cropped-Portugal-Lovers-Logo.png","contentUrl":"https:\/\/portugallovers.com\/wp-content\/uploads\/2024\/05\/cropped-Portugal-Lovers-Logo.png","width":2742,"height":469,"caption":"Portugal Lovers"},"image":{"@id":"https:\/\/portugallovers.com\/sv\/#\/schema\/logo\/image\/"}},{"@type":"Person","@id":"https:\/\/portugallovers.com\/sv\/#\/schema\/person\/256931bef5757226f6eee49268dc8e51","name":"Julie","image":{"@type":"ImageObject","inLanguage":"sv-SE","@id":"https:\/\/secure.gravatar.com\/avatar\/a611248efc69ee9e187aa9c079fc95ddf244fb85450703880b633892883f84f5?s=96&d=mm&r=g","url":"https:\/\/secure.gravatar.com\/avatar\/a611248efc69ee9e187aa9c079fc95ddf244fb85450703880b633892883f84f5?s=96&d=mm&r=g","contentUrl":"https:\/\/secure.gravatar.com\/avatar\/a611248efc69ee9e187aa9c079fc95ddf244fb85450703880b633892883f84f5?s=96&d=mm&r=g","caption":"Julie"},"sameAs":["https:\/\/portugallovers.com\/julie-joly\/"],"url":"https:\/\/portugallovers.com\/sv\/author\/julie\/"}]}},"featured_image_src":"https:\/\/portugallovers.com\/wp-content\/uploads\/2024\/06\/sevardheter-algarve-att-gora-600x400.jpg","featured_image_src_square":"https:\/\/portugallovers.com\/wp-content\/uploads\/2024\/06\/sevardheter-algarve-att-gora-600x600.jpg","author_info":{"display_name":"Julie","author_link":"https:\/\/portugallovers.com\/sv\/author\/julie\/"},"_links":{"self":[{"href":"https:\/\/portugallovers.com\/sv\/wp-json\/wp\/v2\/posts\/441","targetHints":{"allow":["GET"]}}],"collection":[{"href":"https:\/\/portugallovers.com\/sv\/wp-json\/wp\/v2\/posts"}],"about":[{"href":"https:\/\/portugallovers.com\/sv\/wp-json\/wp\/v2\/types\/post"}],"author":[{"embeddable":true,"href":"https:\/\/portugallovers.com\/sv\/wp-json\/wp\/v2\/users\/4"}],"replies":[{"embeddable":true,"href":"https:\/\/portugallovers.com\/sv\/wp-json\/wp\/v2\/comments?post=441"}],"version-history":[{"count":0,"href":"https:\/\/portugallovers.com\/sv\/wp-json\/wp\/v2\/posts\/441\/revisions"}],"wp:featuredmedia":[{"embeddable":true,"href":"https:\/\/portugallovers.com\/sv\/wp-json\/wp\/v2\/media\/424"}],"wp:attachment":[{"href":"https:\/\/portugallovers.com\/sv\/wp-json\/wp\/v2\/media?parent=441"}],"wp:term":[{"taxonomy":"category","embeddable":true,"href":"https:\/\/portugallovers.com\/sv\/wp-json\/wp\/v2\/categories?post=441"},{"taxonomy":"post_tag","embeddable":true,"href":"https:\/\/portugallovers.com\/sv\/wp-json\/wp\/v2\/tags?post=441"}],"curies":[{"name":"wp","href":"https:\/\/api.w.org\/{rel}","templated":true}]}}