{"id":4281,"date":"2025-07-29T13:12:16","date_gmt":"2025-07-29T13:12:16","guid":{"rendered":"https:\/\/portugallovers.com\/praia-aveiros-plage-albufeira\/"},"modified":"2025-12-14T10:52:18","modified_gmt":"2025-12-14T10:52:18","slug":"praia-aveiros-strand-albufeira","status":"publish","type":"post","link":"https:\/\/portugallovers.com\/sv\/praia-aveiros-strand-albufeira\/","title":{"rendered":"Praia dos Aveiros (Albufeira): tips + foton"},"content":{"rendered":"\n<p>Dr\u00f6mmer du om en avskild vik som ligger inb\u00e4ddad mellan gyllene klippor, med kristallklart vatten och en fridfull atmosf\u00e4r? <strong>Praia dos Aveiros<\/strong> kan mycket v\u00e4l vara ditt lilla <strong>h\u00f6rn av paradiset i Albufeira.<\/strong> Stranden \u00e4r mindre k\u00e4nd \u00e4n de n\u00e4rliggande str\u00e4nderna, men vi \u00e4lskade den or\u00f6rda naturen, perfekt f\u00f6r avkoppling eller f\u00f6r att utforska klipporna vid l\u00e5gvatten.<\/p>\n\n<p>H\u00e4r \u00e4r n\u00e5gra <strong>anv\u00e4ndbara tips<\/strong> f\u00f6r att planera ditt bes\u00f6k p\u00e5 <strong>Praia dos Aveiros i Albufeira.<\/strong><\/p>\n\n<figure class=\"wp-block-image size-large\"><img decoding=\"async\" src=\"https:\/\/portugallovers.com\/wp-content\/uploads\/2025\/07\/praia-aveiros-strand-albufeira-se-1024x768.jpg\" alt=\"praia-dos-aveiros-albufeira\" class=\"wp-image-4269\"\/><\/figure>\n\n<p>Detta \u00e4r en helt <strong>oberoende<\/strong> \u00e5sikt, baserad p\u00e5 v\u00e5r egen erfarenhet. Vi bes\u00f6kte regionen anonymt, gjorde v\u00e5ra egna val och betalade v\u00e5ra r\u00e4kningar till fullo.<\/p>\n\n<h2 class=\"wp-block-heading\">\u00c4r Crique d&#8217;Aveiros v\u00e4rt besv\u00e4ret?<\/h2>\n\n<p><strong>Ja,<\/strong> Aveiros Cove \u00e4r v\u00e4l v\u00e4rt avledningsman\u00f6vern! Denna vik \u00e4r ocks\u00e5 k\u00e4nd som Praia dos Aveiros och \u00e4r<strong>en av<\/strong> Albufeiras<strong>mest hemliga<\/strong> och charmiga<strong>str\u00e4nder<\/strong>. Inb\u00e4ddat mellan <strong>gyllene klippor<\/strong> erbjuder det en <strong>intim, of\u00f6rst\u00f6rd milj\u00f6<\/strong>, l\u00e5ngt fr\u00e5n liv och r\u00f6relse p\u00e5 de viktigaste str\u00e4nderna som Praia dos Pescadores. Det kristallklara vattnet och den fina sanden g\u00f6r det till en idealisk plats f\u00f6r avkoppling eller f\u00f6r att utforska sm\u00e5 grottor och klippiga skrymslen vid l\u00e5gvatten.<\/p>\n\n<p>Den <strong>fridfulla<\/strong> atmosf\u00e4ren g\u00f6r det till ett riktigt litet h\u00f6rn av paradiset, vilket vi verkligen nj\u00f6t av. Men varning: det kan vara lite knepigt att komma in (se v\u00e5ra praktiska tips nedan), vilket ocks\u00e5 bidrar till dess diskreta charm. Om du gillar avskilda vikar och vilda kustlandskap \u00e4r Praia dos Aveiros definitivt v\u00e4rt ett bes\u00f6k!<\/p>\n\n<p>Det \u00e4r en av Albufeiras vackraste str\u00e4nder och ocks\u00e5 en av <a href=\"https:\/\/portugallovers.com\/sv\/sevardheter-albufeira-att-gora\/\" target=\"_blank\" rel=\"noreferrer noopener\">stadens huvudattraktioner<\/a>!<\/p>\n\n<figure class=\"wp-block-image size-large\"><img decoding=\"async\" src=\"https:\/\/photos.smugmug.com\/Portugal\/Algarve\/Albufeira\/Praia-Aveiros\/i-n6N8SjT\/0\/KP8vq3M32hT74BjHg5d84cHVq9ZwV6psHrgr5LhV5\/L\/praia%20dos%20aveiros%20albufeira%20algarve-13-L.jpg\" alt=\"Praia dos Aveiros (Albufeira): landskap\"\/><\/figure>\n\n<h2 class=\"wp-block-heading\">Typ av strand: sandig, bevakad&#8230;.<\/h2>\n\n<h3 class=\"wp-block-heading\">Sand eller ingen sand?<\/h3>\n\n<p>Strandbotten best\u00e5r av fin ockraf\u00e4rgad sand. Vi \u00e4lskade att ligga d\u00e4r efter en dag med sightseeing!<\/p>\n\n<figure class=\"wp-block-image size-large\"><img decoding=\"async\" src=\"https:\/\/photos.smugmug.com\/Portugal\/Algarve\/Albufeira\/Praia-Aveiros\/i-G3vZ8zr\/0\/LRLLBZHwxRpJTmLdj3d3CvQXc9j7JJXFbrmCNmght\/L\/praia%20dos%20aveiros%20albufeira%20algarve-16-L.jpg\" alt=\"Praia dos Aveiros (Albufeira): sand\"\/><\/figure>\n\n<h3 class=\"wp-block-heading\">Simf\u00f6rh\u00e5llanden och tillsyn<\/h3>\n\n<p>Lutningen ner till vattnet \u00e4r svag. Klipporna p\u00e5 \u00f6mse sidor om stranden \u00e4r en fristad f\u00f6r biologisk m\u00e5ngfald. S\u00e5 det \u00e4r till den h\u00e4r stranden man ska \u00e5ka om man vill snorkla.<\/p>\n\n<p>Skyltar visar att stranden \u00e4r bevakad under s\u00e4song och vi s\u00e5g badvakter p\u00e5 stranden.<\/p>\n\n<figure class=\"wp-block-image size-large\"><img decoding=\"async\" src=\"https:\/\/photos.smugmug.com\/Portugal\/Algarve\/Albufeira\/Praia-Aveiros\/i-S7vBFcP\/0\/NK9hXKxwDznVXwcw6kFsjkWRmdjGdMrHLXJWQHJH3\/L\/praia%20dos%20aveiros%20albufeira%20algarve-31-L.jpg\" alt=\"Praia dos Aveiros (Albufeira): &#xF6;vervakning\"\/><\/figure>\n\n<h3 class=\"wp-block-heading\">Faciliteter<\/h3>\n\n<p>Vi hittade duschar och toaletter vid stranden.<\/p>\n\n<figure class=\"wp-block-image size-large\"><img decoding=\"async\" src=\"https:\/\/photos.smugmug.com\/Portugal\/Algarve\/Albufeira\/Praia-Aveiros\/i-tZfDCjg\/0\/Kww5FXZzLn9DN5s2xnJfvwqb3xCqgM5HWwjD2P3Fn\/L\/praia%20dos%20aveiros%20albufeira%20algarve-11-L.jpg\" alt=\"Praia dos Aveiros (Albufeira): toaletter\"\/><\/figure>\n\n<div style=\"margin-top:8%;margin-bottom:8%\" class=\"wp-block-genesis-blocks-gb-container box gb-block-container\"><div class=\"gb-container-inside\"><div class=\"gb-container-content\">\n<div class=\"wp-block-columns inverse is-layout-flex wp-container-core-columns-is-layout-9d6595d7 wp-block-columns-is-layout-flex\">\n<div class=\"wp-block-column texte_planif is-layout-flow wp-block-column-is-layout-flow\" style=\"flex-basis:58%\">\n          \n\n          <h5 class=\"titre_box\" style=\"padding-top:10px\">FUN i Algarve: <span class=\"titre_box_manuscrit\">aktiviteter<\/span><\/h5>\n          \n\n        \n\n\n\n<p style=\"font-size:16px\">\n          <a href=\"https:\/\/www.getyourguide.se\/s\/?q=Algarve+grottes&amp;searchSource=3&amp;partner_id=R3GYW4V&amp;cmp=portugal\" target=\"_blank\" rel=\"noreferrer noopener nofollow\">Grottor och klippor med b\u00e5t<\/a>\n          <br\/>\n          <a href=\"https:\/\/www.getyourguide.se\/s\/?q=Algarve+kayak&amp;searchSource=3&amp;partner_id=R3GYW4V&amp;cmp=portugal\" target=\"_blank\" rel=\"noreferrer noopener nofollow\">Kajak turer<\/a>\n          <br\/>\n          <a href=\"https:\/\/www.getyourguide.se\/s\/?q=Algarve+dauphins&amp;searchSource=3&amp;partner_id=R3GYW4V&amp;cmp=portugal\" target=\"_blank\" rel=\"noreferrer noopener nofollow\">Delfinsk\u00e5dning<\/a>\n          <br\/>\n          <a href=\"https:\/\/www.getyourguide.se\/s\/?q=Algarve+4WD&amp;searchSource=3&amp;partner_id=R3GYW4V&amp;cmp=portugal\" target=\"_blank\" rel=\"noreferrer noopener nofollow\">Jeep-tur<\/a>\n          <br\/>\n          <br\/>\n        <\/p>\n<\/div>\n\n\n\n<div class=\"wp-block-column ville-radius is-layout-flow wp-block-column-is-layout-flow\" style=\"flex-basis:42%\">\n<figure class=\"wp-block-image size-large img-portrait\"><img decoding=\"async\" src=\"https:\/\/photos.smugmug.com\/Portugal\/Algarve\/Carvoeiro\/Benagil-sea-cave\/i-kbR899w\/1\/NS2PpvTtn7564sGrJ36D9nDTkqmJQf8pg2tsF3W6S\/S\/Algarve_Board_Trips_Benagil_Sea_Caves_Portugal_IMG_5185-S.jpg\" alt=\"Grottor i Algarve\" title=\"\"\/><\/figure>\n<\/div>\n<\/div>\n<\/div><\/div><\/div>\n\n<h2 class=\"wp-block-heading\">Tillg\u00e5ng till Praia dos Aveiros, Albufeira<\/h2>\n\n<h3 class=\"wp-block-heading\">Var ligger Crique d&#8217;Aveiros?<\/h3>\n\n<ul class=\"wp-block-list\">\n<li>I staden Albufeira<\/li>\n\n\n\n<li>Mindre \u00e4n 10 minuters bilresa fr\u00e5n det historiska distriktet<\/li>\n\n\n\n<li>N\u00e4ra till <a href=\"https:\/\/portugallovers.com\/sv\/praia-alemaes-strand-albufeira\/\" target=\"_blank\" rel=\"noreferrer noopener\">Praia dos Alem\u00e3es<\/a> och Praia da Oura<\/li>\n<\/ul>\n\n<p><strong><span style=\"text-decoration: underline;\">Varning<\/span><\/strong>Det kan vara sv\u00e5rt att hitta till stranden. Lita inte enbart p\u00e5 din GPS (Google Maps eller Waze), som kan leda dig till fel plats (vi har varit med om det). Den korrekta infarten \u00e4r via <strong>Rue B\u00e9con Vasca da Gama<\/strong>, n\u00e4ra<strong>Hotel Auramar<\/strong>. F\u00f6lj dessa instruktioner noggrant f\u00f6r att undvika on\u00f6diga omv\u00e4gar. Ignorera eventuella f\u00f6rbud mot passage, som endast g\u00e4ller tilltr\u00e4de till bost\u00e4der. Det finns inga privata str\u00e4nder i Portugal.<\/p>\n\n<p>(H\u00e4r \u00e4r Google Maps-koordinaterna f\u00f6r v\u00e4gens infart: 37.085205, -8.232206)<\/p>\n\n<figure class=\"wp-block-image size-large\"><img decoding=\"async\" src=\"https:\/\/photos.smugmug.com\/Portugal\/Algarve\/Albufeira\/Praia-Aveiros\/i-7wRzcqg\/0\/LtsV4sdTzQXmSGtKbJzBQv3RMSztCskrczRDsBwtw\/L\/praia%20dos%20aveiros%20albufeira%20algarve-04-L.jpg\" alt=\"Praia dos Aveiros (Albufeira): v&#xE4;g\"\/><figcaption class=\"wp-element-caption\">Skylt som visar v\u00e4gen till stranden<\/figcaption><\/figure>\n\n<p>Du kommer sedan att beh\u00f6va f\u00f6lja stigen i n\u00e5gra minuter. F\u00f6rst f\u00f6ljer du en kullerstensbelagd stig l\u00e4ngs med ett hotellkomplex:<\/p>\n\n<figure class=\"wp-block-image size-large\"><img decoding=\"async\" src=\"https:\/\/photos.smugmug.com\/Portugal\/Algarve\/Albufeira\/Praia-Aveiros\/i-Xcsx6Fz\/0\/NJJbGrKpGtdkt9hx6FGFZwW29bJX4sCMgkTsWprdw\/L\/praia%20dos%20aveiros%20albufeira%20algarve-05-L.jpg\" alt=\"Praia dos Aveiros (Albufeira): v&#xE4;gbeskrivning\"\/><\/figure>\n\n<p>Sedan \u00e4r det bara att g\u00e5 ner f\u00f6r en trappa till stranden:<\/p>\n\n<figure class=\"wp-block-image size-large\"><img decoding=\"async\" src=\"https:\/\/photos.smugmug.com\/Portugal\/Algarve\/Albufeira\/Praia-Aveiros\/i-rXZfDQ3\/0\/LCSB5vn6wX7VKjLW3R6m5L4fFnV3ZvxnzTqxDVVCt\/L\/praia%20dos%20aveiros%20albufeira%20algarve-07-L.jpg\" alt=\"Praia dos Aveiros (Albufeira): trappor\"\/><\/figure>\n\n<h3 class=\"wp-block-heading\">Tillfart med bil och parkering<\/h3>\n\n<p>Det \u00e4r l\u00e4tt att ta sig hit med bil via v\u00e4l underh\u00e5llna v\u00e4gar. Du kan parkera l\u00e4ngs v\u00e4gen inte l\u00e5ngt fr\u00e5n stranden. Under h\u00f6gs\u00e4song kan det dock vara sv\u00e5rare att hitta en parkeringsplats.<\/p>\n\n<figure class=\"wp-block-image size-large\"><img decoding=\"async\" src=\"https:\/\/photos.smugmug.com\/Portugal\/Algarve\/Albufeira\/Praia-Aveiros\/i-577cgz2\/0\/MBPG6MQGNCzWk7NPSmX9tWvr2GhW86ZkR2XWzgtfc\/L\/praia%20dos%20aveiros%20albufeira%20algarve-01-L.jpg\" alt=\"Praia dos Aveiros (Albufeira): gata\"\/><figcaption class=\"wp-element-caption\"><strong>Rue B\u00e9con Vasca da Gama<\/strong><\/figcaption><\/figure>\n\n<div style=\"margin-top:8%;margin-bottom:8%\" class=\"wp-block-genesis-blocks-gb-container box gb-block-container\"><div class=\"gb-container-inside\"><div class=\"gb-container-content\">\n<div class=\"wp-block-columns inverse box_planif is-layout-flex wp-container-core-columns-is-layout-9d6595d7 wp-block-columns-is-layout-flex\">\n<div class=\"wp-block-column texte_planif is-layout-flow wp-block-column-is-layout-flow\" style=\"flex-basis:60%\">\n<h5 class=\"titre_box\" style=\"padding-top:10px;\">V\u00c5RA R\u00c5D F\u00d6R ATT HYRA EN BIL I <span class=\"titre_box_manuscrit\">Algarve<\/span><\/h5>\n\n\n\n<ul style=\"font-size:14px\" class=\"wp-block-list\">\n<li>J\u00e4mf\u00f6r priser p\u00e5 v\u00e5r f\u00f6redragna plattform: <a href=\"https:\/\/www.discovercars.com\/se\/portugal?a_aid=zigzag&amp;chan=portugal\" target=\"_blank\" rel=\"noreferrer noopener nofollow\">DiscoverCars<\/a> &#8211; en av de b\u00e4st rankade webbplatserna.<\/li>\n\n\n\n<li>Ta inte en bil som \u00e4r f\u00f6r bred, eftersom gamla st\u00e4der har smala gator och sm\u00e5 parkeringsplatser.<\/li>\n\n\n\n<li>F\u00f6r fler valm\u00f6jligheter, <strong>boka tidigt<\/strong>.<\/li>\n<\/ul>\n<\/div>\n\n\n\n<div class=\"wp-block-column planif-radius-2 is-layout-flow wp-block-column-is-layout-flow\">\n<figure class=\"wp-block-image size-large voiture_image\"><img decoding=\"async\" src=\"https:\/\/photos.smugmug.com\/Portugal\/Alentejo\/Drive-to-Monsaraz\/i-FSp7zR9\/1\/KM9CSqcTv9RvpgScjMPvDQZHt7sjJ9sbXqjD47JzQ\/S\/Portugal_IMG_4161-S.jpg\" alt=\"k&#xF6;rning i Portugal\"\/><\/figure>\n<\/div>\n<\/div>\n\n\n\n<div class=\"wp-block-columns planif_bouton is-layout-flex wp-container-core-columns-is-layout-9d6595d7 wp-block-columns-is-layout-flex\">\n<div class=\"wp-block-column is-vertically-aligned-top is-layout-flow wp-block-column-is-layout-flow\">\n<div class=\"wp-block-buttons is-content-justification-center is-layout-flex wp-container-core-buttons-is-layout-16018d1d wp-block-buttons-is-layout-flex\">\n<div class=\"wp-block-button\"><a class=\"wp-block-button__link has-white-color has-text-color wp-element-button\" href=\"https:\/\/www.discovercars.com\/se\/portugal?a_aid=zigzag&amp;amp;chan=portugal\" target=\"_blank\" rel=\"noreferrer noopener nofollow\">Se tillg\u00e4ngliga bilar &gt;&gt;<\/a><\/div>\n<\/div>\n<\/div>\n\n\n\n<div class=\"wp-block-column is-vertically-aligned-center is-layout-flow wp-block-column-is-layout-flow\">\n<p class=\"has-text-align-center\" style=\"font-size:16px\">L\u00e4s v\u00e5ra r\u00e5d (kommer snart)<\/p>\n<\/div>\n<\/div>\n<\/div><\/div><\/div>\n\n<h3 class=\"wp-block-heading\">Tilltr\u00e4de fr\u00e5n Albufeira<\/h3>\n\n<p>Fr\u00e5n Albufeira tar du Grande Rue, <em>Avenida dos Descobrimentos <\/em>, sv\u00e4nger sedan in p\u00e5 Rua <em>Dufermline<\/em> och forts\u00e4tter rakt fram innan du sv\u00e4nger in p\u00e5 Avenida <em>Infante Dom Henrique<\/em> och slutligen in p\u00e5 <em>Rua B\u00e9con Vasca da Gama<\/em>, d\u00e4r du hittar b\u00f6rjan p\u00e5 stigen som leder ner till stranden.<\/p>\n\n<figure class=\"wp-block-image size-large\"><img decoding=\"async\" src=\"https:\/\/photos.smugmug.com\/Portugal\/Algarve\/Albufeira\/Praia-Aveiros\/i-6VT7MmB\/0\/KZJhfKJNs5MbN48XJjZ2fbVt2nvJFGNcqxWkhw373\/L\/praia%20dos%20aveiros%20albufeira%20algarve-19-L.jpg\" alt=\"Praia dos Aveiros (Albufeira): strand\"\/><\/figure>\n\n<h3 class=\"wp-block-heading\">Tillg\u00e4nglighet med kollektivtrafik<\/h3>\n\n<p>Om du \u00e5ker kollektivt \u00e4r den n\u00e4rmaste h\u00e5llplatsen &#8221;Areias S. Jo\u00e3o&#8221; p\u00e5 stadens transportn\u00e4t.<br\/>F\u00f6r att planera din rutt, se kartor, tidtabeller och biljettpriser <a href=\"https:\/\/vamusalgarve.pt\/#\/pt\/albufeira\/schedules\" target=\"_blank\" rel=\"noreferrer noopener nofollow\">h\u00e4r.<\/a><\/p>\n\n<figure class=\"wp-block-image size-large\"><img decoding=\"async\" src=\"https:\/\/photos.smugmug.com\/Portugal\/Algarve\/Albufeira\/Pratique-Stands-dactivit%C3%A9s\/i-NKHDr4B\/0\/LWxWkbzvqc6Z9w4pWj8jvzKWgt4ZTDNKFDPtrjHnG\/L\/albufeira%20pratique-16-L.jpg\" alt=\"Praia dos Aveiros (Albufeira): buss\"\/><\/figure>\n\n<div style=\"margin-top:8%;margin-bottom:8%\" class=\"wp-block-genesis-blocks-gb-container box gb-block-container\"><div class=\"gb-container-inside\"><div class=\"gb-container-content\">\n<div class=\"wp-block-columns inverse is-layout-flex wp-container-core-columns-is-layout-9d6595d7 wp-block-columns-is-layout-flex\">\n<div class=\"wp-block-column texte_planif is-layout-flow wp-block-column-is-layout-flow\" style=\"flex-basis:58%\">\n<h5 class=\"titre_box\" style=\"padding-top:10px;\">UPPT\u00c4CK <span class=\"titre_box_manuscrit\">Albufeira<\/span><\/h5>\n\n\n\n<ul class=\"wp-block-list ul_box\">\n<li style=\"font-size:16px\"><a href=\"https:\/\/portugallovers.com\/sv\/sevardheter-albufeira-att-gora\/\">Sev\u00e4rdheter i Albufeira<\/a><\/li>\n\n\n\n<li style=\"font-size:16px\"><a href=\"https:\/\/portugallovers.com\/sv\/var-kan-bo-albufeira-basta-hotellen-stadsdelarna\/\" target=\"_blank\" rel=\"noreferrer noopener\">B\u00e4sta hotell<\/a><\/li>\n\n\n\n<li style=\"font-size:16px\">B\u00e4sta restaurangerna (kommer snart)<\/li>\n\n\n\n<li style=\"font-size:16px\"><a href=\"https:\/\/portugallovers.com\/sv\/besok-albufeira-vintern-sevardheter\/\">Albufeira p\u00e5 vintern<\/a><\/li>\n<\/ul>\n<\/div>\n\n\n\n<div class=\"wp-block-column ville-radius is-layout-flow wp-block-column-is-layout-flow\" style=\"flex-basis:42%\">\n<figure class=\"wp-block-image size-large img-portrait\"><img decoding=\"async\" src=\"https:\/\/photos.smugmug.com\/Portugal\/Algarve\/Albufeira\/Best-of-vaut-la-peine\/i-Lch5fjG\/0\/KQgzHBGSJLxZcCq3WdpDss6sbm8kmXZMgZH7JXCQr\/L\/albufeira%20paysage-plage-L.jpg\" alt=\"Albufeira\" title=\"\"\/><\/figure>\n<\/div>\n<\/div>\n<\/div><\/div><\/div>\n\n<h2 class=\"wp-block-heading\">Anv\u00e4ndbar information<\/h2>\n\n<h3 class=\"wp-block-heading\">Hund<\/h3>\n\n<p>Hundar \u00e4r inte till\u00e5tna p\u00e5 stranden.<\/p>\n\n<figure class=\"wp-block-image size-large\"><img decoding=\"async\" src=\"https:\/\/photos.smugmug.com\/Portugal\/Algarve\/Albufeira\/Praia-Aveiros\/i-LRr5XSr\/0\/Lhg2fm2xFhQ47wZggQsgjwVZSkVwrFXp8zZ4Pvmdh\/L\/praia%20dos%20aveiros%20albufeira%20algarve-27-L.jpg\" alt=\"Praia dos Aveiros (Albufeira): klippor\"\/><\/figure>\n\n<h3 class=\"wp-block-heading\">Begr\u00e4nsad r\u00f6rlighet<\/h3>\n\n<p>Vi s\u00e5g inga faciliteter f\u00f6r att underl\u00e4tta tillg\u00e5ngen till stranden f\u00f6r personer med nedsatt r\u00f6rlighet. Dessutom \u00e4r v\u00e4gen till stranden kantad av kullerstenar och m\u00e5nga trappsteg.<\/p>\n\n<p><strong>F\u00f6r din information<\/strong>: Vi har f\u00e5tt veta att 244 kustomr\u00e5den i Portugal \u00e4r tillg\u00e4ngliga f\u00f6r personer med nedsatt r\u00f6rlighet. I Albufeira rekommenderar vi till exempel <a href=\"https:\/\/portugallovers.com\/sv\/praia-alemaes-strand-albufeira\/\" target=\"_blank\" rel=\"noreferrer noopener\">Praia dos Alem\u00e3es<\/a> eller <a href=\"https:\/\/portugallovers.com\/sv\/praia-pescadores-strand-albufeira\/\" target=\"_blank\" rel=\"noreferrer noopener\">Praia dos Pescadores<\/a>. Dessa str\u00e4nder \u00e4r utm\u00e4rkta med en vit flagga med symbolen Accessible Beach i bl\u00e5tt och gult. De har reserverade parkeringsplatser, anpassad tillg\u00e4nglighet f\u00f6r fotg\u00e4ngare, g\u00e5ngbroar \u00f6ver sanden och tillg\u00e4ngliga toaletter. L\u00e4s mer <a href=\"https:\/\/www.visitportugal.com\/fr\/content\/plage-accessible\" target=\"_blank\" rel=\"noreferrer noopener\">h\u00e4r<\/a>.<\/p>\n\n<figure class=\"wp-block-image size-large\"><img decoding=\"async\" src=\"https:\/\/photos.smugmug.com\/Portugal\/Algarve\/Albufeira\/Praia-Aveiros\/i-XXT2R86\/0\/LpBmv2c4wnrZbNN8HVJhSDRSQ76zcDjvshnjz7NQR\/L\/praia%20dos%20aveiros%20albufeira%20algarve-08-L.jpg\" alt=\"Praia dos Aveiros (Albufeira): tilltr&#xE4;de f&#xF6;r funktionshindrade om&#xF6;jligt\"\/><\/figure>\n\n<h3 class=\"wp-block-heading\">Med barn<\/h3>\n\n<p>Sluttningen \u00e4r mjuk och perfekt f\u00f6r ett bes\u00f6k med barn.  <\/p>\n\n<ul class=\"wp-block-list\">\n<li>\u00c5 andra sidan b\u00f6r man akta sig f\u00f6r svallv\u00e5gorna, som kan bilda stora v\u00e5gor n\u00e4r v\u00e4dret inte \u00e4r bra.  <\/li>\n\n\n\n<li>Du b\u00f6r ocks\u00e5 vara f\u00f6rsiktig s\u00e5 att du inte s\u00e4tter dig under klippor, \u00e4ven om de erbjuder lite skugga: det finns risk f\u00f6r fallande stenar.<\/li>\n<\/ul>\n\n<figure class=\"wp-block-image size-large\"><img decoding=\"async\" src=\"https:\/\/photos.smugmug.com\/Portugal\/Algarve\/Albufeira\/Praia-Aveiros\/i-MbNV3zn\/0\/KtsD92qzJWmZtc2FzDqWVKz65Qr8Mqsk6hk6TPG84\/L\/praia%20dos%20aveiros%20albufeira%20algarve-18-L.jpg\" alt=\"Praia dos Aveiros (Albufeira): barn\"\/><\/figure>\n\n<h3 class=\"wp-block-heading\">Naturism<\/h3>\n\n<p>Det \u00e4r inte m\u00f6jligt att ut\u00f6va naturism p\u00e5 denna strand.<\/p>\n\n<figure class=\"wp-block-image size-large\"><img decoding=\"async\" src=\"https:\/\/photos.smugmug.com\/Portugal\/Algarve\/Albufeira\/Praia-Aveiros\/i-K64PFgm\/0\/LGgcV3ghkr8WfPx8Z6Q2BT6kBHdQGFgcgzhKQrmK9\/L\/praia%20dos%20aveiros%20albufeira%20algarve-14-L.jpg\" alt=\"Praia dos Aveiros (Albufeira): stenar\"\/><\/figure>\n\n<h3 class=\"wp-block-heading\">\u00c4ta ute<\/h3>\n\n<p>P\u00e5 plats kan du \u00e4ta middag p\u00e5 <em>Aveiros<\/em> Restaurant, som erbjuder panoramautsikt \u00f6ver stranden.<\/p>\n\n<figure class=\"wp-block-image size-large\"><img decoding=\"async\" src=\"https:\/\/photos.smugmug.com\/Portugal\/Algarve\/Albufeira\/Praia-Aveiros\/i-vf3xZRD\/0\/K4v546kv6JCw9TdZBQ68xhktD3mFdvSFHbSt4RW6B\/L\/praia%20dos%20aveiros%20albufeira%20algarve-21-L.jpg\" alt=\"Praia dos Aveiros (Albufeira): restaurang\"\/><\/figure>\n\n<h3 class=\"wp-block-heading\">Hotell<\/h3>\n\n<p>Du befinner dig mitt i Albufeiras centrum. H\u00e4r \u00e4r v\u00e5ra rekommendationer:<\/p>\n\n<div style=\"margin-top:8%;margin-bottom:8%\" class=\"wp-block-genesis-blocks-gb-container box gb-block-container\"><div class=\"gb-container-inside\"><div class=\"gb-container-content\" style=\"max-width:700px\">\n<div class=\"wp-block-genesis-blocks-gb-container box_titre gb-block-container\"><div class=\"gb-container-inside\"><div class=\"gb-container-content\">\n<h5 class=\"titre_box\" style=\"padding-top:10px;\">VAR KAN MAN BO I <span class=\"titre_box_manuscrit\">Albufeira<\/span><\/h5>\n<\/div><\/div><\/div>\n\n\n\n<hr class=\"wp-block-separator has-text-color has-alpha-channel-opacity has-background is-style-wide hr-box-planif\" style=\"background-color:#ccd3dd;color:#ccd3dd\"\/>\n\n\n\n<div class=\"wp-block-columns box_sans_border is-layout-flex wp-container-core-columns-is-layout-9d6595d7 wp-block-columns-is-layout-flex\">\n<div class=\"wp-block-column texte_planif is-layout-flow wp-block-column-is-layout-flow\" style=\"font-size:14px;flex-basis:60%\">\n<p class=\"option_titre2\"><strong>V\u00e5ra favoriter: stadsdelar och hotell<\/strong><\/p>\n\n\n\n<p style=\"font-size:14px\">B\u00e4sta historiska hotell<br\/><strong>Boutique Hotel Vila Origens<\/strong> &#8211; <a href=\"https:\/\/www.booking.com\/hotel\/pt\/vila-origens-boutique-albufeira-adults-only?aid=2420176.html\" target=\"_blank\" rel=\"noreferrer noopener sponsored nofollow\">priser, bilder och tillg\u00e4nglighet<\/a><\/p>\n\n\n\n<p style=\"font-size:14px\">B\u00e4sta hotellet p\u00e5 stranden<br\/><strong>Hotel Sol e Mar<\/strong> &#8211; <a href=\"https:\/\/www.booking.com\/hotel\/pt\/solemaralbufeira.fr.html\" target=\"_blank\" rel=\"noreferrer noopener sponsored nofollow\">Se priser, bilder och tillg\u00e4nglighet<\/a><\/p>\n\n\n\n<p style=\"font-size:14px\">B\u00e4sta lyxhotellet<br\/>Pine Cliff Ocean Suites Hotel &#8211; <a href=\"https:\/\/www.booking.com\/hotel\/pt\/pine-cliffs-ocean-suites-a-luxury-collection-resort-algarve?aid=2420176.html\" target=\"_blank\" rel=\"noreferrer noopener sponsored nofollow\">Se priser, bilder och tillg\u00e4nglighet<\/a><\/p>\n<\/div>\n\n\n\n<div class=\"wp-block-column is-vertically-aligned-top planif-radius is-layout-flow wp-block-column-is-layout-flow\" style=\"flex-basis:40%\">\n<figure class=\"wp-block-image size-large img-portrait\"><img decoding=\"async\" src=\"https:\/\/photos.smugmug.com\/Portugal\/Algarve\/Albufeira\/Best-of-hotels\/i-46MHzdz\/0\/KkzSVtB267k2Nj6Sm9g5Zj3pszBBfhMDsXdksvnWS\/L\/albufeira%20hotel%20vila%20origens-1-L.jpg\" alt=\"ortique Hotel Vila Origens\" title=\"\"\/><\/figure>\n<\/div>\n<\/div>\n\n\n\n<p class=\"has-text-align-center has-normal-font-size\"><a href=\"https:\/\/portugallovers.com\/sv\/var-kan-bo-albufeira-basta-hotellen-stadsdelarna\/\" target=\"_blank\" rel=\"noreferrer noopener\">Se v\u00e5rt kompletta urval av de b\u00e4sta hotellen i Albufeira<\/a><\/p>\n\n\n\n<div class=\"wp-block-buttons planif_bouton is-content-justification-center is-layout-flex wp-container-core-buttons-is-layout-16018d1d wp-block-buttons-is-layout-flex\">\n<div class=\"wp-block-button\"><a class=\"wp-block-button__link has-white-color has-text-color has-custom-font-size wp-element-button\" href=\"https:\/\/www.booking.com\/searchresults.html?city=-2157420&amp;nflt=review_score%253D90%253Breview_score%253D80&amp;aid=2420176&amp;no_rooms=1&amp;group_adults=2\" style=\"border-radius:4px;font-size:14px\" target=\"_blank\" rel=\"noreferrer noopener nofollow\">Se alla tillg\u00e4ngliga boenden (kommer snart) &gt;&gt;<\/a><\/div>\n<\/div>\n<\/div><\/div><\/div>\n\n<div style=\"margin-top:8%;margin-bottom:8%\" class=\"wp-block-genesis-blocks-gb-container box gb-block-container\"><div class=\"gb-container-inside\"><div class=\"gb-container-content\" style=\"max-width:700px\">\n<div class=\"wp-block-genesis-blocks-gb-container box_titre gb-block-container\"><div class=\"gb-container-inside\"><div class=\"gb-container-content\">\n<h5 class=\"titre_box\">PLANERA DIN RESA TILL <span class=\"titre_box_manuscrit\">Algarve<\/span><\/h5>\n<\/div><\/div><\/div>\n\n\n\n<hr class=\"wp-block-separator has-text-color has-alpha-channel-opacity has-background is-style-wide hr-box-planif\" style=\"background-color:#ccd3dd;color:#ccd3dd\"\/>\n\n\n\n<div class=\"wp-block-columns box_sans_border is-layout-flex wp-container-core-columns-is-layout-9d6595d7 wp-block-columns-is-layout-flex\">\n<div class=\"wp-block-column texte_planif is-layout-flow wp-block-column-is-layout-flow\" style=\"font-size:14px;flex-basis:60%\">\n<ul class=\"wp-block-list\">\n<li><strong>B\u00e4st av<\/strong><\/li>\n<\/ul>\n\n\n\n<p class=\"ul_box\" style=\"font-size:14px\"><a data-type=\"post\" data-id=\"234\" href=\"https:\/\/portugallovers.com\/sv\/vad-man-kan-gora-algarve-besok\/\" target=\"_blank\" rel=\"noreferrer noopener\">Sev\u00e4rdheter i Algarve<\/a><br\/>De vackraste landskapen (kommer snart)<br\/><a href=\"https:\/\/portugallovers.com\/sv\/basta-staderna-algarve-byarna\/\" target=\"_blank\" rel=\"noreferrer noopener\">De vackraste st\u00e4derna och byarna<\/a><br\/><a data-type=\"post\" data-id=\"232\" href=\"https:\/\/portugallovers.com\/sv\/basta-stranderna-algarve\/\" target=\"_blank\" rel=\"noreferrer noopener\">De vackraste str\u00e4nderna i Algarve<\/a><\/p>\n<\/div>\n\n\n\n<div class=\"wp-block-column is-vertically-aligned-top planif-radius is-layout-flow wp-block-column-is-layout-flow\" style=\"flex-basis:40%\">\n<figure class=\"wp-block-image size-large img-portrait\"><img decoding=\"async\" src=\"https:\/\/photos.smugmug.com\/Portugal\/Algarve\/Lagos\/Ponta-da-piedade\/i-D7CBTP5\/1\/NQ4BbwKc6B9Zkq4CQJ28dNBgDG8FBHfW992nXZ7tJ\/S\/ponta_da_piedade_Algarve_Portugal_IMG_6344-S.jpg\" alt=\"Ponta da Piedade\" title=\"\"\/><\/figure>\n<\/div>\n<\/div>\n\n\n\n<hr class=\"wp-block-separator has-text-color has-alpha-channel-opacity has-background is-style-wide hr-box-planif\" style=\"background-color:#ccd3dd;color:#ccd3dd\"\/>\n\n\n\n<div class=\"wp-block-columns box_sans_border is-layout-flex wp-container-core-columns-is-layout-9d6595d7 wp-block-columns-is-layout-flex\">\n<div class=\"wp-block-column texte_planif is-layout-flow wp-block-column-is-layout-flow\" style=\"flex-basis:60%\">\n<ul class=\"wp-block-list\">\n<li><strong>Praktiska r\u00e5d<\/strong><\/li>\n<\/ul>\n\n\n\n<p style=\"font-size:14px\"><br\/>N\u00e4r ska du \u00e5ka? (kommer snart)<br\/>Hur man hyr en bil i Algarve (kommer snart)<br\/>K\u00f6rtips (kommer snart)<br\/><a href=\"https:\/\/portugallovers.com\/sv\/hur-manga-dagar-algarve\/\" target=\"_blank\" rel=\"noreferrer noopener\">Hur m\u00e5nga dagar?<\/a><\/p>\n\n\n\n<p style=\"font-size:14px\">Resplaner (kommer snart)<\/p>\n\n\n\n<p style=\"font-size:14px\"><a href=\"https:\/\/portugallovers.com\/sv\/var-ska-bo-algarve-basta-omradena\/\" target=\"_blank\" rel=\"noreferrer noopener\">Var man kan bo i Algarve  <\/a><\/p>\n<\/div>\n\n\n\n<div class=\"wp-block-column is-vertically-aligned-top planif-radius is-layout-flow wp-block-column-is-layout-flow\" style=\"flex-basis:40%\">\n<figure class=\"wp-block-image size-large img-portrait\"><img decoding=\"async\" src=\"https:\/\/photos.smugmug.com\/Portugal\/Algarve\/Sagres\/Fortaleza-de-Sagres\/i-KSrhk5W\/0\/LgdzjWM6pGsQmq8BCdLm9Cmt52VWFx2R83GJzTfMr\/S\/Sagres_fortress_Portugal_IMG_6406-S.jpg\" alt=\"Sagres\" title=\"\"\/><\/figure>\n<\/div>\n<\/div>\n\n\n\n<hr class=\"wp-block-separator has-text-color has-alpha-channel-opacity has-background is-style-wide hr-box-planif\" style=\"background-color:#ccd3dd;color:#ccd3dd\"\/>\n\n\n\n<div class=\"wp-block-columns box_sans_border is-layout-flex wp-container-core-columns-is-layout-9d6595d7 wp-block-columns-is-layout-flex\">\n<div class=\"wp-block-column texte_planif is-layout-flow wp-block-column-is-layout-flow\" style=\"flex-basis:60%\">\n<ul class=\"wp-block-list\">\n<li><strong>Det du m\u00e5ste ha<\/strong><\/li>\n<\/ul>\n\n\n\n<p style=\"font-size:14px\">Ponta da Piedade (kommer snart)<br\/>Benagil-grottan (kommer snart)<br\/><a href=\"https:\/\/portugallovers.com\/sv\/praia-marinha-strand-algarve\/\" target=\"_blank\" rel=\"noreferrer noopener\">Praia da Marinha<\/a><br\/>Delfinsk\u00e5dning (kommer snart)<br\/><a href=\"https:\/\/portugallovers.com\/sv\/sevardheter-lagos-att-gora\/\" target=\"_blank\" rel=\"noreferrer noopener\">Vad man kan g\u00f6ra i Lagos<\/a><br\/><a href=\"https:\/\/portugallovers.com\/sv\/sevardheter-portimao-att-gora\/\" target=\"_blank\" rel=\"noreferrer noopener\">Vad man kan g\u00f6ra i Portimao<\/a><br\/><a href=\"https:\/\/portugallovers.com\/sv\/sevardheter-albufeira-att-gora\/\" target=\"_blank\" rel=\"noreferrer noopener\">Vad man kan g\u00f6ra i Albufeira<\/a><br\/><a href=\"https:\/\/portugallovers.com\/sv\/sevardheter-faro-att-gora\/\" target=\"_blank\" rel=\"noreferrer noopener\">Vad man kan g\u00f6ra i Faro<\/a><br\/><\/p>\n<\/div>\n\n\n\n<div class=\"wp-block-column is-vertically-aligned-top planif-radius is-layout-flow wp-block-column-is-layout-flow\" style=\"flex-basis:40%\">\n<figure class=\"wp-block-image size-large img-portrait\"><img decoding=\"async\" src=\"https:\/\/photos.smugmug.com\/Portugal\/Algarve\/Ferragudo\/View-village\/i-dc8TzZV\/0\/K5XPvkw6pJZqFR4PGL489pNwRnV6LqQvPnxQFfcCT\/S\/Ferragudo_algarve_IMG_0295-S.jpg\" alt=\"FErrugado\" title=\"\"\/><\/figure>\n<\/div>\n<\/div>\n\n\n\n<div style=\"height:30px\" aria-hidden=\"true\" class=\"wp-block-spacer\"><\/div>\n<\/div><\/div><\/div>\n","protected":false},"excerpt":{"rendered":"<p>Dr\u00f6mmer du om en avskild vik som ligger inb\u00e4ddad mellan gyllene klippor, med kristallklart vatten och en fridfull atmosf\u00e4r? Praia dos Aveiros kan mycket v\u00e4l vara ditt lilla h\u00f6rn av paradiset i Albufeira. Stranden \u00e4r mindre k\u00e4nd \u00e4n de n\u00e4rliggande str\u00e4nderna, men vi \u00e4lskade den or\u00f6rda naturen, perfekt f\u00f6r avkoppling eller f\u00f6r att utforska klipporna [&hellip;]<\/p>\n","protected":false},"author":7,"featured_media":4277,"comment_status":"closed","ping_status":"closed","sticky":false,"template":"","format":"standard","meta":{"_genesis_hide_title":false,"_genesis_hide_breadcrumbs":false,"_genesis_hide_singular_image":false,"_genesis_hide_footer_widgets":false,"_genesis_custom_body_class":"","_genesis_custom_post_class":"","_genesis_layout":"","footnotes":""},"categories":[154],"tags":[],"class_list":{"0":"post-4281","1":"post","2":"type-post","3":"status-publish","4":"format-standard","5":"has-post-thumbnail","7":"category-albufeira","8":"entry"},"yoast_head":"<!-- This site is optimized with the Yoast SEO plugin v27.2 - https:\/\/yoast.com\/product\/yoast-seo-wordpress\/ -->\n<title>Praia dos Aveiros (Albufeira): tips + foton<\/title>\n<meta name=\"description\" content=\"V\u00e5ra tips och foton f\u00f6r att bes\u00f6ka Praia dos Aveiros Beach i Albufeira: tillg\u00e5ng, parkering, faciliteter, landskap, handikappanpassning, aktiviteter...\" \/>\n<meta name=\"robots\" content=\"index, follow, max-snippet:-1, max-image-preview:large, max-video-preview:-1\" \/>\n<link rel=\"canonical\" href=\"https:\/\/portugallovers.com\/sv\/praia-aveiros-strand-albufeira\/\" \/>\n<meta property=\"og:locale\" content=\"sv_SE\" \/>\n<meta property=\"og:type\" content=\"article\" \/>\n<meta property=\"og:title\" content=\"Praia dos Aveiros (Albufeira): tips + foton\" \/>\n<meta property=\"og:description\" content=\"V\u00e5ra tips och foton f\u00f6r att bes\u00f6ka Praia dos Aveiros Beach i Albufeira: tillg\u00e5ng, parkering, faciliteter, landskap, handikappanpassning, aktiviteter...\" \/>\n<meta property=\"og:url\" content=\"https:\/\/portugallovers.com\/sv\/praia-aveiros-strand-albufeira\/\" \/>\n<meta property=\"og:site_name\" content=\"Portugal Lovers\" \/>\n<meta property=\"article:published_time\" content=\"2025-07-29T13:12:16+00:00\" \/>\n<meta property=\"article:modified_time\" content=\"2025-12-14T10:52:18+00:00\" \/>\n<meta property=\"og:image\" content=\"https:\/\/portugallovers.com\/wp-content\/uploads\/2025\/07\/praia-aveiros-strand-albufeira-se.jpg\" \/>\n\t<meta property=\"og:image:width\" content=\"2560\" \/>\n\t<meta property=\"og:image:height\" content=\"1920\" \/>\n\t<meta property=\"og:image:type\" content=\"image\/jpeg\" \/>\n<meta name=\"author\" content=\"Morgane\" \/>\n<meta name=\"twitter:card\" content=\"summary_large_image\" \/>\n<meta name=\"twitter:label1\" content=\"Skriven av\" \/>\n\t<meta name=\"twitter:data1\" content=\"Morgane\" \/>\n\t<meta name=\"twitter:label2\" content=\"Ber\u00e4knad l\u00e4stid\" \/>\n\t<meta name=\"twitter:data2\" content=\"5 minuter\" \/>\n<script type=\"application\/ld+json\" class=\"yoast-schema-graph\">{\"@context\":\"https:\/\/schema.org\",\"@graph\":[{\"@type\":\"Article\",\"@id\":\"https:\/\/portugallovers.com\/sv\/praia-aveiros-strand-albufeira\/#article\",\"isPartOf\":{\"@id\":\"https:\/\/portugallovers.com\/sv\/praia-aveiros-strand-albufeira\/\"},\"author\":{\"name\":\"Morgane\",\"@id\":\"https:\/\/portugallovers.com\/sv\/#\/schema\/person\/799e9fd360dc75b7ce5442de3559a291\"},\"headline\":\"Praia dos Aveiros (Albufeira): tips + foton\",\"datePublished\":\"2025-07-29T13:12:16+00:00\",\"dateModified\":\"2025-12-14T10:52:18+00:00\",\"mainEntityOfPage\":{\"@id\":\"https:\/\/portugallovers.com\/sv\/praia-aveiros-strand-albufeira\/\"},\"wordCount\":925,\"publisher\":{\"@id\":\"https:\/\/portugallovers.com\/sv\/#organization\"},\"image\":{\"@id\":\"https:\/\/portugallovers.com\/sv\/praia-aveiros-strand-albufeira\/#primaryimage\"},\"thumbnailUrl\":\"https:\/\/portugallovers.com\/wp-content\/uploads\/2025\/07\/praia-aveiros-strand-albufeira-se.jpg\",\"articleSection\":[\"Albufeira\"],\"inLanguage\":\"sv-SE\"},{\"@type\":\"WebPage\",\"@id\":\"https:\/\/portugallovers.com\/sv\/praia-aveiros-strand-albufeira\/\",\"url\":\"https:\/\/portugallovers.com\/sv\/praia-aveiros-strand-albufeira\/\",\"name\":\"Praia dos Aveiros (Albufeira): tips + foton\",\"isPartOf\":{\"@id\":\"https:\/\/portugallovers.com\/sv\/#website\"},\"primaryImageOfPage\":{\"@id\":\"https:\/\/portugallovers.com\/sv\/praia-aveiros-strand-albufeira\/#primaryimage\"},\"image\":{\"@id\":\"https:\/\/portugallovers.com\/sv\/praia-aveiros-strand-albufeira\/#primaryimage\"},\"thumbnailUrl\":\"https:\/\/portugallovers.com\/wp-content\/uploads\/2025\/07\/praia-aveiros-strand-albufeira-se.jpg\",\"datePublished\":\"2025-07-29T13:12:16+00:00\",\"dateModified\":\"2025-12-14T10:52:18+00:00\",\"description\":\"V\u00e5ra tips och foton f\u00f6r att bes\u00f6ka Praia dos Aveiros Beach i Albufeira: tillg\u00e5ng, parkering, faciliteter, landskap, handikappanpassning, aktiviteter...\",\"breadcrumb\":{\"@id\":\"https:\/\/portugallovers.com\/sv\/praia-aveiros-strand-albufeira\/#breadcrumb\"},\"inLanguage\":\"sv-SE\",\"potentialAction\":[{\"@type\":\"ReadAction\",\"target\":[\"https:\/\/portugallovers.com\/sv\/praia-aveiros-strand-albufeira\/\"]}]},{\"@type\":\"ImageObject\",\"inLanguage\":\"sv-SE\",\"@id\":\"https:\/\/portugallovers.com\/sv\/praia-aveiros-strand-albufeira\/#primaryimage\",\"url\":\"https:\/\/portugallovers.com\/wp-content\/uploads\/2025\/07\/praia-aveiros-strand-albufeira-se.jpg\",\"contentUrl\":\"https:\/\/portugallovers.com\/wp-content\/uploads\/2025\/07\/praia-aveiros-strand-albufeira-se.jpg\",\"width\":2560,\"height\":1920,\"caption\":\"praia aveiros strand albufeira se\"},{\"@type\":\"BreadcrumbList\",\"@id\":\"https:\/\/portugallovers.com\/sv\/praia-aveiros-strand-albufeira\/#breadcrumb\",\"itemListElement\":[{\"@type\":\"ListItem\",\"position\":1,\"name\":\"Accueil\",\"item\":\"https:\/\/portugallovers.com\/sv\/\"},{\"@type\":\"ListItem\",\"position\":2,\"name\":\"Albufeira\",\"item\":\"https:\/\/portugallovers.com\/sv\/albufeira\/\"},{\"@type\":\"ListItem\",\"position\":3,\"name\":\"Praia dos Aveiros (Albufeira): tips + foton\"}]},{\"@type\":\"WebSite\",\"@id\":\"https:\/\/portugallovers.com\/sv\/#website\",\"url\":\"https:\/\/portugallovers.com\/sv\/\",\"name\":\"Portugal Lovers\",\"description\":\"\",\"publisher\":{\"@id\":\"https:\/\/portugallovers.com\/sv\/#organization\"},\"potentialAction\":[{\"@type\":\"SearchAction\",\"target\":{\"@type\":\"EntryPoint\",\"urlTemplate\":\"https:\/\/portugallovers.com\/sv\/?s={search_term_string}\"},\"query-input\":{\"@type\":\"PropertyValueSpecification\",\"valueRequired\":true,\"valueName\":\"search_term_string\"}}],\"inLanguage\":\"sv-SE\"},{\"@type\":\"Organization\",\"@id\":\"https:\/\/portugallovers.com\/sv\/#organization\",\"name\":\"Portugal Lovers\",\"url\":\"https:\/\/portugallovers.com\/sv\/\",\"logo\":{\"@type\":\"ImageObject\",\"inLanguage\":\"sv-SE\",\"@id\":\"https:\/\/portugallovers.com\/sv\/#\/schema\/logo\/image\/\",\"url\":\"https:\/\/portugallovers.com\/wp-content\/uploads\/2024\/05\/cropped-Portugal-Lovers-Logo.png\",\"contentUrl\":\"https:\/\/portugallovers.com\/wp-content\/uploads\/2024\/05\/cropped-Portugal-Lovers-Logo.png\",\"width\":2742,\"height\":469,\"caption\":\"Portugal Lovers\"},\"image\":{\"@id\":\"https:\/\/portugallovers.com\/sv\/#\/schema\/logo\/image\/\"}},{\"@type\":\"Person\",\"@id\":\"https:\/\/portugallovers.com\/sv\/#\/schema\/person\/799e9fd360dc75b7ce5442de3559a291\",\"name\":\"Morgane\",\"image\":{\"@type\":\"ImageObject\",\"inLanguage\":\"sv-SE\",\"@id\":\"https:\/\/secure.gravatar.com\/avatar\/afa26912805402e3ea29288b7478a6a37b47e98385c004daed7d76f04733a512?s=96&d=mm&r=g\",\"url\":\"https:\/\/secure.gravatar.com\/avatar\/afa26912805402e3ea29288b7478a6a37b47e98385c004daed7d76f04733a512?s=96&d=mm&r=g\",\"contentUrl\":\"https:\/\/secure.gravatar.com\/avatar\/afa26912805402e3ea29288b7478a6a37b47e98385c004daed7d76f04733a512?s=96&d=mm&r=g\",\"caption\":\"Morgane\"},\"sameAs\":[\"https:\/\/portugallovers.com\/morgane-mazelier\/\"],\"url\":\"https:\/\/portugallovers.com\/sv\/author\/morgane\/\"}]}<\/script>\n<!-- \/ Yoast SEO plugin. -->","yoast_head_json":{"title":"Praia dos Aveiros (Albufeira): tips + foton","description":"V\u00e5ra tips och foton f\u00f6r att bes\u00f6ka Praia dos Aveiros Beach i Albufeira: tillg\u00e5ng, parkering, faciliteter, landskap, handikappanpassning, aktiviteter...","robots":{"index":"index","follow":"follow","max-snippet":"max-snippet:-1","max-image-preview":"max-image-preview:large","max-video-preview":"max-video-preview:-1"},"canonical":"https:\/\/portugallovers.com\/sv\/praia-aveiros-strand-albufeira\/","og_locale":"sv_SE","og_type":"article","og_title":"Praia dos Aveiros (Albufeira): tips + foton","og_description":"V\u00e5ra tips och foton f\u00f6r att bes\u00f6ka Praia dos Aveiros Beach i Albufeira: tillg\u00e5ng, parkering, faciliteter, landskap, handikappanpassning, aktiviteter...","og_url":"https:\/\/portugallovers.com\/sv\/praia-aveiros-strand-albufeira\/","og_site_name":"Portugal Lovers","article_published_time":"2025-07-29T13:12:16+00:00","article_modified_time":"2025-12-14T10:52:18+00:00","og_image":[{"width":2560,"height":1920,"url":"https:\/\/portugallovers.com\/wp-content\/uploads\/2025\/07\/praia-aveiros-strand-albufeira-se.jpg","type":"image\/jpeg"}],"author":"Morgane","twitter_card":"summary_large_image","twitter_misc":{"Skriven av":"Morgane","Ber\u00e4knad l\u00e4stid":"5 minuter"},"schema":{"@context":"https:\/\/schema.org","@graph":[{"@type":"Article","@id":"https:\/\/portugallovers.com\/sv\/praia-aveiros-strand-albufeira\/#article","isPartOf":{"@id":"https:\/\/portugallovers.com\/sv\/praia-aveiros-strand-albufeira\/"},"author":{"name":"Morgane","@id":"https:\/\/portugallovers.com\/sv\/#\/schema\/person\/799e9fd360dc75b7ce5442de3559a291"},"headline":"Praia dos Aveiros (Albufeira): tips + foton","datePublished":"2025-07-29T13:12:16+00:00","dateModified":"2025-12-14T10:52:18+00:00","mainEntityOfPage":{"@id":"https:\/\/portugallovers.com\/sv\/praia-aveiros-strand-albufeira\/"},"wordCount":925,"publisher":{"@id":"https:\/\/portugallovers.com\/sv\/#organization"},"image":{"@id":"https:\/\/portugallovers.com\/sv\/praia-aveiros-strand-albufeira\/#primaryimage"},"thumbnailUrl":"https:\/\/portugallovers.com\/wp-content\/uploads\/2025\/07\/praia-aveiros-strand-albufeira-se.jpg","articleSection":["Albufeira"],"inLanguage":"sv-SE"},{"@type":"WebPage","@id":"https:\/\/portugallovers.com\/sv\/praia-aveiros-strand-albufeira\/","url":"https:\/\/portugallovers.com\/sv\/praia-aveiros-strand-albufeira\/","name":"Praia dos Aveiros (Albufeira): tips + foton","isPartOf":{"@id":"https:\/\/portugallovers.com\/sv\/#website"},"primaryImageOfPage":{"@id":"https:\/\/portugallovers.com\/sv\/praia-aveiros-strand-albufeira\/#primaryimage"},"image":{"@id":"https:\/\/portugallovers.com\/sv\/praia-aveiros-strand-albufeira\/#primaryimage"},"thumbnailUrl":"https:\/\/portugallovers.com\/wp-content\/uploads\/2025\/07\/praia-aveiros-strand-albufeira-se.jpg","datePublished":"2025-07-29T13:12:16+00:00","dateModified":"2025-12-14T10:52:18+00:00","description":"V\u00e5ra tips och foton f\u00f6r att bes\u00f6ka Praia dos Aveiros Beach i Albufeira: tillg\u00e5ng, parkering, faciliteter, landskap, handikappanpassning, aktiviteter...","breadcrumb":{"@id":"https:\/\/portugallovers.com\/sv\/praia-aveiros-strand-albufeira\/#breadcrumb"},"inLanguage":"sv-SE","potentialAction":[{"@type":"ReadAction","target":["https:\/\/portugallovers.com\/sv\/praia-aveiros-strand-albufeira\/"]}]},{"@type":"ImageObject","inLanguage":"sv-SE","@id":"https:\/\/portugallovers.com\/sv\/praia-aveiros-strand-albufeira\/#primaryimage","url":"https:\/\/portugallovers.com\/wp-content\/uploads\/2025\/07\/praia-aveiros-strand-albufeira-se.jpg","contentUrl":"https:\/\/portugallovers.com\/wp-content\/uploads\/2025\/07\/praia-aveiros-strand-albufeira-se.jpg","width":2560,"height":1920,"caption":"praia aveiros strand albufeira se"},{"@type":"BreadcrumbList","@id":"https:\/\/portugallovers.com\/sv\/praia-aveiros-strand-albufeira\/#breadcrumb","itemListElement":[{"@type":"ListItem","position":1,"name":"Accueil","item":"https:\/\/portugallovers.com\/sv\/"},{"@type":"ListItem","position":2,"name":"Albufeira","item":"https:\/\/portugallovers.com\/sv\/albufeira\/"},{"@type":"ListItem","position":3,"name":"Praia dos Aveiros (Albufeira): tips + foton"}]},{"@type":"WebSite","@id":"https:\/\/portugallovers.com\/sv\/#website","url":"https:\/\/portugallovers.com\/sv\/","name":"Portugal Lovers","description":"","publisher":{"@id":"https:\/\/portugallovers.com\/sv\/#organization"},"potentialAction":[{"@type":"SearchAction","target":{"@type":"EntryPoint","urlTemplate":"https:\/\/portugallovers.com\/sv\/?s={search_term_string}"},"query-input":{"@type":"PropertyValueSpecification","valueRequired":true,"valueName":"search_term_string"}}],"inLanguage":"sv-SE"},{"@type":"Organization","@id":"https:\/\/portugallovers.com\/sv\/#organization","name":"Portugal Lovers","url":"https:\/\/portugallovers.com\/sv\/","logo":{"@type":"ImageObject","inLanguage":"sv-SE","@id":"https:\/\/portugallovers.com\/sv\/#\/schema\/logo\/image\/","url":"https:\/\/portugallovers.com\/wp-content\/uploads\/2024\/05\/cropped-Portugal-Lovers-Logo.png","contentUrl":"https:\/\/portugallovers.com\/wp-content\/uploads\/2024\/05\/cropped-Portugal-Lovers-Logo.png","width":2742,"height":469,"caption":"Portugal Lovers"},"image":{"@id":"https:\/\/portugallovers.com\/sv\/#\/schema\/logo\/image\/"}},{"@type":"Person","@id":"https:\/\/portugallovers.com\/sv\/#\/schema\/person\/799e9fd360dc75b7ce5442de3559a291","name":"Morgane","image":{"@type":"ImageObject","inLanguage":"sv-SE","@id":"https:\/\/secure.gravatar.com\/avatar\/afa26912805402e3ea29288b7478a6a37b47e98385c004daed7d76f04733a512?s=96&d=mm&r=g","url":"https:\/\/secure.gravatar.com\/avatar\/afa26912805402e3ea29288b7478a6a37b47e98385c004daed7d76f04733a512?s=96&d=mm&r=g","contentUrl":"https:\/\/secure.gravatar.com\/avatar\/afa26912805402e3ea29288b7478a6a37b47e98385c004daed7d76f04733a512?s=96&d=mm&r=g","caption":"Morgane"},"sameAs":["https:\/\/portugallovers.com\/morgane-mazelier\/"],"url":"https:\/\/portugallovers.com\/sv\/author\/morgane\/"}]}},"featured_image_src":"https:\/\/portugallovers.com\/wp-content\/uploads\/2025\/07\/praia-aveiros-strand-albufeira-se-600x400.jpg","featured_image_src_square":"https:\/\/portugallovers.com\/wp-content\/uploads\/2025\/07\/praia-aveiros-strand-albufeira-se-600x600.jpg","author_info":{"display_name":"Morgane","author_link":"https:\/\/portugallovers.com\/sv\/author\/morgane\/"},"_links":{"self":[{"href":"https:\/\/portugallovers.com\/sv\/wp-json\/wp\/v2\/posts\/4281","targetHints":{"allow":["GET"]}}],"collection":[{"href":"https:\/\/portugallovers.com\/sv\/wp-json\/wp\/v2\/posts"}],"about":[{"href":"https:\/\/portugallovers.com\/sv\/wp-json\/wp\/v2\/types\/post"}],"author":[{"embeddable":true,"href":"https:\/\/portugallovers.com\/sv\/wp-json\/wp\/v2\/users\/7"}],"replies":[{"embeddable":true,"href":"https:\/\/portugallovers.com\/sv\/wp-json\/wp\/v2\/comments?post=4281"}],"version-history":[{"count":0,"href":"https:\/\/portugallovers.com\/sv\/wp-json\/wp\/v2\/posts\/4281\/revisions"}],"wp:featuredmedia":[{"embeddable":true,"href":"https:\/\/portugallovers.com\/sv\/wp-json\/wp\/v2\/media\/4277"}],"wp:attachment":[{"href":"https:\/\/portugallovers.com\/sv\/wp-json\/wp\/v2\/media?parent=4281"}],"wp:term":[{"taxonomy":"category","embeddable":true,"href":"https:\/\/portugallovers.com\/sv\/wp-json\/wp\/v2\/categories?post=4281"},{"taxonomy":"post_tag","embeddable":true,"href":"https:\/\/portugallovers.com\/sv\/wp-json\/wp\/v2\/tags?post=4281"}],"curies":[{"name":"wp","href":"https:\/\/api.w.org\/{rel}","templated":true}]}}