{"id":3372,"date":"2025-06-30T17:01:40","date_gmt":"2025-06-30T17:01:40","guid":{"rendered":"https:\/\/portugallovers.com\/ou-dormir-portimao-meilleurs-hotels-quartiers\/"},"modified":"2026-01-09T14:16:58","modified_gmt":"2026-01-09T14:16:58","slug":"var-kan-bo-portimao-basta-hotellen-stadsdelarna","status":"publish","type":"post","link":"https:\/\/portugallovers.com\/sv\/var-kan-bo-portimao-basta-hotellen-stadsdelarna\/","title":{"rendered":"Var man ska bo i Portim\u00e3o: 10 b\u00e4sta hotellen (2026)"},"content":{"rendered":"\n<p>En minnesv\u00e4rd natt p\u00e5 ett <strong>lyxhotell<\/strong> med utsikt \u00f6ver <strong>Praia da Rocha<\/strong>? Hisnande utsikt \u00f6ver <strong>Marina de Portim\u00e3o<\/strong>? En of\u00f6rgl\u00f6mlig vistelse p\u00e5 ett f\u00f6rstklassigt hotell med spa? Vi har testat n\u00e5gra enast\u00e5ende boenden i <strong>Portim\u00e3o<\/strong>. L\u00e4s v\u00e5r artikel som hj\u00e4lper dig att g\u00f6ra ditt val:<\/p>\n\n<ul class=\"wp-block-list\">\n<li>v\u00e5ra r\u00e5d <strong>om de b\u00e4sta st\u00e4llena<\/strong> <strong>att bo p\u00e5 i Portim\u00e3o<\/strong>,<\/li>\n\n\n\n<li>v\u00e5r lista \u00f6ver de <strong>10 b\u00e4sta hotellen <\/strong>i badorten<strong> <\/strong>, plus n\u00e5gra extra.<\/li>\n<\/ul>\n\n<figure class=\"wp-block-image size-full\"><img decoding=\"async\" src=\"https:\/\/portugallovers.com\/wp-content\/uploads\/2025\/06\/var-ska-bo-portimao-basta-hotell-recensioner-se.jpg\" alt=\"var man ska sova portimao b&#xE4;sta hotell recensioner\" class=\"wp-image-3334\"\/><\/figure>\n\n<p>Detta \u00e4r en helt <strong>oberoende<\/strong> \u00e5sikt, baserad p\u00e5 v\u00e5r egen erfarenhet. Vi bes\u00f6kte regionen anonymt, gjorde v\u00e5ra egna val och betalade v\u00e5ra r\u00e4kningar till fullo.<\/p>\n\n<h2 class=\"wp-block-heading\">De b\u00e4sta hotellen i Portim\u00e3o: v\u00e5ra 4 favoriter<\/h2>\n\n<p>Innan du f\u00e5r ta del av v\u00e5ra detaljerade \u00e5sikter om alla de anl\u00e4ggningar vi har valt ut, kan du ta en titt p\u00e5 v\u00e5ra 4 favoritadresser:<\/p>\n\n<h3 class=\"wp-block-heading\">B\u00e4sta lyxhotell: Bela Vista Hotel &amp; Spa &#8211; Relais &amp; Chateaux<\/h3>\n\n<figure class=\"wp-block-image size-large\"><img decoding=\"async\" src=\"https:\/\/photos.smugmug.com\/Portugal\/Algarve\/Portimao\/H&#xF4;tels\/Bela-Vista\/i-CcNsPkM\/0\/LnqW82hSJnMmkWXWBxjdGNgwQk9HWvGmJcdQ4mnpQ\/L\/piano%20bela%20vista%20hotel%20portimao%20algarve-L.jpg\" alt=\"Bela Vista Hotel &amp;amp; Spa - Relais &amp;amp; Chateaux - B&#xE4;sta lyxhotell\"\/><\/figure>\n\n<p>Detta historiska palats \u00f6vertygade oss med sin tidl\u00f6sa elegans och sitt exceptionella l\u00e4ge med utsikt \u00f6ver Praia da Rocha. Den anm\u00e4rkningsv\u00e4rda arkitekturen i denna 5-stj\u00e4rniga anl\u00e4ggning f\u00f6rst\u00e4rks av en rik och lyxig interi\u00f6r. Njut av en unik upplevelse p\u00e5 ett av Algarves vackraste hotell!<\/p>\n\n<p><strong><a href=\"https:\/\/www.booking.com\/hotel\/pt\/bela-vista.html?aid=2420176\" target=\"_blank\" rel=\"noreferrer noopener sponsored nofollow\">Se bilder, priser och tillg\u00e4nglighet.<\/a><\/strong><\/p>\n\n<h3 class=\"wp-block-heading\">B\u00e4sta 4-stj\u00e4rniga hotell: Jupiter Marina Hotel &#8211; Couples &amp; Spa<\/h3>\n\n<figure class=\"wp-block-image size-large\"><img decoding=\"async\" src=\"https:\/\/photos.smugmug.com\/Portugal\/Algarve\/Portimao\/H&#xF4;tels\/Jupiter-marina-\/i-jVpSvnJ\/0\/M45pSq35gcSrhFGjC3bzSMSJwqzjR5rQhjnvfZ25j\/L\/pool%20rooftop%20jupiter%20marina%20hotel%20portimao%20algarve-L.jpg\" alt=\"Jupiter Marina Hotel - Couples &amp;amp; Spa - B&#xE4;sta spahotellet\"\/><\/figure>\n\n<p>Vi blev f\u00f6rf\u00f6rda av denna h\u00e4lsoresort som endast \u00e4r reserverad f\u00f6r vuxna. Den magnifika infinitypoolen p\u00e5 taket erbjuder en spektakul\u00e4r utsikt \u00f6ver marinan och floden Arade, vilket skapar en idyllisk milj\u00f6 f\u00f6r avkoppling. Anl\u00e4ggningen har ocks\u00e5 ett komplett spa f\u00f6r att f\u00f6rl\u00e4nga denna avkopplande stund. Det privilegierade l\u00e4get med utsikt \u00f6ver marinan ger en perfekt romantisk dimension f\u00f6r par.<\/p>\n\n<p><strong><a href=\"https:\/\/www.booking.com\/hotel\/pt\/jupiter-marina.html?aid=2420176\" target=\"_blank\" rel=\"noreferrer noopener sponsored nofollow\">Se bilder, priser och tillg\u00e4nglighet.<\/a><\/strong><\/p>\n\n<h3 class=\"wp-block-heading\">B\u00e4sta familjehotell: Vitor&#8217;s Plaza Aparthotel<\/h3>\n\n<figure class=\"wp-block-image size-large\"><img decoding=\"async\" src=\"https:\/\/photos.smugmug.com\/Portugal\/Algarve\/Portimao\/H&#xF4;tels\/Vitors-Plaza\/i-QbfHrNp\/0\/MtgK3VbpBJzdSBdB2VvRKqdBbnxb6DxJQNN9ZhFW4\/L\/kids%20pool%20vitor%20plaza%20hotel%20portimao%20algarve-L.jpg\" alt=\"Vitor's Plaza Hotel - Mest valuta f&#xF6;r pengarna\"\/><\/figure>\n\n<p>Detta l\u00e4genhetshotell kommer att tilltala hela familjen, fr\u00e5n sm\u00e5 barn till vuxna, tack vare sina faciliteter som \u00e4r perfekt anpassade till alla \u00e5ldrar. Barnen kommer att \u00e4lska lekplatsen och den l\u00e5ga poolen, medan vuxna kommer att njuta av de 2 poolerna som \u00e4r avsedda f\u00f6r dem. Du kommer att uppt\u00e4cka ett perfekt boendepaket som kombinerar sj\u00e4lvst\u00e4ndigheten i en l\u00e4genhet med tj\u00e4nsterna p\u00e5 ett kvalitetshotell.<\/p>\n\n<p><strong><a href=\"https:\/\/www.booking.com\/hotel\/pt\/vitor-s-plaza-resort.html?aid=2420176\" target=\"_blank\" rel=\"noreferrer noopener sponsored nofollow\">Se bilder, priser och tillg\u00e4nglighet.<\/a><\/strong><\/p>\n\n<h3 class=\"wp-block-heading\">Mest valuta f\u00f6r pengarna: Rochavau Hotel<\/h3>\n\n<figure class=\"wp-block-image size-large\"><img decoding=\"async\" src=\"https:\/\/photos.smugmug.com\/Portugal\/Algarve\/Portimao\/H&#xF4;tels\/Rochavau-\/i-Jmtt7vz\/0\/MbP7cNPXXXm2GwdFK8mrHjc4sDCj3XfJQLGP2ZbFS\/L\/pool%20rochavau%20hotel%20portimao%20algarve-L.jpg\" alt=\"Rochavau Hotel - B&#xE4;sta hotellet vid havet\"\/><\/figure>\n\n<p>Detta lilla, moderna hotell tilltalade oss p\u00e5 grund av dess direkta n\u00e4rhet till Praia do Amado och Praia dos Careanos. Njut av promenader i soluppg\u00e5ng och solnedg\u00e5ng l\u00e4ngs dessa magnifika gyllene str\u00e4nder. De smakfullt inredda gemensamma utrymmena visar ocks\u00e5 upp lokalt hantverk, med v\u00e4vda verk gjorda av palmblad fr\u00e5n Algarve och vackra keramikf\u00f6rem\u00e5l.<\/p>\n\n<p><strong><a href=\"https:\/\/www.booking.com\/hotel\/pt\/rochavau.html?aid=2420176\" target=\"_blank\" rel=\"noreferrer noopener sponsored nofollow\">Se bilder, priser och tillg\u00e4nglighet.<\/a><\/strong><\/p>\n\n<h2 class=\"wp-block-heading\">Var man ska sova i Portim\u00e3o: b\u00e4sta distrikten<\/h2>\n\n<h3 class=\"wp-block-heading\">Varf\u00f6r sova i Portim\u00e3o?<\/h3>\n\n<p>Portim\u00e3o ligger p\u00e5 Portugals sydkust och f\u00f6rf\u00f6rde oss med sina magnifika str\u00e4nder och ockraf\u00e4rgade klippor, typiska f\u00f6r Algarve. Det \u00e4r ocks\u00e5 en popul\u00e4r destination f\u00f6r havsutflykter till Grotte de Benagil. Fr\u00e5n pittoreska promenader till lata str\u00e4nder och gourmetdelikatesser \u00e4r staden full av h\u00e4rliga \u00f6verraskningar. Vi har skrivit en hel artikel om <a href=\"https:\/\/portugallovers.com\/sv\/sevardheter-portimao-att-gora\/\" target=\"_blank\" rel=\"noreferrer noopener\">de b\u00e4sta attraktionerna att uppt\u00e4cka i badorten!<\/a><\/p>\n\n<figure class=\"wp-block-image\"><img decoding=\"async\" src=\"https:\/\/photos.smugmug.com\/Portugal\/Algarve\/Portimao\/Centre-ville\/i-Jh58sns\/0\/MXXjNLwcrvCbpbLLwZNxMbDS3RGT64svns4CMvJBX\/L\/city%20center%20portimao-L.jpg\" alt=\"Portim&#xE3;o i Algarve - &#xC4;r Portim&#xE3;o v&#xE4;rt ett bes&#xF6;k?\"\/><figcaption class=\"wp-element-caption\">Stadsk\u00e4rnan<\/figcaption><\/figure>\n\n<h3 class=\"wp-block-heading\">De b\u00e4sta st\u00e4llena att bo p\u00e5 i Portim\u00e3o: karta<\/h3>\n\n<p>H\u00e4r \u00e4r v\u00e5r karta som hj\u00e4lper dig att hitta runt och visar de viktigaste omr\u00e5dena att bo i Portim\u00e3o:<\/p>\n\n<figure class=\"wp-block-image size-large\"><img decoding=\"async\" src=\"https:\/\/portugallovers.com\/wp-content\/uploads\/2025\/06\/karta-basta-omradena-portimao-att-bo-pa-se-1024x684.png\" alt=\"karta &#xF6;ver de b&#xE4;sta st&#xE4;llena att bo p&#xE5; i portimao\" class=\"wp-image-3325\"\/><figcaption class=\"wp-element-caption\">Karta \u00f6ver de b\u00e4sta st\u00e4llena att bo p\u00e5 i Portim\u00e3o<\/figcaption><\/figure>\n\n<h3 class=\"wp-block-heading\">Sova i Praia da Rocha<\/h3>\n\n<figure class=\"wp-block-image size-large\"><img decoding=\"async\" src=\"https:\/\/photos.smugmug.com\/Portugal\/Algarve\/Portimao\/Praia-da-Rocha\/i-cnrvtHS\/0\/LPMJDHN4VW8brTPb67zJ7WCQm8FcbxBsQdmwzQHxP\/L\/praia%20rocha%20portimao%20algarve-L.jpg\" alt=\"Praia da Rocha - Sova p&#xE5; Praia da Rocha\"\/><\/figure>\n\n<p>Praia da Rocha \u00e4r Portim\u00e3os emblematiska strandomr\u00e5de som str\u00e4cker sig l\u00e4ngs Atlantkusten. Vi blev \u00f6verv\u00e4ldigade av denna enorma yta av fin sand som gr\u00e4nsar till spektakul\u00e4ra ockraf\u00e4rgade klippor. Den livliga strandpromenaden \u00e4r full av restauranger, barer och butiker som skapar en festlig atmosf\u00e4r dag som natt!<\/p>\n\n<p><strong>F\u00f6rdelarna:<\/strong><\/p>\n\n<ul class=\"wp-block-list\">\n<li>Direkt tillg\u00e5ng till en av Portim\u00e3os vackraste str\u00e4nder<\/li>\n\n\n\n<li>Stort utbud av restauranger och barer<\/li>\n\n\n\n<li>Livligt nattliv<\/li>\n\n\n\n<li>Ett brett utbud av vattensporter &#8211; inklusive <a href=\"https:\/\/portugallovers.com\/sv\/surf-lagos-recensioner-algarve\/\" target=\"_blank\" rel=\"noreferrer noopener\">surfing<\/a><\/li>\n<\/ul>\n\n<p><strong>Nackdelar:<\/strong><\/p>\n\n<ul class=\"wp-block-list\">\n<li>H\u00f6gre priser under h\u00f6gs\u00e4song<\/li>\n\n\n\n<li>Starka turistsiffror<\/li>\n\n\n\n<li>Buller nattetid i vissa omr\u00e5den<\/li>\n\n\n\n<li>Sv\u00e5rt att parkera p\u00e5 sommaren<\/li>\n<\/ul>\n\n<p><strong>V\u00e5rt favorithotell: <a href=\"https:\/\/www.booking.com\/hotel\/pt\/bela-vista.html?aid=2420176\" target=\"_blank\" rel=\"noreferrer noopener sponsored nofollow\">Bela Vista Hotel &amp; Spa<\/a><\/strong><\/p>\n\n<h3 class=\"wp-block-heading\">Sova i inlandet<\/h3>\n\n<figure class=\"wp-block-image size-large\"><img decoding=\"async\" src=\"https:\/\/photos.smugmug.com\/Portugal\/Algarve\/Portimao\/H&#xF4;tels\/Vitors-Plaza\/i-g4h6fX6\/0\/Nb6T2mD7MCdfd26vfq6zHmGSxkZDFbfWjkr4NQVhW\/L\/tennis%20court%20vitor%20plaza%20hotel%20portimao%20algarve-L.jpg\" alt=\"Hotel Vitor's Plaza tennisbana\"\/><figcaption class=\"wp-element-caption\">Hotel Vitor&#8217;s Plaza tennisbana<\/figcaption><\/figure>\n\n<p>Portim\u00e3os inland erbjuder ett lugnt alternativ till de livliga kustomr\u00e5dena. Detta autentiska landsbygdsomr\u00e5de ligger bara n\u00e5gra kilometer fr\u00e5n str\u00e4nderna och erbjuder en kombination av lugnet p\u00e5 landet och n\u00f6jen vid havet.<\/p>\n\n<p><strong>F\u00f6rdelarna:<\/strong><\/p>\n\n<ul class=\"wp-block-list\">\n<li>Lugn och avkopplande atmosf\u00e4r<\/li>\n\n\n\n<li>Mer prisv\u00e4rt \u00e4n havet<\/li>\n\n\n\n<li>Gr\u00f6nomr\u00e5den och bevarad natur<\/li>\n\n\n\n<li>Enkel parkering<\/li>\n\n\n\n<li>Vid korsningen mellan Portim\u00e3o, Alvor och Praia da Rocha<\/li>\n<\/ul>\n\n<p><strong>Nackdelar:<\/strong><\/p>\n\n<ul class=\"wp-block-list\">\n<li>Avst\u00e5nd till str\u00e4nder (5-10 min med bil)<\/li>\n\n\n\n<li>Mindre underh\u00e5llning och restauranger<\/li>\n\n\n\n<li>Begr\u00e4nsat utbud av boende i toppklass<\/li>\n<\/ul>\n\n<p><strong>V\u00e5rt favorithotell: <a href=\"https:\/\/www.booking.com\/hotel\/pt\/vitor-s-plaza-resort.html?aid=2420176\" target=\"_blank\" rel=\"noreferrer noopener sponsored nofollow\">Vitor&#8217;s Plaza Aparthotel<\/a><\/strong><\/p>\n\n<h3 class=\"wp-block-heading\">Sova n\u00e4ra marinan<\/h3>\n\n<figure class=\"wp-block-image size-large\"><img decoding=\"async\" src=\"https:\/\/photos.smugmug.com\/Portugal\/Algarve\/Portimao\/Marina\/i-6L7RbZX\/0\/KL2rDfZwwvCjX9PMWsCS3Z2MhbsX957v6MgBqzH2x\/L\/marina%20portimao%20algarve-L.jpg\" alt=\"Marina - Sova n&#xE4;ra marinan\"\/><\/figure>\n\n<p>Marina de Portim\u00e3o ligger vid mynningen av floden Arade och erbjuder en trevlig milj\u00f6 f\u00f6r en promenad mellan hav och himmel. P\u00e5 andra sidan floden finns kustlinjen och slottet Ferragudo som ger promenaden en pittoresk pr\u00e4gel. Vi \u00e4lskade att promenera mellan katamaraner, segelb\u00e5tar och byggnader i varma f\u00e4rger.<\/p>\n\n<p><strong>F\u00f6rdelarna:<\/strong><\/p>\n\n<ul class=\"wp-block-list\">\n<li>Utsikt \u00f6ver b\u00e5tarna och floden Arade<\/li>\n\n\n\n<li>Lugna promenader<\/li>\n\n\n\n<li>Mellan stadsk\u00e4rnan och Praia da Rocha<\/li>\n\n\n\n<li>Pittoresk milj\u00f6<\/li>\n<\/ul>\n\n<p><strong>Nackdelar:<\/strong><\/p>\n\n<ul class=\"wp-block-list\">\n<li>Begr\u00e4nsat utbud av boende i toppklass<\/li>\n\n\n\n<li>Begr\u00e4nsad avgiftsbelagd parkering<\/li>\n\n\n\n<li>Mindre livligt \u00e4n Praia da Rocha<\/li>\n<\/ul>\n\n<p><strong>V\u00e5rt favorithotell: <a href=\"https:\/\/www.booking.com\/hotel\/pt\/jupiter-marina.html?aid=2420176\" target=\"_blank\" rel=\"noreferrer noopener sponsored nofollow\">Jupiter Marina Hotel<\/a><\/strong><\/p>\n\n<h3 class=\"wp-block-heading\">Sova i Praia do Vau<\/h3>\n\n<figure class=\"wp-block-image size-large\"><img decoding=\"async\" src=\"https:\/\/photos.smugmug.com\/Portugal\/Algarve\/Portimao\/Plages\/Praia-do-Vau\/i-X8znkkt\/0\/KcrFp8xhvsktzVv4zzzHXTchRSxdbk5TvKkWcHncb\/L\/beach%20hike%20portimao-L.jpg\" alt=\"Praia do Vau - Sova p&#xE5; Praia do Vau\"\/><\/figure>\n\n<p>Praia do Vau \u00e4r ett lugnare alternativ till Praia da Rocha. Vi rekommenderar detta omr\u00e5de f\u00f6r sin familj\u00e4ra atmosf\u00e4r och of\u00f6rst\u00f6rda landsbygd. Denna lilla badort erbjuder charmen hos en autentisk kustby med moderna faciliteter.<\/p>\n\n<p><strong>F\u00f6rdelarna:<\/strong><\/p>\n\n<ul class=\"wp-block-list\">\n<li>Lugn och familj\u00e4r atmosf\u00e4r<\/li>\n\n\n\n<li>Magnifika gyllene str\u00e4nder<\/li>\n\n\n\n<li>Bevarade naturlandskap<\/li>\n\n\n\n<li>Mer \u00f6verkomliga priser<\/li>\n<\/ul>\n\n<p><strong>Nackdelar:<\/strong><\/p>\n\n<ul class=\"wp-block-list\">\n<li>Mer begr\u00e4nsat utbud av restauranger<\/li>\n\n\n\n<li>Mindre livligt \u00e4n Praia da Rocha<\/li>\n<\/ul>\n\n<p><strong>V\u00e5rt favorithotell: <a href=\"https:\/\/www.booking.com\/hotel\/pt\/rochavau.html?aid=2420176\" target=\"_blank\" rel=\"noreferrer noopener sponsored nofollow\">Rochavau Hotel<\/a><\/strong><\/p>\n\n<h3 class=\"wp-block-heading\">Andra anv\u00e4ndbara tips att ha i \u00e5tanke<\/h3>\n\n<p>Algarve \u00e4r ett popul\u00e4rt resm\u00e5l \u00e5ret runt, tack vare det exceptionella medelhavsklimatet. Kom ih\u00e5g att boka ditt boende i f\u00f6rv\u00e4g, s\u00e4rskilt under h\u00f6gsommars\u00e4songen och europeiska skollov. V\u00e4nta inte p\u00e5 att priserna ska stiga! Vi f\u00f6redrar <a href=\"https:\/\/www.booking.com\/searchresults.html?city=-2173080&amp;nflt=review_score%253D90%253Breview_score%253D80&amp;aid=2420176&amp;no_rooms=1&amp;group_adults=2\" target=\"_blank\" rel=\"noreferrer noopener sponsored nofollow\">Booking-plattformen<\/a>, eftersom kalendrarna uppdateras i realtid.<\/p>\n\n<p>Under din vistelse rekommenderar vi starkt att du anv\u00e4nder ett fordon f\u00f6r att utforska staden och resten av Algarve i fullst\u00e4ndig frihet. N\u00e5gra av regionens vackraste landskap \u00e4r sv\u00e5ra att n\u00e5 utan bil.<\/p>\n\n<div style=\"margin-top:8%;margin-bottom:8%\" class=\"wp-block-genesis-blocks-gb-container box gb-block-container\"><div class=\"gb-container-inside\"><div class=\"gb-container-content\">\n<div class=\"wp-block-columns inverse box_planif is-layout-flex wp-container-core-columns-is-layout-9d6595d7 wp-block-columns-is-layout-flex\">\n<div class=\"wp-block-column texte_planif is-layout-flow wp-block-column-is-layout-flow\" style=\"flex-basis:60%\">\n<h5 class=\"titre_box\" style=\"padding-top:10px;\">V\u00c5RA R\u00c5D F\u00d6R ATT HYRA EN BIL I <span class=\"titre_box_manuscrit\">Algarve<\/span><\/h5>\n\n\n\n<ul style=\"font-size:14px\" class=\"wp-block-list\">\n<li>J\u00e4mf\u00f6r priser p\u00e5 v\u00e5r f\u00f6redragna plattform: <a href=\"https:\/\/www.discovercars.com\/se\/portugal?a_aid=zigzag&amp;chan=portugal\" target=\"_blank\" rel=\"noreferrer noopener nofollow\">DiscoverCars<\/a> &#8211; en av de b\u00e4st rankade webbplatserna.<\/li>\n\n\n\n<li>Ta inte en bil som \u00e4r f\u00f6r bred, eftersom gamla st\u00e4der har smala gator och sm\u00e5 parkeringsplatser.<\/li>\n\n\n\n<li>F\u00f6r fler valm\u00f6jligheter, <strong>boka tidigt<\/strong>.<\/li>\n<\/ul>\n<\/div>\n\n\n\n<div class=\"wp-block-column planif-radius-2 is-layout-flow wp-block-column-is-layout-flow\">\n<figure class=\"wp-block-image size-large voiture_image\"><img decoding=\"async\" src=\"https:\/\/photos.smugmug.com\/Portugal\/Alentejo\/Drive-to-Monsaraz\/i-FSp7zR9\/1\/KM9CSqcTv9RvpgScjMPvDQZHt7sjJ9sbXqjD47JzQ\/S\/Portugal_IMG_4161-S.jpg\" alt=\"k&#xF6;rning i Portugal\"\/><\/figure>\n<\/div>\n<\/div>\n\n\n\n<div class=\"wp-block-columns planif_bouton is-layout-flex wp-container-core-columns-is-layout-9d6595d7 wp-block-columns-is-layout-flex\">\n<div class=\"wp-block-column is-vertically-aligned-top is-layout-flow wp-block-column-is-layout-flow\">\n<div class=\"wp-block-buttons is-content-justification-center is-layout-flex wp-container-core-buttons-is-layout-16018d1d wp-block-buttons-is-layout-flex\">\n<div class=\"wp-block-button\"><a class=\"wp-block-button__link has-white-color has-text-color wp-element-button\" href=\"https:\/\/www.discovercars.com\/se\/portugal?a_aid=zigzag&amp;amp;chan=portugal\" target=\"_blank\" rel=\"noreferrer noopener nofollow\">Se tillg\u00e4ngliga bilar &gt;&gt;<\/a><\/div>\n<\/div>\n<\/div>\n\n\n\n<div class=\"wp-block-column is-vertically-aligned-center is-layout-flow wp-block-column-is-layout-flow\">\n<p class=\"has-text-align-center\" style=\"font-size:16px\">L\u00e4s v\u00e5ra r\u00e5d (kommer snart)<\/p>\n<\/div>\n<\/div>\n<\/div><\/div><\/div>\n\n<h2 class=\"wp-block-heading\">1. Bela Vista Hotel &amp; Spa &#8211; Relais &amp; Chateaux (5 stj\u00e4rnor)<\/h2>\n\n<figure class=\"wp-block-image size-large\"><img decoding=\"async\" src=\"https:\/\/photos.smugmug.com\/Portugal\/Algarve\/Portimao\/H&#xF4;tels\/Bela-Vista\/i-7WxTVrQ\/0\/L6t3Dvm4p8d9bTndD5qbFZqh4ZJqv8DdCrLnBPxBc\/L\/architecture%20bela%20vista%20hotel%20portimao%20algarve-L.jpg\" alt=\"\"\/><figcaption class=\"wp-element-caption\">Le Palacere<\/figcaption><\/figure>\n\n<h3 class=\"wp-block-heading\">Varf\u00f6r ska man bo d\u00e4r?<\/h3>\n\n<p>Det h\u00e4r \u00e4r definitivt v\u00e5rt favorithotell i Portim\u00e3o, det liknar inget annat! Detta legendariska hotell ligger p\u00e5 en klippa med panoramautsikt \u00f6ver Praia da Rocha och \u00e4r f\u00f6rmodligen det allra f\u00f6rsta hotellet i Algarve, med anor fr\u00e5n 1934. Det \u00e4r klassificerat som ett Relais &amp; Ch\u00e2teaux och kombinerar alla bekv\u00e4mligheter p\u00e5 lyxhotell med charmen i 1900-talets historia. Med 38 rum i 3 olika byggnader: Palacere (huvudbyggnad fr\u00e5n 1918), Casa Azul (1930-tal) och Bela Vista Jardim (2011), lovar det en of\u00f6rgl\u00f6mlig upplevelse! H\u00f6gkvalitativa faciliteter, inklusive en restaurang med Michelinstj\u00e4rna och ett spa fr\u00e5n L&#8217;Occitane, bekr\u00e4ftar prestigen f\u00f6r denna exceptionella adress. Vi hade turen att bo i Casa Azul med havsutsikt, och det kommer vi alltid att minnas!<\/p>\n\n<figure class=\"wp-block-image size-large\"><img decoding=\"async\" src=\"https:\/\/photos.smugmug.com\/Portugal\/Algarve\/Portimao\/H&#xF4;tels\/Bela-Vista\/i-pZMRCDg\/0\/LtX7NgPf9fmdvwdCHn8C4b85LfpT87MkMRZb5xfVT\/L\/living%20room%20bela%20vista%20hotel%20portimao%20algarve-L.jpg\" alt=\"Bela Vista Hotel &amp;amp; Spa - Relais &amp;amp; Chateaux - Varf&#xF6;r bo d&#xE4;r?\"\/><figcaption class=\"wp-element-caption\">Hotellets lounge<\/figcaption><\/figure>\n\n<h3 class=\"wp-block-heading\">Pooler och tillg\u00e5ng till stranden<\/h3>\n\n<ul class=\"wp-block-list\">\n<li>Utomhuspool med panoramautsikt \u00f6ver stranden<\/li>\n\n\n\n<li>Inomhuspool i spaavdelningen<\/li>\n\n\n\n<li>Poolbar<\/li>\n\n\n\n<li>Privilegierad direkt tillg\u00e5ng till Praia da Rocha<\/li>\n\n\n\n<li>10 minuters promenad fr\u00e5n Praia dos Tr\u00eas Castelos<\/li>\n\n\n\n<li>Strandhanddukar tillhandah\u00e5lls<\/li>\n<\/ul>\n\n<h3 class=\"wp-block-heading\">Praktisk information<\/h3>\n\n<ul class=\"wp-block-list\">\n<li>Grannskap: Praia da Rocha, strandpromenad<\/li>\n\n\n\n<li>Prisintervall: 5 stj\u00e4rnor &#8211; Relais &amp; Chateaux<\/li>\n\n\n\n<li>Restauranger: ja (gastronomi med Michelinstj\u00e4rnor, bistro, loungebar)<\/li>\n\n\n\n<li>Familjerum: nej (barn fr\u00e5n 12 \u00e5r och upp\u00e5t till\u00e5tna)<\/li>\n\n\n\n<li>Faciliteter: 400 m2 L&#8217;Occitane spa, gym med havsutsikt, tr\u00e4dg\u00e5rd, panoramaterrass med utsikt \u00f6ver Praia da Rocha<\/li>\n\n\n\n<li>Parkering: privat avgiftsbelagd parkering, betj\u00e4nad parkering<\/li>\n\n\n\n<li><strong><a href=\"https:\/\/www.booking.com\/hotel\/pt\/bela-vista.html?aid=2420176\" target=\"_blank\" rel=\"noreferrer noopener sponsored nofollow\">Se bilder, priser och tillg\u00e4nglighet &#8211; och boka!<\/a><\/strong><\/li>\n<\/ul>\n\n<h2 class=\"wp-block-heading\">2. Jupiter Marina Hotel &#8211; Couples &amp; Spa (4 stj\u00e4rnor)<\/h2>\n\n<figure class=\"wp-block-image size-large\"><img decoding=\"async\" src=\"https:\/\/photos.smugmug.com\/Portugal\/Algarve\/Portimao\/H&#xF4;tels\/Jupiter-marina-\/i-Rdd32Xj\/0\/LstdKKF3TfLf293ZFBSktLZjB5G4tdMGSqxDtvjMQ\/L\/rooftop%20terrace%20jupiter%20hotel%20portimao%20algarve-L.jpg\" alt=\"\"\/><\/figure>\n\n<h3 class=\"wp-block-heading\">Varf\u00f6r ska man bo d\u00e4r?<\/h3>\n\n<p>Denna anl\u00e4ggning som endast \u00e4r \u00f6ppen f\u00f6r vuxna \u00e4r en oas av v\u00e4lbefinnande. Bohemisk chic inredning gynnar neutrala toner och \u00e4dla material f\u00f6r att skapa en Zen-atmosf\u00e4r. I spaavdelningen finns en uppv\u00e4rmd pool, jacuzzi, turkiskt bad, bastu och m\u00e5nga andra faciliteter, alla med ett enda syfte: att ge dig absolut avkoppling. Vi blev s\u00e4rskilt f\u00f6rtjusta i hotellets takterrass, som har en pool med panoramautsikt, och Arade Bar d\u00e4r du kan njuta av en cocktail i solnedg\u00e5ngen!<\/p>\n\n<figure class=\"wp-block-image size-large\"><img decoding=\"async\" src=\"https:\/\/photos.smugmug.com\/Portugal\/Algarve\/Portimao\/H&#xF4;tels\/Jupiter-marina-\/i-KX22TBQ\/0\/L44qt3vDTzd6WVSD62NxZs6dJbd9BhMx5GM63hmgT\/L\/bedroom%20jupiter%20hotel%20portimao%20algarve-1-L.jpg\" alt=\"Jupiter Marina Hotel - Couples &amp;amp; Spa - Varf&#xF6;r bo h&#xE4;r?\"\/><\/figure>\n\n<h3 class=\"wp-block-heading\">Pooler och tillg\u00e5ng till stranden<\/h3>\n\n<ul class=\"wp-block-list\">\n<li>Utomhuspool p\u00e5 taket med utsikt \u00f6ver marinan<\/li>\n\n\n\n<li>Uppv\u00e4rmd inomhuspool i spaavdelningen<\/li>\n\n\n\n<li>Solarium med solstolar av h\u00f6gsta kvalitet<\/li>\n\n\n\n<li>Balinesiska s\u00e4ngar tillg\u00e4ngliga<\/li>\n\n\n\n<li>Gratis pendeltrafik till Praia da Rocha<\/li>\n<\/ul>\n\n<h3 class=\"wp-block-heading\">Praktisk information<\/h3>\n\n<ul class=\"wp-block-list\">\n<li>Grannskap: Marina de Portim\u00e3o<\/li>\n\n\n\n<li>Prisintervall: 4 stj\u00e4rnor<\/li>\n\n\n\n<li>Restaurang: ja (medelhavsk\u00f6k, takbar)<\/li>\n\n\n\n<li>Familjerum: nej, endast f\u00f6r vuxna<\/li>\n\n\n\n<li>Faciliteter: spaavdelning, fitnesscenter, panoramaterrass, gratis transfer till Praia da Rocha<\/li>\n\n\n\n<li>Tillg\u00e4nglighet: hissar, parkeringsplatser reserverade f\u00f6r personer med nedsatt r\u00f6rlighet<\/li>\n\n\n\n<li>Parkering: privat avgiftsbelagd parkeringsplats, laddningsstationer f\u00f6r el<\/li>\n\n\n\n<li><strong><a href=\"https:\/\/www.booking.com\/hotel\/pt\/jupiter-marina.html?aid=2420176\" target=\"_blank\" rel=\"noreferrer noopener sponsored nofollow\">Se bilder, priser och tillg\u00e4nglighet &#8211; och boka!<\/a><\/strong><\/li>\n<\/ul>\n\n<h2 class=\"wp-block-heading\">3. Rochavau Hotel (4 stj\u00e4rnor)<\/h2>\n\n<figure class=\"wp-block-image size-large\"><img decoding=\"async\" src=\"https:\/\/photos.smugmug.com\/Portugal\/Algarve\/Portimao\/H&#xF4;tels\/Rochavau-\/i-553SwPb\/0\/MM8pTnt8TSG4XMXNWDfZrQckzzQNxD49cTLNCtJcD\/L\/reception%20rochavau%20hotel%20portimao%20algarve-L.jpg\" alt=\"\"\/><\/figure>\n\n<h3 class=\"wp-block-heading\">Varf\u00f6r ska man bo d\u00e4r?<\/h3>\n\n<p>Detta hotell ligger inb\u00e4ddat mellan Praia da Rocha och Praia do Vau, som inspirerat till hotellets namn, och anv\u00e4nder Algarve som bakgrund och inspirationsk\u00e4lla f\u00f6r sin inredning. Vi gillade verkligen hantverket som visades i receptionen: verk v\u00e4vda av palmblad fr\u00e5n Algarve och handgjord keramik. Enligt v\u00e5r mening \u00e4r detta det b\u00e4st bel\u00e4gna hotellet vid korsningen av flera av Portim\u00e3os magnifika str\u00e4nder. S\u00e5 m\u00e5nga m\u00f6jligheter att betrakta fantastiska soluppg\u00e5ngar eller solnedg\u00e5ngar \u00f6ver havet!<\/p>\n\n<figure class=\"wp-block-image size-large\"><img decoding=\"async\" src=\"https:\/\/photos.smugmug.com\/Portugal\/Algarve\/Portimao\/H&#xF4;tels\/Rochavau-\/i-bq53Vkw\/0\/MDrhXrBJZMN5HXc2Zj55WPX4zPLpvBxHD2VkhnRJc\/L\/bedroom%20rochavau%20hotel%20portimao%20algarve-L.jpg\" alt=\"Rochavau Hotel - Varf&#xF6;r bo h&#xE4;r?\"\/><\/figure>\n\n<h3 class=\"wp-block-heading\">Tillg\u00e5ng till pool och strand<\/h3>\n\n<ul class=\"wp-block-list\">\n<li>Ouppv\u00e4rmd utomhuspool utanf\u00f6r s\u00e4songen<\/li>\n\n\n\n<li>2 minuters promenad fr\u00e5n Praia do Amado<\/li>\n\n\n\n<li>7 minuters promenad fr\u00e5n Praia dos Careanos<\/li>\n\n\n\n<li>8min promenad fr\u00e5n Praia dos Tr\u00eas Castelos<\/li>\n<\/ul>\n\n<h3 class=\"wp-block-heading\">Praktisk information<\/h3>\n\n<ul class=\"wp-block-list\">\n<li>Grannskap: Praia do Vau<\/li>\n\n\n\n<li>Prisintervall: 4 stj\u00e4rnor<\/li>\n\n\n\n<li>Restaurang: ja (i Praia da Rocha)<\/li>\n\n\n\n<li>Familjerum: ja<\/li>\n\n\n\n<li>Parkering: privat, avgiftsbelagd<\/li>\n\n\n\n<li><strong><a href=\"https:\/\/www.booking.com\/hotel\/pt\/rochavau.html?aid=2420176\" target=\"_blank\" rel=\"noreferrer noopener sponsored nofollow\">Se bilder, priser och tillg\u00e4nglighet &#8211; och boka!<\/a><\/strong><\/li>\n<\/ul>\n\n<div style=\"background-color:#fefefe;margin-top:6%;margin-bottom:6%\" class=\"wp-block-genesis-blocks-gb-container box gb-block-container\"><div class=\"gb-container-inside\"><div class=\"gb-container-content\" style=\"max-width:700px\">\n<div class=\"wp-block-columns inverse is-layout-flex wp-container-core-columns-is-layout-9d6595d7 wp-block-columns-is-layout-flex\">\n<div class=\"wp-block-column texte_planif is-layout-flow wp-block-column-is-layout-flow\" style=\"flex-basis:58%\">\n<h5 class=\"titre_box\">LITE MER <span class=\"titre_box_manuscrit\">t\u00e5lamod<\/span><\/h5>\n\n\n\n<p style=\"font-size:14px\">Alla foton, kartor, information och anv\u00e4ndbara adresser som du beh\u00f6ver f\u00f6r att f\u00e5 ut det mesta av <strong>din vistelse i Portugal<\/strong> kommer <strong>snart<\/strong> att finnas tillg\u00e4ngliga i en enda e-bok!<\/p>\n\n\n\n<p style=\"font-size:14px\">Om du vill bli informerad n\u00e4r v\u00e5r <strong>guide till Portugal<\/strong> publiceras, v\u00e4nligen registrera dig:<\/p>\n\n\n<script>\nvar gform;gform||(document.addEventListener(\"gform_main_scripts_loaded\",function(){gform.scriptsLoaded=!0}),document.addEventListener(\"gform\/theme\/scripts_loaded\",function(){gform.themeScriptsLoaded=!0}),window.addEventListener(\"DOMContentLoaded\",function(){gform.domLoaded=!0}),gform={domLoaded:!1,scriptsLoaded:!1,themeScriptsLoaded:!1,isFormEditor:()=>\"function\"==typeof InitializeEditor,callIfLoaded:function(o){return!(!gform.domLoaded||!gform.scriptsLoaded||!gform.themeScriptsLoaded&&!gform.isFormEditor()||(gform.isFormEditor()&&console.warn(\"The use of gform.initializeOnLoaded() is deprecated in the form editor context and will be removed in Gravity Forms 3.1.\"),o(),0))},initializeOnLoaded:function(o){gform.callIfLoaded(o)||(document.addEventListener(\"gform_main_scripts_loaded\",()=>{gform.scriptsLoaded=!0,gform.callIfLoaded(o)}),document.addEventListener(\"gform\/theme\/scripts_loaded\",()=>{gform.themeScriptsLoaded=!0,gform.callIfLoaded(o)}),window.addEventListener(\"DOMContentLoaded\",()=>{gform.domLoaded=!0,gform.callIfLoaded(o)}))},hooks:{action:{},filter:{}},addAction:function(o,r,e,t){gform.addHook(\"action\",o,r,e,t)},addFilter:function(o,r,e,t){gform.addHook(\"filter\",o,r,e,t)},doAction:function(o){gform.doHook(\"action\",o,arguments)},applyFilters:function(o){return gform.doHook(\"filter\",o,arguments)},removeAction:function(o,r){gform.removeHook(\"action\",o,r)},removeFilter:function(o,r,e){gform.removeHook(\"filter\",o,r,e)},addHook:function(o,r,e,t,n){null==gform.hooks[o][r]&&(gform.hooks[o][r]=[]);var d=gform.hooks[o][r];null==n&&(n=r+\"_\"+d.length),gform.hooks[o][r].push({tag:n,callable:e,priority:t=null==t?10:t})},doHook:function(r,o,e){var t;if(e=Array.prototype.slice.call(e,1),null!=gform.hooks[r][o]&&((o=gform.hooks[r][o]).sort(function(o,r){return o.priority-r.priority}),o.forEach(function(o){\"function\"!=typeof(t=o.callable)&&(t=window[t]),\"action\"==r?t.apply(null,e):e[0]=t.apply(null,e)})),\"filter\"==r)return e[0]},removeHook:function(o,r,t,n){var e;null!=gform.hooks[o][r]&&(e=(e=gform.hooks[o][r]).filter(function(o,r,e){return!!(null!=n&&n!=o.tag||null!=t&&t!=o.priority)}),gform.hooks[o][r]=e)}});\n<\/script>\n\n                <div class='gf_browser_gecko gform_wrapper gform-theme gform-theme--foundation gform-theme--framework gform-theme--orbital' data-form-theme='orbital' data-form-index='0' id='gform_wrapper_2' ><style>#gform_wrapper_2[data-form-index=\"0\"].gform-theme,[data-parent-form=\"2_0\"]{--gf-color-primary: #204ce5;--gf-color-primary-rgb: 32, 76, 229;--gf-color-primary-contrast: #fff;--gf-color-primary-contrast-rgb: 255, 255, 255;--gf-color-primary-darker: #001AB3;--gf-color-primary-lighter: #527EFF;--gf-color-secondary: #fff;--gf-color-secondary-rgb: 255, 255, 255;--gf-color-secondary-contrast: #112337;--gf-color-secondary-contrast-rgb: 17, 35, 55;--gf-color-secondary-darker: #F5F5F5;--gf-color-secondary-lighter: #FFFFFF;--gf-color-out-ctrl-light: rgba(17, 35, 55, 0.1);--gf-color-out-ctrl-light-rgb: 17, 35, 55;--gf-color-out-ctrl-light-darker: rgba(104, 110, 119, 0.35);--gf-color-out-ctrl-light-lighter: #F5F5F5;--gf-color-out-ctrl-dark: #585e6a;--gf-color-out-ctrl-dark-rgb: 88, 94, 106;--gf-color-out-ctrl-dark-darker: #112337;--gf-color-out-ctrl-dark-lighter: rgba(17, 35, 55, 0.65);--gf-color-in-ctrl: #fff;--gf-color-in-ctrl-rgb: 255, 255, 255;--gf-color-in-ctrl-contrast: #112337;--gf-color-in-ctrl-contrast-rgb: 17, 35, 55;--gf-color-in-ctrl-darker: #F5F5F5;--gf-color-in-ctrl-lighter: #FFFFFF;--gf-color-in-ctrl-primary: #204ce5;--gf-color-in-ctrl-primary-rgb: 32, 76, 229;--gf-color-in-ctrl-primary-contrast: #fff;--gf-color-in-ctrl-primary-contrast-rgb: 255, 255, 255;--gf-color-in-ctrl-primary-darker: #001AB3;--gf-color-in-ctrl-primary-lighter: #527EFF;--gf-color-in-ctrl-light: rgba(17, 35, 55, 0.1);--gf-color-in-ctrl-light-rgb: 17, 35, 55;--gf-color-in-ctrl-light-darker: rgba(104, 110, 119, 0.35);--gf-color-in-ctrl-light-lighter: #F5F5F5;--gf-color-in-ctrl-dark: #585e6a;--gf-color-in-ctrl-dark-rgb: 88, 94, 106;--gf-color-in-ctrl-dark-darker: #112337;--gf-color-in-ctrl-dark-lighter: rgba(17, 35, 55, 0.65);--gf-radius: 3px;--gf-font-size-secondary: 14px;--gf-font-size-tertiary: 13px;--gf-icon-ctrl-number: url(\"data:image\/svg+xml,%3Csvg width='8' height='14' viewBox='0 0 8 14' fill='none' xmlns='http:\/\/www.w3.org\/2000\/svg'%3E%3Cpath fill-rule='evenodd' clip-rule='evenodd' d='M4 0C4.26522 5.96046e-08 4.51957 0.105357 4.70711 0.292893L7.70711 3.29289C8.09763 3.68342 8.09763 4.31658 7.70711 4.70711C7.31658 5.09763 6.68342 5.09763 6.29289 4.70711L4 2.41421L1.70711 4.70711C1.31658 5.09763 0.683417 5.09763 0.292893 4.70711C-0.0976311 4.31658 -0.097631 3.68342 0.292893 3.29289L3.29289 0.292893C3.48043 0.105357 3.73478 0 4 0ZM0.292893 9.29289C0.683417 8.90237 1.31658 8.90237 1.70711 9.29289L4 11.5858L6.29289 9.29289C6.68342 8.90237 7.31658 8.90237 7.70711 9.29289C8.09763 9.68342 8.09763 10.3166 7.70711 10.7071L4.70711 13.7071C4.31658 14.0976 3.68342 14.0976 3.29289 13.7071L0.292893 10.7071C-0.0976311 10.3166 -0.0976311 9.68342 0.292893 9.29289Z' fill='rgba(17, 35, 55, 0.65)'\/%3E%3C\/svg%3E\");--gf-icon-ctrl-select: url(\"data:image\/svg+xml,%3Csvg width='10' height='6' viewBox='0 0 10 6' fill='none' xmlns='http:\/\/www.w3.org\/2000\/svg'%3E%3Cpath fill-rule='evenodd' clip-rule='evenodd' d='M0.292893 0.292893C0.683417 -0.097631 1.31658 -0.097631 1.70711 0.292893L5 3.58579L8.29289 0.292893C8.68342 -0.0976311 9.31658 -0.0976311 9.70711 0.292893C10.0976 0.683417 10.0976 1.31658 9.70711 1.70711L5.70711 5.70711C5.31658 6.09763 4.68342 6.09763 4.29289 5.70711L0.292893 1.70711C-0.0976311 1.31658 -0.0976311 0.683418 0.292893 0.292893Z' fill='rgba(17, 35, 55, 0.65)'\/%3E%3C\/svg%3E\");--gf-icon-ctrl-search: url(\"data:image\/svg+xml,%3Csvg width='640' height='640' xmlns='http:\/\/www.w3.org\/2000\/svg'%3E%3Cpath d='M256 128c-70.692 0-128 57.308-128 128 0 70.691 57.308 128 128 128 70.691 0 128-57.309 128-128 0-70.692-57.309-128-128-128zM64 256c0-106.039 85.961-192 192-192s192 85.961 192 192c0 41.466-13.146 79.863-35.498 111.248l154.125 154.125c12.496 12.496 12.496 32.758 0 45.254s-32.758 12.496-45.254 0L367.248 412.502C335.862 434.854 297.467 448 256 448c-106.039 0-192-85.962-192-192z' fill='rgba(17, 35, 55, 0.65)'\/%3E%3C\/svg%3E\");--gf-label-space-y-secondary: var(--gf-label-space-y-md-secondary);--gf-ctrl-border-color: #686e77;--gf-ctrl-size: var(--gf-ctrl-size-md);--gf-ctrl-label-color-primary: #112337;--gf-ctrl-label-color-secondary: #112337;--gf-ctrl-choice-size: var(--gf-ctrl-choice-size-md);--gf-ctrl-checkbox-check-size: var(--gf-ctrl-checkbox-check-size-md);--gf-ctrl-radio-check-size: var(--gf-ctrl-radio-check-size-md);--gf-ctrl-btn-font-size: var(--gf-ctrl-btn-font-size-md);--gf-ctrl-btn-padding-x: var(--gf-ctrl-btn-padding-x-md);--gf-ctrl-btn-size: var(--gf-ctrl-btn-size-md);--gf-ctrl-btn-border-color-secondary: #686e77;--gf-ctrl-file-btn-bg-color-hover: #EBEBEB;--gf-field-img-choice-size: var(--gf-field-img-choice-size-md);--gf-field-img-choice-card-space: var(--gf-field-img-choice-card-space-md);--gf-field-img-choice-check-ind-size: var(--gf-field-img-choice-check-ind-size-md);--gf-field-img-choice-check-ind-icon-size: var(--gf-field-img-choice-check-ind-icon-size-md);--gf-field-pg-steps-number-color: rgba(17, 35, 55, 0.8);}<\/style><form method='post' enctype='multipart\/form-data'  id='gform_2'  action='\/sv\/wp-json\/wp\/v2\/posts\/3372' data-formid='2' novalidate> \r\n <input type='hidden' class='gforms-pum' value='{\"closepopup\":false,\"closedelay\":0,\"openpopup\":false,\"openpopup_id\":0}' \/>\n                        <div class='gform-body gform_body'><div id='gform_fields_2' class='gform_fields top_label form_sublabel_below description_below validation_below'><div id=\"field_2_3\" class=\"gfield gfield--type-website gfield--input-type-website field_sublabel_below gfield--no-description field_description_below field_validation_below gfield_visibility_hidden\"  ><div class=\"admin-hidden-markup\"><i class=\"gform-icon gform-icon--hidden\" aria-hidden=\"true\" title=\"Detta f\u00e4lt \u00e4r dolt n\u00e4r formul\u00e4ret visas\"><\/i><span>Detta f\u00e4lt \u00e4r dolt n\u00e4r formul\u00e4ret visas<\/span><\/div><label class='gfield_label gform-field-label' for='input_2_3'>Webbplats<\/label><div class='ginput_container ginput_container_website'>\n                    <input name='input_3' id='input_2_3' type='url' value='https:\/\/portugallovers.com\/sv\/wp-json\/wp\/v2\/posts\/3372' class='large'    placeholder='https:\/\/'  aria-invalid=\"false\" \/>\n                <\/div><\/div><div id=\"field_2_6\" class=\"gfield gfield--type-email gfield--input-type-email gfield--width-full field_sublabel_below gfield--no-description field_description_below hidden_label field_validation_below gfield_visibility_visible\"  ><label class='gfield_label gform-field-label' for='input_2_6'>e-post<\/label><div class='ginput_container ginput_container_email'>\n                            <input name='input_6' id='input_2_6' type='email' value='' class='large'     aria-invalid=\"false\"  \/>\n                        <\/div><\/div><fieldset id=\"field_2_5\" class=\"gfield gfield--type-checkbox gfield--type-choice gfield--input-type-checkbox gfield--width-full field_sublabel_below gfield--no-description field_description_below hidden_label field_validation_below gfield_visibility_visible\"  ><legend class='gfield_label gform-field-label gfield_label_before_complex' >Godk\u00e4nnande<\/legend><div class='ginput_container ginput_container_checkbox'><div class='gfield_checkbox ' id='input_2_5'><div class='gchoice gchoice_2_5_1'>\n\t\t\t\t\t\t\t\t<input class='gfield-choice-input' name='input_5.1' type='checkbox'  value='Jag samtycker till att f\u00e5 ett e-postmeddelande n\u00e4r guiden kommer ut'  id='choice_2_5_1'   \/>\n\t\t\t\t\t\t\t\t<label for='choice_2_5_1' id='label_2_5_1' class='gform-field-label gform-field-label--type-inline'>Jag samtycker till att f\u00e5 ett e-postmeddelande n\u00e4r guiden kommer ut<\/label>\n\t\t\t\t\t\t\t<\/div><\/div><\/div><\/fieldset><\/div><\/div>\n        <div class='gform-footer gform_footer top_label'> <input type='submit' id='gform_submit_button_2' class='gform_button button' onclick='gform.submission.handleButtonClick(this);' data-submission-type='submit' value='Skicka'  \/> \n            <input type='hidden' class='gform_hidden' name='gform_submission_method' data-js='gform_submission_method_2' value='postback' \/>\n            <input type='hidden' class='gform_hidden' name='gform_theme' data-js='gform_theme_2' id='gform_theme_2' value='orbital' \/>\n            <input type='hidden' class='gform_hidden' name='gform_style_settings' data-js='gform_style_settings_2' id='gform_style_settings_2' value='{&quot;inputPrimaryColor&quot;:&quot;#204ce5&quot;}' \/>\n            <input type='hidden' class='gform_hidden' name='is_submit_2' value='1' \/>\n            <input type='hidden' class='gform_hidden' name='gform_submit' value='2' \/>\n            \n            <input type='hidden' class='gform_hidden' name='gform_currency' data-currency='EUR' value='ZGYiBxHELGfg2fmyB\/1BieSQZX08ZhR5WokqJN5Eh3AZ5806hllDG12a2rox+fjH7LugixcGFGQclXdefMwqhiCHJKolE33uh84j79uONELik2w=' \/>\n            <input type='hidden' class='gform_hidden' name='gform_unique_id' value='' \/>\n            <input type='hidden' class='gform_hidden' name='state_2' value='WyJ7XCI1LjFcIjpcIjczNWZjMjVkMDBmNjIyMTQ3MDM1ZDFjMzlhNDQxYmI2XCJ9IiwiZTYwYWVhNzdlOTRkM2I2NzE2YjEwZTIzZGJlYTFkNTgiXQ==' \/>\n            <input type='hidden' autocomplete='off' class='gform_hidden' name='gform_target_page_number_2' id='gform_target_page_number_2' value='0' \/>\n            <input type='hidden' autocomplete='off' class='gform_hidden' name='gform_source_page_number_2' id='gform_source_page_number_2' value='1' \/>\n            <input type='hidden' name='gform_field_values' value='' \/>\n            \n        <\/div>\n                        <\/form>\n                        <\/div><script>\ngform.initializeOnLoaded( function() {gformInitSpinner( 2, 'https:\/\/portugallovers.com\/wp-content\/plugins\/gravityforms\/images\/spinner.svg', false );jQuery('#gform_ajax_frame_2').on('load',function(){var contents = jQuery(this).contents().find('*').html();var is_postback = contents.indexOf('GF_AJAX_POSTBACK') >= 0;if(!is_postback){return;}var form_content = jQuery(this).contents().find('#gform_wrapper_2');var is_confirmation = jQuery(this).contents().find('#gform_confirmation_wrapper_2').length > 0;var is_redirect = contents.indexOf('gformRedirect(){') >= 0;var is_form = form_content.length > 0 && ! is_redirect && ! is_confirmation;var mt = parseInt(jQuery('html').css('margin-top'), 10) + parseInt(jQuery('body').css('margin-top'), 10) + 100;if(is_form){jQuery('#gform_wrapper_2').html(form_content.html());if(form_content.hasClass('gform_validation_error')){jQuery('#gform_wrapper_2').addClass('gform_validation_error');} else {jQuery('#gform_wrapper_2').removeClass('gform_validation_error');}setTimeout( function() { \/* delay the scroll by 50 milliseconds to fix a bug in chrome *\/  }, 50 );if(window['gformInitDatepicker']) {gformInitDatepicker();}if(window['gformInitPriceFields']) {gformInitPriceFields();}var current_page = jQuery('#gform_source_page_number_2').val();gformInitSpinner( 2, 'https:\/\/portugallovers.com\/wp-content\/plugins\/gravityforms\/images\/spinner.svg', false );jQuery(document).trigger('gform_page_loaded', [2, current_page]);window['gf_submitting_2'] = false;}else if(!is_redirect){var confirmation_content = jQuery(this).contents().find('.GF_AJAX_POSTBACK').html();if(!confirmation_content){confirmation_content = contents;}jQuery('#gform_wrapper_2').replaceWith(confirmation_content);jQuery(document).trigger('gform_confirmation_loaded', [2]);window['gf_submitting_2'] = false;wp.a11y.speak(jQuery('#gform_confirmation_message_2').text());}else{jQuery('#gform_2').append(contents);if(window['gformRedirect']) {gformRedirect();}}jQuery(document).trigger(\"gform_pre_post_render\", [{ formId: \"2\", currentPage: \"current_page\", abort: function() { this.preventDefault(); } }]);        if (event && event.defaultPrevented) {                return;        }        const gformWrapperDiv = document.getElementById( \"gform_wrapper_2\" );        if ( gformWrapperDiv ) {            const visibilitySpan = document.createElement( \"span\" );            visibilitySpan.id = \"gform_visibility_test_2\";            gformWrapperDiv.insertAdjacentElement( \"afterend\", visibilitySpan );        }        const visibilityTestDiv = document.getElementById( \"gform_visibility_test_2\" );        let postRenderFired = false;        function triggerPostRender() {            if ( postRenderFired ) {                return;            }            postRenderFired = true;            gform.core.triggerPostRenderEvents( 2, current_page );            if ( visibilityTestDiv ) {                visibilityTestDiv.parentNode.removeChild( visibilityTestDiv );            }        }        function debounce( func, wait, immediate ) {            var timeout;            return function() {                var context = this, args = arguments;                var later = function() {                    timeout = null;                    if ( !immediate ) func.apply( context, args );                };                var callNow = immediate && !timeout;                clearTimeout( timeout );                timeout = setTimeout( later, wait );                if ( callNow ) func.apply( context, args );            };        }        const debouncedTriggerPostRender = debounce( function() {            triggerPostRender();        }, 200 );        if ( visibilityTestDiv && visibilityTestDiv.offsetParent === null ) {            const observer = new MutationObserver( ( mutations ) => {                mutations.forEach( ( mutation ) => {                    if ( mutation.type === 'attributes' && visibilityTestDiv.offsetParent !== null ) {                        debouncedTriggerPostRender();                        observer.disconnect();                    }                });            });            observer.observe( document.body, {                attributes: true,                childList: false,                subtree: true,                attributeFilter: [ 'style', 'class' ],            });        } else {            triggerPostRender();        }    } );} );\n<\/script>\n<\/div>\n\n\n\n<div class=\"wp-block-column is-layout-flow wp-block-column-is-layout-flow\" style=\"flex-basis:42%\">\n<div class=\"wp-block-genesis-blocks-gb-container ebook-radius-waitlist gb-block-container\"><div class=\"gb-container-inside\"><div class=\"gb-container-content\"><div class=\"wp-block-image ebook-image\">\n<figure class=\"aligncenter size-large\"><img decoding=\"async\" src=\"https:\/\/loirelovers.fr\/wp-content\/uploads\/2023\/03\/ebooks_CorseNormandie_FR.png\" alt=\"Box Ebook Korsika FR\"\/><\/figure>\n<\/div><\/div><\/div><\/div>\n<\/div>\n<\/div>\n<\/div><\/div><\/div>\n\n<h2 class=\"wp-block-heading\">4. RR Hotel da Rocha (4 stj\u00e4rnor)<\/h2>\n\n<figure class=\"wp-block-image size-large\"><img decoding=\"async\" src=\"https:\/\/photos.smugmug.com\/Portugal\/Algarve\/Portimao\/H&#xF4;tels\/RR-hotel-da-Rocha\/i-2z96sv2\/0\/MQfN8qtdVk2p9tjrf7zchWkKG3PxwXXggV3zBRKpk\/L\/pool%20rr%20hotel%20da%20rocha%20portimao%20algarve-L.jpg\" alt=\"\"\/><\/figure>\n\n<h3 class=\"wp-block-heading\">Varf\u00f6r ska man bo d\u00e4r?<\/h3>\n\n<p>Detta hotell har rymliga sviter med modern inredning och \u00e4r s\u00e4rskilt l\u00e4mpligt f\u00f6r familjer. Hotellet ligger bara n\u00e5gra meter fr\u00e5n den ber\u00f6mda Praia da Rocha och erbjuder en m\u00e4ngd fantastiska faciliteter, fr\u00e5n en utomhuspool f\u00f6r ett uppfriskande dopp efter en l\u00e5ng dag ute till en restaurang d\u00e4r du kan \u00e4ta middag p\u00e5 kv\u00e4llen. V\u00e5rt sovrum erbj\u00f6d gener\u00f6st med utrymme fr\u00e5n sovdelen till vardagsrummet och k\u00f6ket. Vi hade ocks\u00e5 en balkong med havsutsikt! Som du kan se var v\u00e5r s\u00e4ng ocks\u00e5 riktigt stor.<\/p>\n\n<figure class=\"wp-block-image size-large\"><img decoding=\"async\" src=\"https:\/\/photos.smugmug.com\/Portugal\/Algarve\/Portimao\/H&#xF4;tels\/RR-hotel-da-Rocha\/i-gd7fPvd\/0\/LHTFxRMbgBCVrKpFc2bW45PLH3PTF5JBnKtCBKhQv\/L\/bedroom%20rr%20hotel%20da%20rocha%20portimao%20algarve-L.jpg\" alt=\"RR Hotel da Rocha - Varf&#xF6;r bo d&#xE4;r?\"\/><\/figure>\n\n<h3 class=\"wp-block-heading\">Tillg\u00e5ng till pool och strand<\/h3>\n\n<ul class=\"wp-block-list\">\n<li>Ouppv\u00e4rmd utomhuspool<\/li>\n\n\n\n<li>Solstolar och parasoller finns tillg\u00e4ngliga<\/li>\n\n\n\n<li>Balinesiska s\u00e4ngar p\u00e5 solariumplanet<\/li>\n\n\n\n<li>Direkt tillg\u00e5ng till Praia da Rocha<\/li>\n\n\n\n<li>13min promenad fr\u00e5n Praia dos Tr\u00eas Castelos<\/li>\n<\/ul>\n\n<h3 class=\"wp-block-heading\">Praktisk information<\/h3>\n\n<ul class=\"wp-block-list\">\n<li>Grannskap: Praia da Rocha<\/li>\n\n\n\n<li>Prisintervall: 4 stj\u00e4rnor<\/li>\n\n\n\n<li>Restaurang: ja (middagsbuff\u00e9)<\/li>\n\n\n\n<li>Familjesviter: ja<\/li>\n\n\n\n<li>Faciliteter: gym, massagerum<\/li>\n\n\n\n<li>Tillg\u00e4nglighet: hissar tillg\u00e4ngliga, rullstolsanpassade toaletter<\/li>\n\n\n\n<li>Parkering: privat, avgiftsbelagd parkering, underjordisk<\/li>\n\n\n\n<li><strong><a href=\"https:\/\/www.booking.com\/hotel\/pt\/da-rocha.html?aid=2420176\" target=\"_blank\" rel=\"noreferrer noopener sponsored nofollow\">Se bilder, priser och tillg\u00e4nglighet &#8211; och boka!<\/a><\/strong><\/li>\n<\/ul>\n\n<h2 class=\"wp-block-heading\">5. Vitor&#8217;s Plaza Aparthotel (4 stj\u00e4rnor)<\/h2>\n\n<figure class=\"wp-block-image size-large\"><img decoding=\"async\" src=\"https:\/\/photos.smugmug.com\/Portugal\/Algarve\/Portimao\/H&#xF4;tels\/Vitors-Plaza\/i-9NwxM3j\/0\/KvtwCzrsPcrJrvGdm3Sp8Sc9g9StL3c9xCxSXNVN9\/L\/big%20pool%20vitor%20plaza%20portimao%20algarve-L.jpg\" alt=\"\"\/><\/figure>\n\n<h3 class=\"wp-block-heading\">Varf\u00f6r ska man bo d\u00e4r?<\/h3>\n\n<p>Detta l\u00e4genhetshotell kommer att tilltala hela familjen tack vare sina \u00e5ldersanpassade faciliteter. Barnen kommer att njuta av lekplatsen och minigolfen, medan vuxna kommer att uppskatta de 2 inomhus- och utomhuspoolerna och jacuzzin. Dess strategiska l\u00e4ge mellan Portim\u00e3o, Alvor och Praia da Rocha \u00e4r s\u00e4rskilt bekv\u00e4mt f\u00f6r att utforska regionen. Hotellet ligger utanf\u00f6r fastlandet f\u00f6r lugn och ro, men erbjuder gratis transport till stranden och stadens centrum. Du kommer att uppt\u00e4cka en idealisk formel som kombinerar sj\u00e4lvst\u00e4ndigheten i en l\u00e4genhet med fullst\u00e4ndiga hotelltj\u00e4nster.<\/p>\n\n<figure class=\"wp-block-image size-large\"><img decoding=\"async\" src=\"https:\/\/photos.smugmug.com\/Portugal\/Algarve\/Portimao\/H&#xF4;tels\/Vitors-Plaza\/i-HMxgvkB\/0\/MqNfTwknq68q9gZVtKMhQ6nvGDVrGcS5txFSVtL77\/L\/kids%20game%20vitor%20plaza%20portimao%20algarve-L.jpg\" alt=\"Vitor's Plaza Hotel - Varf&#xF6;r bo h&#xE4;r?\"\/><\/figure>\n\n<h3 class=\"wp-block-heading\">Pooler och tillg\u00e5ng till stranden<\/h3>\n\n<ul class=\"wp-block-list\">\n<li>Utomhuspool f\u00f6r vuxna<\/li>\n\n\n\n<li>Uppv\u00e4rmd inomhuspool<\/li>\n\n\n\n<li>Plaskdamm f\u00f6r barn<\/li>\n\n\n\n<li>Terrass med solstolar och parasoller<\/li>\n\n\n\n<li>Gratis transport till Praia da Rocha och andra str\u00e4nder i n\u00e4rheten<\/li>\n<\/ul>\n\n<h3 class=\"wp-block-heading\">Praktisk information<\/h3>\n\n<ul class=\"wp-block-list\">\n<li>Grannskap: Inlandet (mellan Portim\u00e3o, Alvor och Praia da Rocha)<\/li>\n\n\n\n<li>Prisintervall: 4 stj\u00e4rnor<\/li>\n\n\n\n<li>Restaurang: ja + bar<\/li>\n\n\n\n<li>Familjel\u00e4genheter: ja<\/li>\n\n\n\n<li>Barnfaciliteter: minigolfbana, plaskdamm, lekplats, bordtennis, spelrum<\/li>\n\n\n\n<li>Faciliteter: jacuzzi, tennisbana, multisportplan, gym, gratis transport till stadens centrum, tv\u00e4ttstuga, livsmedelsaff\u00e4r<\/li>\n\n\n\n<li>Tillg\u00e4nglighet: parkeringsplatser reserverade f\u00f6r personer med funktionsneds\u00e4ttning, anpassade toaletter, hissar<\/li>\n\n\n\n<li>Parkering: gratis, stor parkeringsplats med 2 laddningsstationer f\u00f6r elfordon<\/li>\n\n\n\n<li><strong><a href=\"https:\/\/www.booking.com\/hotel\/pt\/vitor-s-plaza-resort.html?aid=2420176\" target=\"_blank\" rel=\"noreferrer noopener sponsored nofollow\">Se bilder, priser och tillg\u00e4nglighet &#8211; och boka!<\/a><\/strong><\/li>\n<\/ul>\n\n<div style=\"background-color:#fefefe;margin-top:6%;margin-bottom:6%\" class=\"wp-block-genesis-blocks-gb-container box gb-block-container\"><div class=\"gb-container-inside\"><div class=\"gb-container-content\" style=\"max-width:700px\">\n<div class=\"wp-block-columns inverse is-layout-flex wp-container-core-columns-is-layout-9d6595d7 wp-block-columns-is-layout-flex\">\n<div class=\"wp-block-column texte_planif is-layout-flow wp-block-column-is-layout-flow\" style=\"flex-basis:58%\">\n<h5 class=\"titre_box\">Ta emot v\u00e5rt <span class=\"titre_box_manuscrit\">nyhetsbrev<\/span><\/h5>\n\n\n\n<ul class=\"wp-block-list\">\n<li>En frisk fl\u00e4kt i ditt dagliga liv p\u00e5 de vackra destinationerna i Region Lovers!<\/li>\n\n\n\n<li>En g\u00e5ng i m\u00e5naden<\/li>\n\n\n\n<li>Reklamfri<\/li>\n<\/ul>\n\n\n\n                <div class='gf_browser_gecko gform_wrapper gform-theme gform-theme--foundation gform-theme--framework gform-theme--orbital' data-form-theme='orbital' data-form-index='0' id='gform_wrapper_3' ><style>#gform_wrapper_3[data-form-index=\"0\"].gform-theme,[data-parent-form=\"3_0\"]{--gf-color-primary: #204ce5;--gf-color-primary-rgb: 32, 76, 229;--gf-color-primary-contrast: #fff;--gf-color-primary-contrast-rgb: 255, 255, 255;--gf-color-primary-darker: #001AB3;--gf-color-primary-lighter: #527EFF;--gf-color-secondary: #fff;--gf-color-secondary-rgb: 255, 255, 255;--gf-color-secondary-contrast: #112337;--gf-color-secondary-contrast-rgb: 17, 35, 55;--gf-color-secondary-darker: #F5F5F5;--gf-color-secondary-lighter: #FFFFFF;--gf-color-out-ctrl-light: rgba(17, 35, 55, 0.1);--gf-color-out-ctrl-light-rgb: 17, 35, 55;--gf-color-out-ctrl-light-darker: rgba(104, 110, 119, 0.35);--gf-color-out-ctrl-light-lighter: #F5F5F5;--gf-color-out-ctrl-dark: #585e6a;--gf-color-out-ctrl-dark-rgb: 88, 94, 106;--gf-color-out-ctrl-dark-darker: #112337;--gf-color-out-ctrl-dark-lighter: rgba(17, 35, 55, 0.65);--gf-color-in-ctrl: #fff;--gf-color-in-ctrl-rgb: 255, 255, 255;--gf-color-in-ctrl-contrast: #112337;--gf-color-in-ctrl-contrast-rgb: 17, 35, 55;--gf-color-in-ctrl-darker: #F5F5F5;--gf-color-in-ctrl-lighter: #FFFFFF;--gf-color-in-ctrl-primary: #204ce5;--gf-color-in-ctrl-primary-rgb: 32, 76, 229;--gf-color-in-ctrl-primary-contrast: #fff;--gf-color-in-ctrl-primary-contrast-rgb: 255, 255, 255;--gf-color-in-ctrl-primary-darker: #001AB3;--gf-color-in-ctrl-primary-lighter: #527EFF;--gf-color-in-ctrl-light: rgba(17, 35, 55, 0.1);--gf-color-in-ctrl-light-rgb: 17, 35, 55;--gf-color-in-ctrl-light-darker: rgba(104, 110, 119, 0.35);--gf-color-in-ctrl-light-lighter: #F5F5F5;--gf-color-in-ctrl-dark: #585e6a;--gf-color-in-ctrl-dark-rgb: 88, 94, 106;--gf-color-in-ctrl-dark-darker: #112337;--gf-color-in-ctrl-dark-lighter: rgba(17, 35, 55, 0.65);--gf-radius: 3px;--gf-font-size-secondary: 14px;--gf-font-size-tertiary: 13px;--gf-icon-ctrl-number: url(\"data:image\/svg+xml,%3Csvg width='8' height='14' viewBox='0 0 8 14' fill='none' xmlns='http:\/\/www.w3.org\/2000\/svg'%3E%3Cpath fill-rule='evenodd' clip-rule='evenodd' d='M4 0C4.26522 5.96046e-08 4.51957 0.105357 4.70711 0.292893L7.70711 3.29289C8.09763 3.68342 8.09763 4.31658 7.70711 4.70711C7.31658 5.09763 6.68342 5.09763 6.29289 4.70711L4 2.41421L1.70711 4.70711C1.31658 5.09763 0.683417 5.09763 0.292893 4.70711C-0.0976311 4.31658 -0.097631 3.68342 0.292893 3.29289L3.29289 0.292893C3.48043 0.105357 3.73478 0 4 0ZM0.292893 9.29289C0.683417 8.90237 1.31658 8.90237 1.70711 9.29289L4 11.5858L6.29289 9.29289C6.68342 8.90237 7.31658 8.90237 7.70711 9.29289C8.09763 9.68342 8.09763 10.3166 7.70711 10.7071L4.70711 13.7071C4.31658 14.0976 3.68342 14.0976 3.29289 13.7071L0.292893 10.7071C-0.0976311 10.3166 -0.0976311 9.68342 0.292893 9.29289Z' fill='rgba(17, 35, 55, 0.65)'\/%3E%3C\/svg%3E\");--gf-icon-ctrl-select: url(\"data:image\/svg+xml,%3Csvg width='10' height='6' viewBox='0 0 10 6' fill='none' xmlns='http:\/\/www.w3.org\/2000\/svg'%3E%3Cpath fill-rule='evenodd' clip-rule='evenodd' d='M0.292893 0.292893C0.683417 -0.097631 1.31658 -0.097631 1.70711 0.292893L5 3.58579L8.29289 0.292893C8.68342 -0.0976311 9.31658 -0.0976311 9.70711 0.292893C10.0976 0.683417 10.0976 1.31658 9.70711 1.70711L5.70711 5.70711C5.31658 6.09763 4.68342 6.09763 4.29289 5.70711L0.292893 1.70711C-0.0976311 1.31658 -0.0976311 0.683418 0.292893 0.292893Z' fill='rgba(17, 35, 55, 0.65)'\/%3E%3C\/svg%3E\");--gf-icon-ctrl-search: url(\"data:image\/svg+xml,%3Csvg width='640' height='640' xmlns='http:\/\/www.w3.org\/2000\/svg'%3E%3Cpath d='M256 128c-70.692 0-128 57.308-128 128 0 70.691 57.308 128 128 128 70.691 0 128-57.309 128-128 0-70.692-57.309-128-128-128zM64 256c0-106.039 85.961-192 192-192s192 85.961 192 192c0 41.466-13.146 79.863-35.498 111.248l154.125 154.125c12.496 12.496 12.496 32.758 0 45.254s-32.758 12.496-45.254 0L367.248 412.502C335.862 434.854 297.467 448 256 448c-106.039 0-192-85.962-192-192z' fill='rgba(17, 35, 55, 0.65)'\/%3E%3C\/svg%3E\");--gf-label-space-y-secondary: var(--gf-label-space-y-md-secondary);--gf-ctrl-border-color: #686e77;--gf-ctrl-size: var(--gf-ctrl-size-md);--gf-ctrl-label-color-primary: #112337;--gf-ctrl-label-color-secondary: #112337;--gf-ctrl-choice-size: var(--gf-ctrl-choice-size-md);--gf-ctrl-checkbox-check-size: var(--gf-ctrl-checkbox-check-size-md);--gf-ctrl-radio-check-size: var(--gf-ctrl-radio-check-size-md);--gf-ctrl-btn-font-size: var(--gf-ctrl-btn-font-size-md);--gf-ctrl-btn-padding-x: var(--gf-ctrl-btn-padding-x-md);--gf-ctrl-btn-size: var(--gf-ctrl-btn-size-md);--gf-ctrl-btn-border-color-secondary: #686e77;--gf-ctrl-file-btn-bg-color-hover: #EBEBEB;--gf-field-img-choice-size: var(--gf-field-img-choice-size-md);--gf-field-img-choice-card-space: var(--gf-field-img-choice-card-space-md);--gf-field-img-choice-check-ind-size: var(--gf-field-img-choice-check-ind-size-md);--gf-field-img-choice-check-ind-icon-size: var(--gf-field-img-choice-check-ind-icon-size-md);--gf-field-pg-steps-number-color: rgba(17, 35, 55, 0.8);}<\/style>\n                        <div class='gform_heading'>\n                            <p class='gform_description'><\/p>\n                        <\/div><form method='post' enctype='multipart\/form-data'  id='gform_3'  action='\/sv\/wp-json\/wp\/v2\/posts\/3372' data-formid='3' novalidate> \r\n <input type='hidden' class='gforms-pum' value='{\"closepopup\":false,\"closedelay\":0,\"openpopup\":false,\"openpopup_id\":0}' \/>\n                        <div class='gform-body gform_body'><div id='gform_fields_3' class='gform_fields top_label form_sublabel_below description_below validation_below'><div id=\"field_3_1\" class=\"gfield gfield--type-email gfield--input-type-email gfield_contains_required field_sublabel_below gfield--no-description field_description_below hidden_label field_validation_below gfield_visibility_visible\"  ><label class='gfield_label gform-field-label' for='input_3_1'>E-post<span class=\"gfield_required\"><span class=\"gfield_required gfield_required_text\">(Obligatoriskt)<\/span><\/span><\/label><div class='ginput_container ginput_container_email'>\n                            <input name='input_1' id='input_3_1' type='email' value='' class='large'    aria-required=\"true\" aria-invalid=\"false\"  \/>\n                        <\/div><\/div><fieldset id=\"field_3_3\" class=\"gfield gfield--type-consent gfield--type-choice gfield--input-type-consent gfield--width-full gfield_contains_required field_sublabel_below gfield--no-description field_description_below hidden_label field_validation_below gfield_visibility_visible\"  ><legend class='gfield_label gform-field-label gfield_label_before_complex' >RGPD<span class=\"gfield_required\"><span class=\"gfield_required gfield_required_text\">(Obligatoriskt)<\/span><\/span><\/legend><div class='ginput_container ginput_container_consent'><input name='input_3.1' id='input_3_3_1' type='checkbox' value='1'   aria-required=\"true\" aria-invalid=\"false\"   \/> <label class=\"gform-field-label gform-field-label--type-inline gfield_consent_label\" for='input_3_3_1' >Ja, jag vill prenumerera p\u00e5 det m\u00e5natliga nyhetsbrevet<span class=\"gfield_required gfield_required_text\">(Obligatoriskt)<\/span><\/label><input type='hidden' name='input_3.2' value='Ja, jag vill prenumerera p\u00e5 det m\u00e5natliga nyhetsbrevet' class='gform_hidden' \/><input type='hidden' name='input_3.3' value='1' class='gform_hidden' \/><\/div><\/fieldset><div id=\"field_3_4\" class=\"gfield gfield--type-website gfield--input-type-website gfield--width-full field_sublabel_below gfield--no-description field_description_below field_validation_below gfield_visibility_hidden\"  ><div class=\"admin-hidden-markup\"><i class=\"gform-icon gform-icon--hidden\" aria-hidden=\"true\" title=\"Detta f\u00e4lt \u00e4r dolt n\u00e4r formul\u00e4ret visas\"><\/i><span>Detta f\u00e4lt \u00e4r dolt n\u00e4r formul\u00e4ret visas<\/span><\/div><label class='gfield_label gform-field-label' for='input_3_4'>Webbplats<\/label><div class='ginput_container ginput_container_website'>\n                    <input name='input_4' id='input_3_4' type='url' value='https:\/\/portugallovers.com\/sv\/wp-json\/wp\/v2\/posts\/3372' class='large'    placeholder='https:\/\/'  aria-invalid=\"false\" \/>\n                <\/div><\/div><\/div><\/div>\n        <div class='gform-footer gform_footer top_label'> <input type='submit' id='gform_submit_button_3' class='gform_button button' onclick='gform.submission.handleButtonClick(this);' data-submission-type='submit' value='Skicka'  \/> \n            <input type='hidden' class='gform_hidden' name='gform_submission_method' data-js='gform_submission_method_3' value='postback' \/>\n            <input type='hidden' class='gform_hidden' name='gform_theme' data-js='gform_theme_3' id='gform_theme_3' value='orbital' \/>\n            <input type='hidden' class='gform_hidden' name='gform_style_settings' data-js='gform_style_settings_3' id='gform_style_settings_3' value='{&quot;inputPrimaryColor&quot;:&quot;#204ce5&quot;}' \/>\n            <input type='hidden' class='gform_hidden' name='is_submit_3' value='1' \/>\n            <input type='hidden' class='gform_hidden' name='gform_submit' value='3' \/>\n            \n            <input type='hidden' class='gform_hidden' name='gform_currency' data-currency='EUR' value='RGkvEIFiPjd5ERbRqgs7CT8yWzlMIVIZtw49n1yP5\/2eHN+UDFXTJmT4nWGp4qYBIzDb4ejUpsAGEgnMZ6L34b0E2xEVeYPm\/XnCpRYHQgXNCIM=' \/>\n            <input type='hidden' class='gform_hidden' name='gform_unique_id' value='' \/>\n            <input type='hidden' class='gform_hidden' name='state_3' value='WyJ7XCIzLjFcIjpcImQxZWE2ZjAxYTlmOGIwNTgzN2MzOTNkZmYyNzA4M2FjXCIsXCIzLjJcIjpcIjYxZjM3ODFkNTE5N2FlNmEyMjU1NmZkY2ViZmVjYTg3XCIsXCIzLjNcIjpcImQxZWE2ZjAxYTlmOGIwNTgzN2MzOTNkZmYyNzA4M2FjXCJ9IiwiM2UyNDI2NGZlMmZkMzIxYWY4MGYwZTU4YjdiMzdjMWUiXQ==' \/>\n            <input type='hidden' autocomplete='off' class='gform_hidden' name='gform_target_page_number_3' id='gform_target_page_number_3' value='0' \/>\n            <input type='hidden' autocomplete='off' class='gform_hidden' name='gform_source_page_number_3' id='gform_source_page_number_3' value='1' \/>\n            <input type='hidden' name='gform_field_values' value='' \/>\n            \n        <\/div>\n                        <\/form>\n                        <\/div><script>\ngform.initializeOnLoaded( function() {gformInitSpinner( 3, 'https:\/\/portugallovers.com\/wp-content\/plugins\/gravityforms\/images\/spinner.svg', false );jQuery('#gform_ajax_frame_3').on('load',function(){var contents = jQuery(this).contents().find('*').html();var is_postback = contents.indexOf('GF_AJAX_POSTBACK') >= 0;if(!is_postback){return;}var form_content = jQuery(this).contents().find('#gform_wrapper_3');var is_confirmation = jQuery(this).contents().find('#gform_confirmation_wrapper_3').length > 0;var is_redirect = contents.indexOf('gformRedirect(){') >= 0;var is_form = form_content.length > 0 && ! is_redirect && ! is_confirmation;var mt = parseInt(jQuery('html').css('margin-top'), 10) + parseInt(jQuery('body').css('margin-top'), 10) + 100;if(is_form){jQuery('#gform_wrapper_3').html(form_content.html());if(form_content.hasClass('gform_validation_error')){jQuery('#gform_wrapper_3').addClass('gform_validation_error');} else {jQuery('#gform_wrapper_3').removeClass('gform_validation_error');}setTimeout( function() { \/* delay the scroll by 50 milliseconds to fix a bug in chrome *\/  }, 50 );if(window['gformInitDatepicker']) {gformInitDatepicker();}if(window['gformInitPriceFields']) {gformInitPriceFields();}var current_page = jQuery('#gform_source_page_number_3').val();gformInitSpinner( 3, 'https:\/\/portugallovers.com\/wp-content\/plugins\/gravityforms\/images\/spinner.svg', false );jQuery(document).trigger('gform_page_loaded', [3, current_page]);window['gf_submitting_3'] = false;}else if(!is_redirect){var confirmation_content = jQuery(this).contents().find('.GF_AJAX_POSTBACK').html();if(!confirmation_content){confirmation_content = contents;}jQuery('#gform_wrapper_3').replaceWith(confirmation_content);jQuery(document).trigger('gform_confirmation_loaded', [3]);window['gf_submitting_3'] = false;wp.a11y.speak(jQuery('#gform_confirmation_message_3').text());}else{jQuery('#gform_3').append(contents);if(window['gformRedirect']) {gformRedirect();}}jQuery(document).trigger(\"gform_pre_post_render\", [{ formId: \"3\", currentPage: \"current_page\", abort: function() { this.preventDefault(); } }]);        if (event && event.defaultPrevented) {                return;        }        const gformWrapperDiv = document.getElementById( \"gform_wrapper_3\" );        if ( gformWrapperDiv ) {            const visibilitySpan = document.createElement( \"span\" );            visibilitySpan.id = \"gform_visibility_test_3\";            gformWrapperDiv.insertAdjacentElement( \"afterend\", visibilitySpan );        }        const visibilityTestDiv = document.getElementById( \"gform_visibility_test_3\" );        let postRenderFired = false;        function triggerPostRender() {            if ( postRenderFired ) {                return;            }            postRenderFired = true;            gform.core.triggerPostRenderEvents( 3, current_page );            if ( visibilityTestDiv ) {                visibilityTestDiv.parentNode.removeChild( visibilityTestDiv );            }        }        function debounce( func, wait, immediate ) {            var timeout;            return function() {                var context = this, args = arguments;                var later = function() {                    timeout = null;                    if ( !immediate ) func.apply( context, args );                };                var callNow = immediate && !timeout;                clearTimeout( timeout );                timeout = setTimeout( later, wait );                if ( callNow ) func.apply( context, args );            };        }        const debouncedTriggerPostRender = debounce( function() {            triggerPostRender();        }, 200 );        if ( visibilityTestDiv && visibilityTestDiv.offsetParent === null ) {            const observer = new MutationObserver( ( mutations ) => {                mutations.forEach( ( mutation ) => {                    if ( mutation.type === 'attributes' && visibilityTestDiv.offsetParent !== null ) {                        debouncedTriggerPostRender();                        observer.disconnect();                    }                });            });            observer.observe( document.body, {                attributes: true,                childList: false,                subtree: true,                attributeFilter: [ 'style', 'class' ],            });        } else {            triggerPostRender();        }    } );} );\n<\/script>\n<\/div>\n\n\n\n<div class=\"wp-block-column is-layout-flow wp-block-column-is-layout-flow\" style=\"flex-basis:42%\">\n<div class=\"wp-block-genesis-blocks-gb-container aligncenter newsletter-radius gb-block-container\"><div class=\"gb-container-inside\"><div class=\"gb-container-content\"><div class=\"wp-block-image newsletter-image\">\n<figure class=\"aligncenter size-full\"><img decoding=\"async\" src=\"https:\/\/canarias-lovers.com\/wp-content\/uploads\/2024\/06\/newsletter_FR_2.png\" alt=\"Nyhetsbrev\" class=\"wp-image-1181\"\/><\/figure>\n<\/div><\/div><\/div><\/div>\n<\/div>\n<\/div>\n<\/div><\/div><\/div>\n\n<h2 class=\"wp-block-heading\">6. Aparthotel Flor Da Rocha (4 stj\u00e4rnor)<\/h2>\n\n<figure class=\"wp-block-image size-large\"><img decoding=\"async\" src=\"https:\/\/photos.smugmug.com\/Portugal\/Algarve\/Portimao\/H&#xF4;tels\/Fa&#xE7;ades\/i-svw989K\/0\/L2wgQrSG73Dw825Fm9DrQQwbVxp6kc9c4jkXfpR5H\/L\/architecture%20flor%20rocha%20hotel%20portimao%20algarve-L.jpg\" alt=\"\"\/><\/figure>\n\n<h3 class=\"wp-block-heading\">Varf\u00f6r ska man bo d\u00e4r?<\/h3>\n\n<p>Aparthotel Flor Da Rocha ligger mellan Praia da Rocha och Praia dos Tr\u00eas Castelos och erbjuder rymliga l\u00e4genheter med pentry och balkong, perfekt f\u00f6r familjer. Fritidsfaciliteterna omfattar en utomhuspool, tennisbanor och en sm\u00e5barnsbass\u00e4ng med l\u00e5g vattenniv\u00e5. Du kommer att njuta av ett praktiskt boende med sj\u00e4lvst\u00e4ndigheten i en l\u00e4genhet och tj\u00e4nsterna i en traditionell semesteranl\u00e4ggning.<\/p>\n\n<figure class=\"wp-block-image size-large\"><img decoding=\"async\" src=\"https:\/\/photos.smugmug.com\/Portugal\/Algarve\/Portimao\/H&#xF4;tels\/Fa&#xE7;ades\/i-CvGSrBx\/0\/M3GhQBmZTc7NKwJmS4W4n5PBwCdHtq2DsNVzfxRmB\/L\/pools%20flor%20rocha%20hotel%20portimao%20algarve-L.jpg\" alt=\"Flor Da Rocha - Varf&#xF6;r sova d&#xE4;r?\"\/><\/figure>\n\n<h3 class=\"wp-block-heading\">Pooler och tillg\u00e5ng till stranden<\/h3>\n\n<ul class=\"wp-block-list\">\n<li>Utomhuspool<\/li>\n\n\n\n<li>Liten pool f\u00f6r sm\u00e5 barn<\/li>\n\n\n\n<li>Terrass med solstolar och parasoller<\/li>\n\n\n\n<li>Poolbar med drycker och snacks<\/li>\n\n\n\n<li>8 minuters promenad till Praia da Rocha<\/li>\n\n\n\n<li>10 minuters promenad till Praia dos Tr\u00eas Castelos<\/li>\n<\/ul>\n\n<h3 class=\"wp-block-heading\">Praktisk information<\/h3>\n\n<ul class=\"wp-block-list\">\n<li>Grannskap: Praia da Rocha<\/li>\n\n\n\n<li>Prisintervall: 4 stj\u00e4rnor<\/li>\n\n\n\n<li>Restaurang: nej<\/li>\n\n\n\n<li>Familjel\u00e4genheter: ja<\/li>\n\n\n\n<li>Faciliteter: spaomr\u00e5de, tennisbanor, gym, spelrum<\/li>\n\n\n\n<li>Tillg\u00e4nglighet: hissar tillg\u00e4ngliga, l\u00e4genheter anpassade f\u00f6r personer med funktionsneds\u00e4ttning<\/li>\n\n\n\n<li>Parkering: allm\u00e4n, gratis<\/li>\n\n\n\n<li><strong><a href=\"https:\/\/www.booking.com\/hotel\/pt\/flor-da-rocha.html?aid=2420176\" target=\"_blank\" rel=\"noreferrer noopener sponsored nofollow\">Se bilder, priser och tillg\u00e4nglighet &#8211; och boka!<\/a><\/strong><\/li>\n<\/ul>\n\n<h2 class=\"wp-block-heading\">7. L\u00e4genhetshotell Jardim do Vau (4 stj\u00e4rnor)<\/h2>\n\n<figure class=\"wp-block-image size-large\"><img decoding=\"async\" src=\"https:\/\/photos.smugmug.com\/Portugal\/Algarve\/Portimao\/H&#xF4;tels\/Fa&#xE7;ades\/i-nfJ2V2w\/0\/NJjz94LsMv4TZ9LzVp6Q7HP9ws4jq3VT6tMnCFRzH\/L\/architecture%20jardim%20vau%20hotel%20portimao%20algarve-L.jpg\" alt=\"\"\/><\/figure>\n\n<h3 class=\"wp-block-heading\">Varf\u00f6r ska man bo d\u00e4r?<\/h3>\n\n<p>Detta strandn\u00e4ra l\u00e4genhetshotell har direkt tillg\u00e5ng till Praia do Vau och erbjuder l\u00e4genheter i modern stil med fullt utrustade k\u00f6k. Varje l\u00e4genhet har en balkong med solstolar s\u00e5 att du kan f\u00e5 ut det mesta av den exceptionella havsmilj\u00f6n. Familjefaciliteterna inkluderar inomhus- och utomhuspooler, en lekplats och en juniorklubb f\u00f6r att h\u00e5lla barnen underh\u00e5llna. Du kommer att njuta av en v\u00e4nlig vistelse bara ett stenkast fr\u00e5n havet.<\/p>\n\n<figure class=\"wp-block-image size-large\"><img decoding=\"async\" src=\"https:\/\/photos.smugmug.com\/Portugal\/Algarve\/Portimao\/H&#xF4;tels\/Fa&#xE7;ades\/i-q26KzR4\/0\/KkmPLT8vb8TkNpHkfJctNMNgncMR99mqdn3D3ZsqK\/L\/pool%20jardim%20vau%20hotel%20portimao%20algarve-L.jpg\" alt=\"Jardim do Vau - Varf&#xF6;r sova h&#xE4;r?\"\/><\/figure>\n\n<h3 class=\"wp-block-heading\">Pooler och tillg\u00e5ng till stranden<\/h3>\n\n<ul class=\"wp-block-list\">\n<li>Utomhuspooler omgivna av solstolar<\/li>\n\n\n\n<li>Barnpool med l\u00e5g vattenniv\u00e5<\/li>\n\n\n\n<li>Uppv\u00e4rmd inomhuspool i spaavdelningen<\/li>\n\n\n\n<li>Direkt tillg\u00e5ng till Praia do Vau<\/li>\n\n\n\n<li>10min promenad fr\u00e5n Praia do Alem\u00e3o<\/li>\n<\/ul>\n\n<h3 class=\"wp-block-heading\">Praktisk information<\/h3>\n\n<ul class=\"wp-block-list\">\n<li>Grannskap: Praia do Vau<\/li>\n\n\n\n<li>Prisintervall: 4 stj\u00e4rnor<\/li>\n\n\n\n<li>Restaurang: ja<\/li>\n\n\n\n<li>Familjel\u00e4genheter: ja<\/li>\n\n\n\n<li>Barnfaciliteter: lekplats, juniorklubb, pool<\/li>\n\n\n\n<li>Faciliteter: spaavdelning med bastu, turkiskt bad, jacuzzi, fitnessrum<\/li>\n\n\n\n<li>Tillg\u00e4nglighet: hissar tillg\u00e4ngliga, boendet ligger helt p\u00e5 bottenv\u00e5ningen<\/li>\n\n\n\n<li>Parkering: allm\u00e4n, gratis<\/li>\n\n\n\n<li><strong><a href=\"https:\/\/www.booking.com\/hotel\/pt\/jardim-do-vau.html?aid=2420176\" target=\"_blank\" rel=\"noreferrer noopener sponsored nofollow\">Se bilder, priser och tillg\u00e4nglighet &#8211; och boka!<\/a><\/strong><\/li>\n<\/ul>\n\n<h2 class=\"wp-block-heading\">8. TURIM Presidente Hotel (4 stj\u00e4rnor)<\/h2>\n\n<figure class=\"wp-block-image size-large\"><img decoding=\"async\" src=\"https:\/\/photos.smugmug.com\/Portugal\/Algarve\/Portimao\/H&#xF4;tels\/Fa&#xE7;ades\/i-vnr8vwJ\/0\/Khkhb8RD4CQWXdnHFD7n8xhN5s6DNCfTR78cQC4xC\/L\/pool%20turim%20presidente%20hotel%20portimao%20algarve-L.jpg\" alt=\"\"\/><\/figure>\n\n<h3 class=\"wp-block-heading\">Varf\u00f6r ska man bo d\u00e4r?<\/h3>\n\n<p>Detta hotell har genomg\u00e5tt en totalrenovering som gett det en modern framtoning. Varje boende har en privat balkong som \u00e4r perfekt f\u00f6r att koppla av i solen, med havsutsikt i de flesta fall. Hotellet har 2 pooler, en f\u00f6r vuxna och en f\u00f6r barn, samt flera solterrasser. Du kommer att \u00e4lska denna framg\u00e5ngsrika kombination av omedelbar n\u00e4rhet till stranden och kvalitetsanl\u00e4ggningar!<\/p>\n\n<figure class=\"wp-block-image size-large\"><img decoding=\"async\" src=\"https:\/\/photos.smugmug.com\/Portugal\/Algarve\/Portimao\/H&#xF4;tels\/Fa&#xE7;ades\/i-3GCLwGJ\/0\/KR2jLDsTvFN5KmSFjSCmZLVb874mD5VvpG2rnQLng\/L\/kids%20pool%20turim%20presidente%20hotel%20portimao%20algarve-L.jpg\" alt=\"TURIM Presidente Hotel - Varf&#xF6;r bo h&#xE4;r?\"\/><\/figure>\n\n<h3 class=\"wp-block-heading\">Pooler och tillg\u00e5ng till stranden<\/h3>\n\n<ul class=\"wp-block-list\">\n<li>Utomhuspool<\/li>\n\n\n\n<li>Barnpool<\/li>\n\n\n\n<li>Solarium med solstolar och parasoller<\/li>\n\n\n\n<li>Direkt tillg\u00e5ng till Praia dos Careanos<\/li>\n\n\n\n<li>9 minuters promenad fr\u00e5n Praia do Vau<\/li>\n<\/ul>\n\n<h3 class=\"wp-block-heading\">Praktisk information<\/h3>\n\n<ul class=\"wp-block-list\">\n<li>Grannskap: Praia do Vau<\/li>\n\n\n\n<li>Prisintervall: 4 stj\u00e4rnor<\/li>\n\n\n\n<li>Restaurang: ja + barer<\/li>\n\n\n\n<li>Familjerum: ja<\/li>\n\n\n\n<li>Tillg\u00e4nglighet: hissar tillg\u00e4ngliga, faciliteter f\u00f6r personer med funktionsneds\u00e4ttning<\/li>\n\n\n\n<li>Parkering: privat, avgiftsbelagd<\/li>\n\n\n\n<li><strong><a href=\"https:\/\/www.booking.com\/hotel\/pt\/apts-tur-presidente.html?aid=2420176\" target=\"_blank\" rel=\"noreferrer noopener sponsored nofollow\">Se bilder, priser och tillg\u00e4nglighet &#8211; och boka!<\/a><\/strong><\/li>\n<\/ul>\n\n<h2 class=\"wp-block-heading\">9. L\u00e4genhetshotell Castelos da Rocha<\/h2>\n\n<figure class=\"wp-block-image size-large\"><img decoding=\"async\" src=\"https:\/\/photos.smugmug.com\/Portugal\/Algarve\/Portimao\/H&#xF4;tels\/Fa&#xE7;ades\/i-WpKdsTB\/0\/MvD7sg7xZQWpTpMnJ663Cb2wsZ83djrN8BzKSKw3s\/L\/pools%20castelos%20rocha%20hotel%20portimao%20algarve-L.jpg\" alt=\"\"\/><\/figure>\n\n<h3 class=\"wp-block-heading\">Varf\u00f6r ska man bo d\u00e4r?<\/h3>\n\n<p>Denna anl\u00e4ggning ing\u00e5r i ett privat och lugnt l\u00e4genhetskomplex och ligger 700 meter fr\u00e5n strandpromenaden och huvudgatan i Praia da Rocha. Detta residens best\u00e5r av 3 byggnader och erbjuder l\u00e4genheter och studior, varav vissa \u00e4r duplex, alla utrustade med vardagsrum och matplats. Det fullt utrustade k\u00f6ket \u00f6ppnar upp mot vardagsrummet, vilket g\u00f6r det enkelt att laga mat med stil. Vi uppskattade den lugna atmosf\u00e4ren p\u00e5 detta l\u00e4genhetshotell, som erbjuder en avkopplande milj\u00f6 bort fr\u00e5n turistlivets liv och r\u00f6relse. Stranden ligger bara 10 minuters promenad bort.<\/p>\n\n<figure class=\"wp-block-image size-large\"><img decoding=\"async\" src=\"https:\/\/photos.smugmug.com\/Portugal\/Algarve\/Portimao\/H&#xF4;tels\/Fa&#xE7;ades\/i-zJmGV2b\/0\/KR224z9dMLzDQvHdPmKpsX6TLp7xq5xP54Hk3jSS3\/L\/architecture%20castelos%20rocha%20hotel%20portimao%20algarve-L.jpg\" alt=\"Castelos da Rocha - Varf&#xF6;r sova d&#xE4;r?\"\/><\/figure>\n\n<h3 class=\"wp-block-heading\">Pooler och tillg\u00e5ng till stranden<\/h3>\n\n<ul class=\"wp-block-list\">\n<li>Utomhuspool<\/li>\n\n\n\n<li>Barnpool<\/li>\n\n\n\n<li>Terrass med solstolar och parasoller<\/li>\n\n\n\n<li>10 minuters promenad till Praia da Rocha<\/li>\n\n\n\n<li>10 minuters promenad till Praia dos Tr\u00eas Castelos<br\/><\/li>\n<\/ul>\n\n<h3 class=\"wp-block-heading\">Praktisk information<\/h3>\n\n<ul class=\"wp-block-list\">\n<li>Grannskap: Praia da Rocha<\/li>\n\n\n\n<li>Prisklass: motsvarande 4 stj\u00e4rnor<\/li>\n\n\n\n<li>Restaurang: nej (fullt utrustade k\u00f6k)<\/li>\n\n\n\n<li>Familjel\u00e4genheter: ja<\/li>\n\n\n\n<li>Faciliteter: tennisbana<\/li>\n\n\n\n<li>Tillg\u00e4nglighet: hissar tillg\u00e4ngliga<\/li>\n\n\n\n<li>Parkering: privat, gratis<\/li>\n\n\n\n<li><strong><a href=\"https:\/\/www.booking.com\/hotel\/pt\/castelos-da-rocha.html?aid=2420176\" target=\"_blank\" rel=\"noreferrer noopener sponsored nofollow\">Se bilder, priser och tillg\u00e4nglighet &#8211; och boka!<\/a><\/strong><\/li>\n<\/ul>\n\n<h2 class=\"wp-block-heading\">10. Hotell Alcaide (3 stj\u00e4rnor)<\/h2>\n\n<figure class=\"wp-block-image size-large\"><img decoding=\"async\" src=\"https:\/\/photos.smugmug.com\/Portugal\/Algarve\/Portimao\/H&#xF4;tels\/Fa&#xE7;ades\/i-J2hpB2v\/0\/Lw9WSsnTnjgd94vRK47Mh7BT22wL5S3z3TPbxL4W9\/L\/pool%20alcaide%20hotel%20portimao%20algarve-L.jpg\" alt=\"\"\/><\/figure>\n\n<h3 class=\"wp-block-heading\">Varf\u00f6r ska man bo d\u00e4r?<\/h3>\n\n<p>Detta lugna och v\u00e4nliga hotell ligger bara 400 meter fr\u00e5n Praia do Vau, som anses vara en av de vackraste str\u00e4nderna i Algarve, och erbjuder bekv\u00e4mt boende. H\u00e4r finns en pool som omges av m\u00e5nga solstolar, vilket skapar en fridfull atmosf\u00e4r. Du kommer att uppt\u00e4cka en fristad f\u00f6r en avkopplande vistelse i en milj\u00f6 som \u00e4r or\u00f6rd av turismens liv och r\u00f6relse.<\/p>\n\n<figure class=\"wp-block-image size-large\"><img decoding=\"async\" src=\"https:\/\/photos.smugmug.com\/Portugal\/Algarve\/Portimao\/H&#xF4;tels\/Fa&#xE7;ades\/i-QMpxSbR\/0\/MGGnJTmkQns486bDxtj8rQBdSCbphMBGgrL8qtzHd\/L\/architecture%20alcaide%20hotel%20portimao%20algarve-L.jpg\" alt=\"\"\/><\/figure>\n\n<h3 class=\"wp-block-heading\">Tillg\u00e5ng till pool och strand<\/h3>\n\n<ul class=\"wp-block-list\">\n<li>Utomhuspool<\/li>\n\n\n\n<li>Terrass med solstolar och parasoller<\/li>\n\n\n\n<li>6 minuters promenad till Praia do Vau<\/li>\n\n\n\n<li>9 minuters promenad till Praia dos Careanos<br\/><\/li>\n<\/ul>\n\n<h3 class=\"wp-block-heading\">Praktisk information<\/h3>\n\n<ul class=\"wp-block-list\">\n<li>Grannskap: Praia do Vau<\/li>\n\n\n\n<li>Prisintervall: 3 stj\u00e4rnor<\/li>\n\n\n\n<li>Restaurang: nej<\/li>\n\n\n\n<li>Familjerum: ja<\/li>\n\n\n\n<li>Tillg\u00e4nglighet: hissar tillg\u00e4ngliga<\/li>\n\n\n\n<li>Parkering: allm\u00e4n, gratis<\/li>\n\n\n\n<li><strong><a href=\"https:\/\/www.booking.com\/hotel\/pt\/alcaide.html?aid=2420176\" target=\"_blank\" rel=\"noreferrer noopener sponsored nofollow\">Se bilder, priser och tillg\u00e4nglighet &#8211; och boka!<\/a><\/strong><\/li>\n<\/ul>\n\n<div style=\"margin-top:8%;margin-bottom:8%\" class=\"wp-block-genesis-blocks-gb-container box gb-block-container\"><div class=\"gb-container-inside\"><div class=\"gb-container-content\" style=\"max-width:700px\">\n<div class=\"wp-block-genesis-blocks-gb-container box_titre gb-block-container\"><div class=\"gb-container-inside\"><div class=\"gb-container-content\">\n<h5 class=\"titre_box\">PLANERA DIN RESA TILL <span class=\"titre_box_manuscrit\">Algarve<\/span><\/h5>\n<\/div><\/div><\/div>\n\n\n\n<hr class=\"wp-block-separator has-text-color has-alpha-channel-opacity has-background is-style-wide hr-box-planif\" style=\"background-color:#ccd3dd;color:#ccd3dd\"\/>\n\n\n\n<div class=\"wp-block-columns box_sans_border is-layout-flex wp-container-core-columns-is-layout-9d6595d7 wp-block-columns-is-layout-flex\">\n<div class=\"wp-block-column texte_planif is-layout-flow wp-block-column-is-layout-flow\" style=\"font-size:14px;flex-basis:60%\">\n<ul class=\"wp-block-list\">\n<li><strong>B\u00e4st av<\/strong><\/li>\n<\/ul>\n\n\n\n<p class=\"ul_box\" style=\"font-size:14px\"><a data-type=\"post\" data-id=\"234\" href=\"https:\/\/portugallovers.com\/sv\/vad-man-kan-gora-algarve-besok\/\" target=\"_blank\" rel=\"noreferrer noopener\">Sev\u00e4rdheter i Algarve<\/a><br\/>De vackraste landskapen (kommer snart)<br\/><a href=\"https:\/\/portugallovers.com\/sv\/basta-staderna-algarve-byarna\/\" target=\"_blank\" rel=\"noreferrer noopener\">De vackraste st\u00e4derna och byarna<\/a><br\/><a data-type=\"post\" data-id=\"232\" href=\"https:\/\/portugallovers.com\/sv\/basta-stranderna-algarve\/\" target=\"_blank\" rel=\"noreferrer noopener\">De vackraste str\u00e4nderna i Algarve<\/a><\/p>\n<\/div>\n\n\n\n<div class=\"wp-block-column is-vertically-aligned-top planif-radius is-layout-flow wp-block-column-is-layout-flow\" style=\"flex-basis:40%\">\n<figure class=\"wp-block-image size-large img-portrait\"><img decoding=\"async\" src=\"https:\/\/photos.smugmug.com\/Portugal\/Algarve\/Lagos\/Ponta-da-piedade\/i-D7CBTP5\/1\/NQ4BbwKc6B9Zkq4CQJ28dNBgDG8FBHfW992nXZ7tJ\/S\/ponta_da_piedade_Algarve_Portugal_IMG_6344-S.jpg\" alt=\"Ponta da Piedade\" title=\"\"\/><\/figure>\n<\/div>\n<\/div>\n\n\n\n<hr class=\"wp-block-separator has-text-color has-alpha-channel-opacity has-background is-style-wide hr-box-planif\" style=\"background-color:#ccd3dd;color:#ccd3dd\"\/>\n\n\n\n<div class=\"wp-block-columns box_sans_border is-layout-flex wp-container-core-columns-is-layout-9d6595d7 wp-block-columns-is-layout-flex\">\n<div class=\"wp-block-column texte_planif is-layout-flow wp-block-column-is-layout-flow\" style=\"flex-basis:60%\">\n<ul class=\"wp-block-list\">\n<li><strong>Praktiska r\u00e5d<\/strong><\/li>\n<\/ul>\n\n\n\n<p style=\"font-size:14px\"><br\/>N\u00e4r ska du \u00e5ka? (kommer snart)<br\/>Hur man hyr en bil i Algarve (kommer snart)<br\/>K\u00f6rtips (kommer snart)<br\/><a href=\"https:\/\/portugallovers.com\/sv\/hur-manga-dagar-algarve\/\" target=\"_blank\" rel=\"noreferrer noopener\">Hur m\u00e5nga dagar?<\/a><\/p>\n\n\n\n<p style=\"font-size:14px\">Resplaner (kommer snart)<\/p>\n\n\n\n<p style=\"font-size:14px\"><a href=\"https:\/\/portugallovers.com\/sv\/var-ska-bo-algarve-basta-omradena\/\" target=\"_blank\" rel=\"noreferrer noopener\">Var man kan bo i Algarve  <\/a><\/p>\n<\/div>\n\n\n\n<div class=\"wp-block-column is-vertically-aligned-top planif-radius is-layout-flow wp-block-column-is-layout-flow\" style=\"flex-basis:40%\">\n<figure class=\"wp-block-image size-large img-portrait\"><img decoding=\"async\" src=\"https:\/\/photos.smugmug.com\/Portugal\/Algarve\/Sagres\/Fortaleza-de-Sagres\/i-KSrhk5W\/0\/LgdzjWM6pGsQmq8BCdLm9Cmt52VWFx2R83GJzTfMr\/S\/Sagres_fortress_Portugal_IMG_6406-S.jpg\" alt=\"Sagres\" title=\"\"\/><\/figure>\n<\/div>\n<\/div>\n\n\n\n<hr class=\"wp-block-separator has-text-color has-alpha-channel-opacity has-background is-style-wide hr-box-planif\" style=\"background-color:#ccd3dd;color:#ccd3dd\"\/>\n\n\n\n<div class=\"wp-block-columns box_sans_border is-layout-flex wp-container-core-columns-is-layout-9d6595d7 wp-block-columns-is-layout-flex\">\n<div class=\"wp-block-column texte_planif is-layout-flow wp-block-column-is-layout-flow\" style=\"flex-basis:60%\">\n<ul class=\"wp-block-list\">\n<li><strong>Det du m\u00e5ste ha<\/strong><\/li>\n<\/ul>\n\n\n\n<p style=\"font-size:14px\">Ponta da Piedade (kommer snart)<br\/>Benagil-grottan (kommer snart)<br\/><a href=\"https:\/\/portugallovers.com\/sv\/praia-marinha-strand-algarve\/\" target=\"_blank\" rel=\"noreferrer noopener\">Praia da Marinha<\/a><br\/>Delfinsk\u00e5dning (kommer snart)<br\/><a href=\"https:\/\/portugallovers.com\/sv\/sevardheter-lagos-att-gora\/\" target=\"_blank\" rel=\"noreferrer noopener\">Vad man kan g\u00f6ra i Lagos<\/a><br\/><a href=\"https:\/\/portugallovers.com\/sv\/sevardheter-portimao-att-gora\/\" target=\"_blank\" rel=\"noreferrer noopener\">Vad man kan g\u00f6ra i Portimao<\/a><br\/><a href=\"https:\/\/portugallovers.com\/sv\/sevardheter-albufeira-att-gora\/\" target=\"_blank\" rel=\"noreferrer noopener\">Vad man kan g\u00f6ra i Albufeira<\/a><br\/><a href=\"https:\/\/portugallovers.com\/sv\/sevardheter-faro-att-gora\/\" target=\"_blank\" rel=\"noreferrer noopener\">Vad man kan g\u00f6ra i Faro<\/a><br\/><\/p>\n<\/div>\n\n\n\n<div class=\"wp-block-column is-vertically-aligned-top planif-radius is-layout-flow wp-block-column-is-layout-flow\" style=\"flex-basis:40%\">\n<figure class=\"wp-block-image size-large img-portrait\"><img decoding=\"async\" src=\"https:\/\/photos.smugmug.com\/Portugal\/Algarve\/Ferragudo\/View-village\/i-dc8TzZV\/0\/K5XPvkw6pJZqFR4PGL489pNwRnV6LqQvPnxQFfcCT\/S\/Ferragudo_algarve_IMG_0295-S.jpg\" alt=\"FErrugado\" title=\"\"\/><\/figure>\n<\/div>\n<\/div>\n\n\n\n<div style=\"height:30px\" aria-hidden=\"true\" class=\"wp-block-spacer\"><\/div>\n<\/div><\/div><\/div>\n\n<div class=\"wp-block-genesis-blocks-gb-container box_auteur_voyage gb-block-container\"><div class=\"gb-container-inside\"><div class=\"gb-container-content\">\n<figure class=\"wp-block-image size-large img_auteur_voyage img_provisoire\"><a href=\"https:\/\/portugallovers.com\/sv\/elisa-grosset\/\" target=\"_blank\" rel=\"noreferrer noopener\"><img decoding=\"async\" src=\"https:\/\/photos.smugmug.com\/Region-Lovers\/Equipe\/i-QnrB7DM\/0\/CtpLjLrrwWXx6CCL4hJmRTCvZDXmHZ2Q4F5hGBmsq\/L\/Elisa-L.jpg\" alt=\"\"\/><\/a><\/figure>\n\n\n\n<h5 class=\"titre_auteur_voyage\"><span>HON GJORDE RESAN OCH SKREV ARTIKELN \n <\/span><span class=\"titre_box_manuscrit\">Elisa<\/span><\/h5>\n<\/div><\/div><\/div>\n\n<p><\/p>\n","protected":false},"excerpt":{"rendered":"<p>En minnesv\u00e4rd natt p\u00e5 ett lyxhotell med utsikt \u00f6ver Praia da Rocha? Hisnande utsikt \u00f6ver Marina de Portim\u00e3o? En of\u00f6rgl\u00f6mlig vistelse p\u00e5 ett f\u00f6rstklassigt hotell med spa? Vi har testat n\u00e5gra enast\u00e5ende boenden i Portim\u00e3o. L\u00e4s v\u00e5r artikel som hj\u00e4lper dig att g\u00f6ra ditt val: De b\u00e4sta hotellen i Portim\u00e3o: v\u00e5ra 4 favoriter Innan du [&hellip;]<\/p>\n","protected":false},"author":8,"featured_media":3342,"comment_status":"closed","ping_status":"closed","sticky":false,"template":"","format":"standard","meta":{"_genesis_hide_title":false,"_genesis_hide_breadcrumbs":false,"_genesis_hide_singular_image":false,"_genesis_hide_footer_widgets":false,"_genesis_custom_body_class":"","_genesis_custom_post_class":"","_genesis_layout":"","footnotes":""},"categories":[143],"tags":[],"class_list":{"0":"post-3372","1":"post","2":"type-post","3":"status-publish","4":"format-standard","5":"has-post-thumbnail","7":"category-portimao","8":"entry"},"yoast_head":"<!-- This site is optimized with the Yoast SEO plugin v27.2 - https:\/\/yoast.com\/product\/yoast-seo-wordpress\/ -->\n<title>Var man ska bo i Portim\u00e3o: 10 b\u00e4sta hotellen (2026)<\/title>\n<meta name=\"description\" content=\"Uppt\u00e4ck v\u00e5rt urval av de b\u00e4sta hotellen i Portim\u00e3o + v\u00e5r \u00e5sikt om var du ska bo i badorten (med foton).\" \/>\n<meta name=\"robots\" content=\"index, follow, max-snippet:-1, max-image-preview:large, max-video-preview:-1\" \/>\n<link rel=\"canonical\" href=\"https:\/\/portugallovers.com\/sv\/var-kan-bo-portimao-basta-hotellen-stadsdelarna\/\" \/>\n<meta property=\"og:locale\" content=\"sv_SE\" \/>\n<meta property=\"og:type\" content=\"article\" \/>\n<meta property=\"og:title\" content=\"Var man ska bo i Portim\u00e3o: 10 b\u00e4sta hotellen (2026)\" \/>\n<meta property=\"og:description\" content=\"Uppt\u00e4ck v\u00e5rt urval av de b\u00e4sta hotellen i Portim\u00e3o + v\u00e5r \u00e5sikt om var du ska bo i badorten (med foton).\" \/>\n<meta property=\"og:url\" content=\"https:\/\/portugallovers.com\/sv\/var-kan-bo-portimao-basta-hotellen-stadsdelarna\/\" \/>\n<meta property=\"og:site_name\" content=\"Portugal Lovers\" \/>\n<meta property=\"article:published_time\" content=\"2025-06-30T17:01:40+00:00\" \/>\n<meta property=\"article:modified_time\" content=\"2026-01-09T14:16:58+00:00\" \/>\n<meta property=\"og:image\" content=\"https:\/\/portugallovers.com\/wp-content\/uploads\/2025\/06\/var-ska-bo-portimao-basta-hotell-recensioner-se.jpg\" \/>\n\t<meta property=\"og:image:width\" content=\"800\" \/>\n\t<meta property=\"og:image:height\" content=\"600\" \/>\n\t<meta property=\"og:image:type\" content=\"image\/jpeg\" \/>\n<meta name=\"author\" content=\"Elisa\" \/>\n<meta name=\"twitter:card\" content=\"summary_large_image\" \/>\n<meta name=\"twitter:label1\" content=\"Skriven av\" \/>\n\t<meta name=\"twitter:data1\" content=\"Elisa\" \/>\n\t<meta name=\"twitter:label2\" content=\"Ber\u00e4knad l\u00e4stid\" \/>\n\t<meta name=\"twitter:data2\" content=\"14 minuter\" \/>\n<script type=\"application\/ld+json\" class=\"yoast-schema-graph\">{\"@context\":\"https:\/\/schema.org\",\"@graph\":[{\"@type\":\"Article\",\"@id\":\"https:\/\/portugallovers.com\/sv\/var-kan-bo-portimao-basta-hotellen-stadsdelarna\/#article\",\"isPartOf\":{\"@id\":\"https:\/\/portugallovers.com\/sv\/var-kan-bo-portimao-basta-hotellen-stadsdelarna\/\"},\"author\":{\"name\":\"Elisa\",\"@id\":\"https:\/\/portugallovers.com\/sv\/#\/schema\/person\/e363b476c391b921a64543a123b84de8\"},\"headline\":\"Var man ska bo i Portim\u00e3o: 10 b\u00e4sta hotellen (2026)\",\"datePublished\":\"2025-06-30T17:01:40+00:00\",\"dateModified\":\"2026-01-09T14:16:58+00:00\",\"mainEntityOfPage\":{\"@id\":\"https:\/\/portugallovers.com\/sv\/var-kan-bo-portimao-basta-hotellen-stadsdelarna\/\"},\"wordCount\":2907,\"publisher\":{\"@id\":\"https:\/\/portugallovers.com\/sv\/#organization\"},\"image\":{\"@id\":\"https:\/\/portugallovers.com\/sv\/var-kan-bo-portimao-basta-hotellen-stadsdelarna\/#primaryimage\"},\"thumbnailUrl\":\"https:\/\/portugallovers.com\/wp-content\/uploads\/2025\/06\/var-ska-bo-portimao-basta-hotell-recensioner-se.jpg\",\"articleSection\":[\"Portimao\"],\"inLanguage\":\"sv-SE\"},{\"@type\":\"WebPage\",\"@id\":\"https:\/\/portugallovers.com\/sv\/var-kan-bo-portimao-basta-hotellen-stadsdelarna\/\",\"url\":\"https:\/\/portugallovers.com\/sv\/var-kan-bo-portimao-basta-hotellen-stadsdelarna\/\",\"name\":\"Var man ska bo i Portim\u00e3o: 10 b\u00e4sta hotellen (2026)\",\"isPartOf\":{\"@id\":\"https:\/\/portugallovers.com\/sv\/#website\"},\"primaryImageOfPage\":{\"@id\":\"https:\/\/portugallovers.com\/sv\/var-kan-bo-portimao-basta-hotellen-stadsdelarna\/#primaryimage\"},\"image\":{\"@id\":\"https:\/\/portugallovers.com\/sv\/var-kan-bo-portimao-basta-hotellen-stadsdelarna\/#primaryimage\"},\"thumbnailUrl\":\"https:\/\/portugallovers.com\/wp-content\/uploads\/2025\/06\/var-ska-bo-portimao-basta-hotell-recensioner-se.jpg\",\"datePublished\":\"2025-06-30T17:01:40+00:00\",\"dateModified\":\"2026-01-09T14:16:58+00:00\",\"description\":\"Uppt\u00e4ck v\u00e5rt urval av de b\u00e4sta hotellen i Portim\u00e3o + v\u00e5r \u00e5sikt om var du ska bo i badorten (med foton).\",\"breadcrumb\":{\"@id\":\"https:\/\/portugallovers.com\/sv\/var-kan-bo-portimao-basta-hotellen-stadsdelarna\/#breadcrumb\"},\"inLanguage\":\"sv-SE\",\"potentialAction\":[{\"@type\":\"ReadAction\",\"target\":[\"https:\/\/portugallovers.com\/sv\/var-kan-bo-portimao-basta-hotellen-stadsdelarna\/\"]}]},{\"@type\":\"ImageObject\",\"inLanguage\":\"sv-SE\",\"@id\":\"https:\/\/portugallovers.com\/sv\/var-kan-bo-portimao-basta-hotellen-stadsdelarna\/#primaryimage\",\"url\":\"https:\/\/portugallovers.com\/wp-content\/uploads\/2025\/06\/var-ska-bo-portimao-basta-hotell-recensioner-se.jpg\",\"contentUrl\":\"https:\/\/portugallovers.com\/wp-content\/uploads\/2025\/06\/var-ska-bo-portimao-basta-hotell-recensioner-se.jpg\",\"width\":800,\"height\":600,\"caption\":\"var ska bo portimao basta hotell recensioner se\"},{\"@type\":\"BreadcrumbList\",\"@id\":\"https:\/\/portugallovers.com\/sv\/var-kan-bo-portimao-basta-hotellen-stadsdelarna\/#breadcrumb\",\"itemListElement\":[{\"@type\":\"ListItem\",\"position\":1,\"name\":\"Accueil\",\"item\":\"https:\/\/portugallovers.com\/sv\/\"},{\"@type\":\"ListItem\",\"position\":2,\"name\":\"Portimao\",\"item\":\"https:\/\/portugallovers.com\/sv\/portimao\/\"},{\"@type\":\"ListItem\",\"position\":3,\"name\":\"Var man ska bo i Portim\u00e3o: 10 b\u00e4sta hotellen (2026)\"}]},{\"@type\":\"WebSite\",\"@id\":\"https:\/\/portugallovers.com\/sv\/#website\",\"url\":\"https:\/\/portugallovers.com\/sv\/\",\"name\":\"Portugal Lovers\",\"description\":\"\",\"publisher\":{\"@id\":\"https:\/\/portugallovers.com\/sv\/#organization\"},\"potentialAction\":[{\"@type\":\"SearchAction\",\"target\":{\"@type\":\"EntryPoint\",\"urlTemplate\":\"https:\/\/portugallovers.com\/sv\/?s={search_term_string}\"},\"query-input\":{\"@type\":\"PropertyValueSpecification\",\"valueRequired\":true,\"valueName\":\"search_term_string\"}}],\"inLanguage\":\"sv-SE\"},{\"@type\":\"Organization\",\"@id\":\"https:\/\/portugallovers.com\/sv\/#organization\",\"name\":\"Portugal Lovers\",\"url\":\"https:\/\/portugallovers.com\/sv\/\",\"logo\":{\"@type\":\"ImageObject\",\"inLanguage\":\"sv-SE\",\"@id\":\"https:\/\/portugallovers.com\/sv\/#\/schema\/logo\/image\/\",\"url\":\"https:\/\/portugallovers.com\/wp-content\/uploads\/2024\/05\/cropped-Portugal-Lovers-Logo.png\",\"contentUrl\":\"https:\/\/portugallovers.com\/wp-content\/uploads\/2024\/05\/cropped-Portugal-Lovers-Logo.png\",\"width\":2742,\"height\":469,\"caption\":\"Portugal Lovers\"},\"image\":{\"@id\":\"https:\/\/portugallovers.com\/sv\/#\/schema\/logo\/image\/\"}},{\"@type\":\"Person\",\"@id\":\"https:\/\/portugallovers.com\/sv\/#\/schema\/person\/e363b476c391b921a64543a123b84de8\",\"name\":\"Elisa\",\"image\":{\"@type\":\"ImageObject\",\"inLanguage\":\"sv-SE\",\"@id\":\"https:\/\/secure.gravatar.com\/avatar\/58989acaa759ff1170519ec054359cd64759fd26df84b894bd3239c233fd396c?s=96&d=mm&r=g\",\"url\":\"https:\/\/secure.gravatar.com\/avatar\/58989acaa759ff1170519ec054359cd64759fd26df84b894bd3239c233fd396c?s=96&d=mm&r=g\",\"contentUrl\":\"https:\/\/secure.gravatar.com\/avatar\/58989acaa759ff1170519ec054359cd64759fd26df84b894bd3239c233fd396c?s=96&d=mm&r=g\",\"caption\":\"Elisa\"},\"sameAs\":[\"https:\/\/portugallovers.com\/elisa-grosset\/\"],\"url\":\"https:\/\/portugallovers.com\/sv\/author\/elisa\/\"}]}<\/script>\n<!-- \/ Yoast SEO plugin. -->","yoast_head_json":{"title":"Var man ska bo i Portim\u00e3o: 10 b\u00e4sta hotellen (2026)","description":"Uppt\u00e4ck v\u00e5rt urval av de b\u00e4sta hotellen i Portim\u00e3o + v\u00e5r \u00e5sikt om var du ska bo i badorten (med foton).","robots":{"index":"index","follow":"follow","max-snippet":"max-snippet:-1","max-image-preview":"max-image-preview:large","max-video-preview":"max-video-preview:-1"},"canonical":"https:\/\/portugallovers.com\/sv\/var-kan-bo-portimao-basta-hotellen-stadsdelarna\/","og_locale":"sv_SE","og_type":"article","og_title":"Var man ska bo i Portim\u00e3o: 10 b\u00e4sta hotellen (2026)","og_description":"Uppt\u00e4ck v\u00e5rt urval av de b\u00e4sta hotellen i Portim\u00e3o + v\u00e5r \u00e5sikt om var du ska bo i badorten (med foton).","og_url":"https:\/\/portugallovers.com\/sv\/var-kan-bo-portimao-basta-hotellen-stadsdelarna\/","og_site_name":"Portugal Lovers","article_published_time":"2025-06-30T17:01:40+00:00","article_modified_time":"2026-01-09T14:16:58+00:00","og_image":[{"width":800,"height":600,"url":"https:\/\/portugallovers.com\/wp-content\/uploads\/2025\/06\/var-ska-bo-portimao-basta-hotell-recensioner-se.jpg","type":"image\/jpeg"}],"author":"Elisa","twitter_card":"summary_large_image","twitter_misc":{"Skriven av":"Elisa","Ber\u00e4knad l\u00e4stid":"14 minuter"},"schema":{"@context":"https:\/\/schema.org","@graph":[{"@type":"Article","@id":"https:\/\/portugallovers.com\/sv\/var-kan-bo-portimao-basta-hotellen-stadsdelarna\/#article","isPartOf":{"@id":"https:\/\/portugallovers.com\/sv\/var-kan-bo-portimao-basta-hotellen-stadsdelarna\/"},"author":{"name":"Elisa","@id":"https:\/\/portugallovers.com\/sv\/#\/schema\/person\/e363b476c391b921a64543a123b84de8"},"headline":"Var man ska bo i Portim\u00e3o: 10 b\u00e4sta hotellen (2026)","datePublished":"2025-06-30T17:01:40+00:00","dateModified":"2026-01-09T14:16:58+00:00","mainEntityOfPage":{"@id":"https:\/\/portugallovers.com\/sv\/var-kan-bo-portimao-basta-hotellen-stadsdelarna\/"},"wordCount":2907,"publisher":{"@id":"https:\/\/portugallovers.com\/sv\/#organization"},"image":{"@id":"https:\/\/portugallovers.com\/sv\/var-kan-bo-portimao-basta-hotellen-stadsdelarna\/#primaryimage"},"thumbnailUrl":"https:\/\/portugallovers.com\/wp-content\/uploads\/2025\/06\/var-ska-bo-portimao-basta-hotell-recensioner-se.jpg","articleSection":["Portimao"],"inLanguage":"sv-SE"},{"@type":"WebPage","@id":"https:\/\/portugallovers.com\/sv\/var-kan-bo-portimao-basta-hotellen-stadsdelarna\/","url":"https:\/\/portugallovers.com\/sv\/var-kan-bo-portimao-basta-hotellen-stadsdelarna\/","name":"Var man ska bo i Portim\u00e3o: 10 b\u00e4sta hotellen (2026)","isPartOf":{"@id":"https:\/\/portugallovers.com\/sv\/#website"},"primaryImageOfPage":{"@id":"https:\/\/portugallovers.com\/sv\/var-kan-bo-portimao-basta-hotellen-stadsdelarna\/#primaryimage"},"image":{"@id":"https:\/\/portugallovers.com\/sv\/var-kan-bo-portimao-basta-hotellen-stadsdelarna\/#primaryimage"},"thumbnailUrl":"https:\/\/portugallovers.com\/wp-content\/uploads\/2025\/06\/var-ska-bo-portimao-basta-hotell-recensioner-se.jpg","datePublished":"2025-06-30T17:01:40+00:00","dateModified":"2026-01-09T14:16:58+00:00","description":"Uppt\u00e4ck v\u00e5rt urval av de b\u00e4sta hotellen i Portim\u00e3o + v\u00e5r \u00e5sikt om var du ska bo i badorten (med foton).","breadcrumb":{"@id":"https:\/\/portugallovers.com\/sv\/var-kan-bo-portimao-basta-hotellen-stadsdelarna\/#breadcrumb"},"inLanguage":"sv-SE","potentialAction":[{"@type":"ReadAction","target":["https:\/\/portugallovers.com\/sv\/var-kan-bo-portimao-basta-hotellen-stadsdelarna\/"]}]},{"@type":"ImageObject","inLanguage":"sv-SE","@id":"https:\/\/portugallovers.com\/sv\/var-kan-bo-portimao-basta-hotellen-stadsdelarna\/#primaryimage","url":"https:\/\/portugallovers.com\/wp-content\/uploads\/2025\/06\/var-ska-bo-portimao-basta-hotell-recensioner-se.jpg","contentUrl":"https:\/\/portugallovers.com\/wp-content\/uploads\/2025\/06\/var-ska-bo-portimao-basta-hotell-recensioner-se.jpg","width":800,"height":600,"caption":"var ska bo portimao basta hotell recensioner se"},{"@type":"BreadcrumbList","@id":"https:\/\/portugallovers.com\/sv\/var-kan-bo-portimao-basta-hotellen-stadsdelarna\/#breadcrumb","itemListElement":[{"@type":"ListItem","position":1,"name":"Accueil","item":"https:\/\/portugallovers.com\/sv\/"},{"@type":"ListItem","position":2,"name":"Portimao","item":"https:\/\/portugallovers.com\/sv\/portimao\/"},{"@type":"ListItem","position":3,"name":"Var man ska bo i Portim\u00e3o: 10 b\u00e4sta hotellen (2026)"}]},{"@type":"WebSite","@id":"https:\/\/portugallovers.com\/sv\/#website","url":"https:\/\/portugallovers.com\/sv\/","name":"Portugal Lovers","description":"","publisher":{"@id":"https:\/\/portugallovers.com\/sv\/#organization"},"potentialAction":[{"@type":"SearchAction","target":{"@type":"EntryPoint","urlTemplate":"https:\/\/portugallovers.com\/sv\/?s={search_term_string}"},"query-input":{"@type":"PropertyValueSpecification","valueRequired":true,"valueName":"search_term_string"}}],"inLanguage":"sv-SE"},{"@type":"Organization","@id":"https:\/\/portugallovers.com\/sv\/#organization","name":"Portugal Lovers","url":"https:\/\/portugallovers.com\/sv\/","logo":{"@type":"ImageObject","inLanguage":"sv-SE","@id":"https:\/\/portugallovers.com\/sv\/#\/schema\/logo\/image\/","url":"https:\/\/portugallovers.com\/wp-content\/uploads\/2024\/05\/cropped-Portugal-Lovers-Logo.png","contentUrl":"https:\/\/portugallovers.com\/wp-content\/uploads\/2024\/05\/cropped-Portugal-Lovers-Logo.png","width":2742,"height":469,"caption":"Portugal Lovers"},"image":{"@id":"https:\/\/portugallovers.com\/sv\/#\/schema\/logo\/image\/"}},{"@type":"Person","@id":"https:\/\/portugallovers.com\/sv\/#\/schema\/person\/e363b476c391b921a64543a123b84de8","name":"Elisa","image":{"@type":"ImageObject","inLanguage":"sv-SE","@id":"https:\/\/secure.gravatar.com\/avatar\/58989acaa759ff1170519ec054359cd64759fd26df84b894bd3239c233fd396c?s=96&d=mm&r=g","url":"https:\/\/secure.gravatar.com\/avatar\/58989acaa759ff1170519ec054359cd64759fd26df84b894bd3239c233fd396c?s=96&d=mm&r=g","contentUrl":"https:\/\/secure.gravatar.com\/avatar\/58989acaa759ff1170519ec054359cd64759fd26df84b894bd3239c233fd396c?s=96&d=mm&r=g","caption":"Elisa"},"sameAs":["https:\/\/portugallovers.com\/elisa-grosset\/"],"url":"https:\/\/portugallovers.com\/sv\/author\/elisa\/"}]}},"featured_image_src":"https:\/\/portugallovers.com\/wp-content\/uploads\/2025\/06\/var-ska-bo-portimao-basta-hotell-recensioner-se-600x400.jpg","featured_image_src_square":"https:\/\/portugallovers.com\/wp-content\/uploads\/2025\/06\/var-ska-bo-portimao-basta-hotell-recensioner-se-600x600.jpg","author_info":{"display_name":"Elisa","author_link":"https:\/\/portugallovers.com\/sv\/author\/elisa\/"},"_links":{"self":[{"href":"https:\/\/portugallovers.com\/sv\/wp-json\/wp\/v2\/posts\/3372","targetHints":{"allow":["GET"]}}],"collection":[{"href":"https:\/\/portugallovers.com\/sv\/wp-json\/wp\/v2\/posts"}],"about":[{"href":"https:\/\/portugallovers.com\/sv\/wp-json\/wp\/v2\/types\/post"}],"author":[{"embeddable":true,"href":"https:\/\/portugallovers.com\/sv\/wp-json\/wp\/v2\/users\/8"}],"replies":[{"embeddable":true,"href":"https:\/\/portugallovers.com\/sv\/wp-json\/wp\/v2\/comments?post=3372"}],"version-history":[{"count":0,"href":"https:\/\/portugallovers.com\/sv\/wp-json\/wp\/v2\/posts\/3372\/revisions"}],"wp:featuredmedia":[{"embeddable":true,"href":"https:\/\/portugallovers.com\/sv\/wp-json\/wp\/v2\/media\/3342"}],"wp:attachment":[{"href":"https:\/\/portugallovers.com\/sv\/wp-json\/wp\/v2\/media?parent=3372"}],"wp:term":[{"taxonomy":"category","embeddable":true,"href":"https:\/\/portugallovers.com\/sv\/wp-json\/wp\/v2\/categories?post=3372"},{"taxonomy":"post_tag","embeddable":true,"href":"https:\/\/portugallovers.com\/sv\/wp-json\/wp\/v2\/tags?post=3372"}],"curies":[{"name":"wp","href":"https:\/\/api.w.org\/{rel}","templated":true}]}}