{"id":2911,"date":"2025-03-25T09:00:16","date_gmt":"2025-03-25T09:00:16","guid":{"rendered":"https:\/\/portugallovers.com\/praia-porto-mos-plage-lagos\/"},"modified":"2025-12-14T11:17:19","modified_gmt":"2025-12-14T11:17:19","slug":"praia-porto-mos-strand-lagos","status":"publish","type":"post","link":"https:\/\/portugallovers.com\/sv\/praia-porto-mos-strand-lagos\/","title":{"rendered":"Praia do Porto de M\u00f3s (Lagos): tips + foton"},"content":{"rendered":"\n<p><strong>Praia do Porto de M\u00f3s <\/strong>\u00e4r en av de l\u00e4ngsta str\u00e4nderna i <strong>Lagos<\/strong> och erbjuder en magnifik str\u00e4cka med gyllene sand som \u00e4r idealisk f\u00f6r familjer. Vi blev imponerade av dess naturliga sk\u00f6nhet och den spektakul\u00e4ra milj\u00f6n som bildas av de omgivande klipporna.  <\/p>\n\n<p>I den h\u00e4r artikeln hittar du <strong>v\u00e5ra bilder <\/strong>och <strong>r\u00e5d<\/strong> om hur du f\u00e5r ut det mesta av denna f\u00f6rtrollande paus vid havet!<\/p>\n\n<figure class=\"wp-block-image size-full\"><img decoding=\"async\" src=\"https:\/\/portugallovers.com\/wp-content\/uploads\/2025\/03\/praia-porto-mos-strand-lagos-da-nl-de-se-3.jpg\" alt=\"praia porto mos strand lagos\" class=\"wp-image-2840\"\/><\/figure>\n\n<p>Detta \u00e4r en helt <strong>oberoende<\/strong> \u00e5sikt, baserad p\u00e5 v\u00e5r egen erfarenhet. Vi bes\u00f6kte regionen anonymt, gjorde v\u00e5ra egna val och betalade v\u00e5ra r\u00e4kningar till fullo.<\/p>\n\n<h2 class=\"wp-block-heading\">\u00c4r Praia do Porto de M\u00f3s i Algarve v\u00e4rt det?<\/h2>\n\n<p>Praia do Porto de M\u00f3s \u00e4r en av de l\u00e4ngsta str\u00e4nderna i Lagos och f\u00f6rf\u00f6rde oss med sin magnifika gyllene sand och spektakul\u00e4ra utsikt \u00f6ver klipporna och det bl\u00e5gr\u00f6na havet. Fr\u00e5n parkeringen slingrar sig en stig upp till toppen av klipporna, d\u00e4r man har en unik utsikt \u00f6ver stranden. Det r\u00e5der ingen brist p\u00e5 vattenbaserade aktiviteter: trampb\u00e5tar med rutschkanor f\u00f6r familjer, surflektioner f\u00f6r de mer sportiga och paddelb\u00e5tsturer f\u00f6r att njuta av landskapet i lugn och ro. <strong><a href=\"https:\/\/www.getyourguide.com\/lagos-portugal-l2896\/algarve-lecon-de-surf-en-groupe-t458241\/?partner_id=R3GYW4V&amp;cmp=portugal\" target=\"_blank\" rel=\"noreferrer noopener sponsored nofollow\">&#8211; Boka din surflektion h\u00e4r!<\/a><\/strong><\/p>\n\n<p>Praia do Porto de M\u00f3s \u00e4r en av de <a href=\"https:\/\/portugallovers.com\/sv\/basta-stranderna-lagos\/\" target=\"_blank\" rel=\"noreferrer noopener\">vackraste str\u00e4nderna i Lagos<\/a> och en av regionens huvudattraktioner.<\/p>\n\n<figure class=\"wp-block-image\"><img decoding=\"async\" src=\"https:\/\/photos.smugmug.com\/Portugal\/Algarve\/Lagos\/Plages\/Praia-Porto-Mos\/i-k75n2D9\/0\/M9wTRZ6zscbTGrbF2FfrG7J5BZcfQV4w5wPxDdRsG\/L\/surf%20lessons%20praia%20porto%20mos%20lagos%20algarve-L.jpg\" alt=\"Praia do Porto de M&#xF3;s - surfing\"\/><\/figure>\n\n<h2 class=\"wp-block-heading\">Typ av strand<\/h2>\n\n<h3 class=\"wp-block-heading\">Sand eller ingen sand?<\/h3>\n\n<p>Strandbotten best\u00e5r av fin blond sand. Vi \u00e4lskade sandens mjuka textur, som inbjuder till avkoppling och barfota promenader. Dess kvalitet g\u00f6r den ocks\u00e5 idealisk f\u00f6r att bygga utm\u00e4rkta sandslott, till gl\u00e4dje f\u00f6r barnen. Vi noterade f\u00f6rekomsten av Posidonia \u00e4ngar p\u00e5 platser.<\/p>\n\n<figure class=\"wp-block-image size-large\"><img decoding=\"async\" src=\"https:\/\/photos.smugmug.com\/Portugal\/Algarve\/Lagos\/Plages\/Praia-Porto-Mos\/i-Q5G9DR5\/0\/MZkBXq4Kzp8JjgKQ2m3r8sj6z6DMPvhg2zcfTjWvt\/L\/sand%20praia%20porto%20mos%20lagos-L.jpg\" alt=\"Praia do Porto de M&#xF3;s - Sand eller inte sand?\"\/><\/figure>\n\n<h3 class=\"wp-block-heading\">Simf\u00f6rh\u00e5llanden och tillsyn<\/h3>\n\n<p>Badf\u00f6rh\u00e5llandena vid Praia do Porto de M\u00f3s \u00e4r utm\u00e4rkta. Den mjuka, gradvisa lutningen n\u00e4r du kommer ner i vattnet \u00e4r perfekt f\u00f6r simmare med alla f\u00f6rm\u00e5gor. Under h\u00f6gs\u00e4song finns badvakter p\u00e5 plats f\u00f6r att garantera badg\u00e4sternas s\u00e4kerhet. Denna \u00f6vervakning \u00f6kar k\u00e4nslan av trygghet, s\u00e4rskilt f\u00f6r barnfamiljer. Se dock till att de inte kommer f\u00f6r n\u00e4ra klipporna, eftersom det finns risk f\u00f6r fallande stenar.<\/p>\n\n<p>Det \u00e4r en idealisk strand f\u00f6r att l\u00e4ra sig surfa, med sin fria utsikt och exceptionella l\u00e4ngd. <strong><a href=\"https:\/\/www.getyourguide.com\/lagos-portugal-l2896\/algarve-lecon-de-surf-en-groupe-t458241\/?partner_id=R3GYW4V&amp;cmp=portugal\" target=\"_blank\" rel=\"noreferrer noopener sponsored nofollow\">&#8211; Boka din surflektion h\u00e4r!<\/a><\/strong><\/p>\n\n<figure class=\"wp-block-image size-large\"><img decoding=\"async\" src=\"https:\/\/photos.smugmug.com\/Portugal\/Algarve\/Lagos\/Plages\/Praia-Porto-Mos\/i-B4hWmwq\/0\/M6W7zpJnb5WMvLntnSfr79CzSFLPKrHMjRMJkZ7q5\/L\/surf%20lessons%20praia%20porto%20mos%20lagos-L.jpg\" alt=\"Praia do Porto de M&#xF3;s - Badf&#xF6;rh&#xE5;llanden och &#xF6;vervakning\"\/><\/figure>\n\n<h3 class=\"wp-block-heading\">Faciliteter<\/h3>\n\n<p>Det finns duschar och toaletter p\u00e5 stranden (inklusive PRM-toaletter), s\u00e5 att du kan fr\u00e4scha upp dig och byta om bekv\u00e4mt. Solparasoller och solstolar kan ocks\u00e5 hyras p\u00e5 Praia do Porto de M\u00f3s, vilket ger ytterligare komfort f\u00f6r att f\u00e5 ut det mesta av din dag.  <\/p>\n\n<figure class=\"wp-block-image size-large\"><img decoding=\"async\" src=\"https:\/\/photos.smugmug.com\/Portugal\/Algarve\/Lagos\/Plages\/Praia-Porto-Mos\/i-bTVXPbK\/0\/LxZGQN6SjZ3G9BH2kcfpwMQJN3ZfSPHRZh46mKKPj\/L\/sunbeds%20praia%20porto%20mos%20lagos-L.jpg\" alt=\"Praia do Porto de M&#xF3;s - Faciliteter\"\/><\/figure>\n\n<div style=\"margin-top:8%;margin-bottom:8%\" class=\"wp-block-genesis-blocks-gb-container box gb-block-container\"><div class=\"gb-container-inside\"><div class=\"gb-container-content\">\n<div class=\"wp-block-columns inverse is-layout-flex wp-container-core-columns-is-layout-9d6595d7 wp-block-columns-is-layout-flex\">\n<div class=\"wp-block-column texte_planif is-layout-flow wp-block-column-is-layout-flow\" style=\"flex-basis:58%\">\n<h5 class=\"titre_box\" style=\"padding-top:10px;\">UPPT\u00c4CK <span class=\"titre_box_manuscrit\">Lagos<\/span><\/h5>\n\n\n\n<ul class=\"wp-block-list ul_box\">\n<li style=\"font-size:14px\"><a href=\"https:\/\/portugallovers.com\/sv\/sevardheter-lagos-att-gora\/\" target=\"_blank\" rel=\"noreferrer noopener\">Sev\u00e4rdheter i Lagos<\/a><\/li>\n\n\n\n<li style=\"font-size:14px\"><a href=\"https:\/\/portugallovers.com\/sv\/var-kan-bo-lagos-basta-hotellen-stadsdelarna\/\" target=\"_blank\" rel=\"noreferrer noopener\">B\u00e4sta hotell<\/a><\/li>\n\n\n\n<li style=\"font-size:14px\"><a href=\"https:\/\/portugallovers.com\/sv\/basta-restaurang-lagos-ata-recensioner\/\" target=\"_blank\" rel=\"noreferrer noopener\">B\u00e4sta restaurangerna<\/a><\/li>\n\n\n\n<li style=\"font-size:14px\"><a href=\"https:\/\/portugallovers.com\/sv\/basta-stranderna-lagos\/\">De vackraste str\u00e4nderna<\/a><\/li>\n\n\n\n<li style=\"font-size:14px\"><a href=\"https:\/\/portugallovers.com\/sv\/basta-utflykter-fran-lagos\/\" target=\"_blank\" rel=\"noreferrer noopener\">B\u00e4sta utflykterna<\/a><\/li>\n\n\n\n<li style=\"font-size:14px\"><a href=\"https:\/\/portugallovers.com\/sv\/surf-lagos-recensioner-algarve\/\" target=\"_blank\" rel=\"noreferrer noopener\">Surf<\/a><\/li>\n\n\n\n<li style=\"font-size:14px\"><a href=\"https:\/\/portugallovers.com\/sv\/delfinspotting-lagos-baleiner-utflykter\/\" target=\"_blank\" rel=\"noreferrer noopener\">Delfinsk\u00e5dning<\/a><\/li>\n\n\n\n<li style=\"font-size:14px\"><a href=\"https:\/\/portugallovers.com\/sv\/besok-lagos-vintern-sevardheter\/\" target=\"_blank\" rel=\"noreferrer noopener\">Lagos p\u00e5 vintern<\/a><\/li>\n\n\n\n<li style=\"font-size:14px\">Resplaner: <a href=\"https:\/\/portugallovers.com\/sv\/besok-1-dag-lagos-resvagar\/\" target=\"_blank\" rel=\"noreferrer noopener\">1 dag <\/a>&#8211; <a href=\"https:\/\/portugallovers.com\/sv\/besok-lagos-2-dagar-resvagar-weekend\/\" target=\"_blank\" rel=\"noreferrer noopener\">2 dagar<\/a> &#8211; <a href=\"https:\/\/portugallovers.com\/sv\/besok-lagos-3-dagar-resvagar\/\" target=\"_blank\" rel=\"noreferrer noopener\">3 dagar<\/a> &#8211; <a href=\"https:\/\/portugallovers.com\/sv\/besok-lagos-en-vecka-resvagar\/\" target=\"_blank\" rel=\"noreferrer noopener\">1 vecka<\/a><\/li>\n\n\n\n<li style=\"font-size:14px\"><a href=\"https:\/\/portugallovers.com\/sv\/ponta-da-piedade-lagos-algarve\/\" target=\"_blank\" rel=\"noreferrer noopener\">Ponta da Piedade<\/a><\/li>\n<\/ul>\n<\/div>\n\n\n\n<div class=\"wp-block-column ville-radius is-layout-flow wp-block-column-is-layout-flow\" style=\"flex-basis:42%\">\n<figure class=\"wp-block-image size-large img-portrait\"><img decoding=\"async\" src=\"https:\/\/photos.smugmug.com\/Portugal\/Algarve\/Lagos\/Town\/i-qNgs3TH\/0\/LbSZMR3tdgccqXL24XCVVbtVGsx4DgzbKJWHkWSzw\/L\/colored%20houses%20old%20town%20lagos%20algarve-L.jpg\" alt=\"Lagos\" title=\"\"\/><\/figure>\n<\/div>\n<\/div>\n<\/div><\/div><\/div>\n\n<h2 class=\"wp-block-heading\">Tillg\u00e5ng till Praia do Porto de M\u00f3s i Lagos<\/h2>\n\n<h3 class=\"wp-block-heading\">Var ligger stranden?<\/h3>\n\n<ul class=\"wp-block-list\">\n<li>S\u00f6der om Lagos i Algarve<\/li>\n\n\n\n<li>9 minuter med bil fr\u00e5n Lagos centrum<\/li>\n\n\n\n<li>30 minuter fr\u00e5n Portim\u00e3o<\/li>\n\n\n\n<li>45 minuter fr\u00e5n Albufeira<\/li>\n\n\n\n<li>1 timmes bilresa fr\u00e5n <a href=\"https:\/\/portugallovers.com\/sv\/sevardheter-faro-att-gora\/\" target=\"_blank\" rel=\"noreferrer noopener\">Faro<\/a><\/li>\n<\/ul>\n\n<h3 class=\"wp-block-heading\">Tillfart med bil och parkering<\/h3>\n\n<p>F\u00f6r att komma till stranden med bil l\u00e4mnar du Lagos centrum och tar v\u00e4g N125 till Estrada de Porto de M\u00f3s. Det finns en rymlig, oasfalterad parkeringsplats p\u00e5 plats, vilket g\u00f6r det mycket l\u00e4ttare f\u00f6r bes\u00f6kare med bil att komma fram. Observera att parkering \u00f6ver natten inte \u00e4r till\u00e5ten f\u00f6r husvagnar.  <\/p>\n\n<figure class=\"wp-block-image size-large\"><img decoding=\"async\" src=\"https:\/\/photos.smugmug.com\/Portugal\/Algarve\/Lagos\/Plages\/Praia-Porto-Mos\/i-GdrS2st\/0\/LTD6SNtWH8SMWn89V3FJMt5jGGXH2j8gLBM6mLnB5\/L\/parking%20praia%20porto%20mos%20lagos-L.jpg\" alt=\"Praia do Porto de M&#xF3;s - Tillfart med bil och parkering\"\/><figcaption class=\"wp-element-caption\">Parkering direkt p\u00e5 stranden<\/figcaption><\/figure>\n\n<div style=\"margin-top:8%;margin-bottom:8%\" class=\"wp-block-genesis-blocks-gb-container box gb-block-container\"><div class=\"gb-container-inside\"><div class=\"gb-container-content\">\n<div class=\"wp-block-columns inverse box_planif is-layout-flex wp-container-core-columns-is-layout-9d6595d7 wp-block-columns-is-layout-flex\">\n<div class=\"wp-block-column texte_planif is-layout-flow wp-block-column-is-layout-flow\" style=\"flex-basis:60%\">\n<h5 class=\"titre_box\" style=\"padding-top:10px;\">V\u00c5RA R\u00c5D F\u00d6R ATT HYRA EN BIL I <span class=\"titre_box_manuscrit\">Algarve<\/span><\/h5>\n\n\n\n<ul style=\"font-size:14px\" class=\"wp-block-list\">\n<li>J\u00e4mf\u00f6r priser p\u00e5 v\u00e5r f\u00f6redragna plattform: <a href=\"https:\/\/www.discovercars.com\/se\/portugal?a_aid=zigzag&amp;chan=portugal\" target=\"_blank\" rel=\"noreferrer noopener nofollow\">DiscoverCars<\/a> &#8211; en av de b\u00e4st rankade webbplatserna.<\/li>\n\n\n\n<li>Ta inte en bil som \u00e4r f\u00f6r bred, eftersom gamla st\u00e4der har smala gator och sm\u00e5 parkeringsplatser.<\/li>\n\n\n\n<li>F\u00f6r fler valm\u00f6jligheter, <strong>boka tidigt<\/strong>.<\/li>\n<\/ul>\n<\/div>\n\n\n\n<div class=\"wp-block-column planif-radius-2 is-layout-flow wp-block-column-is-layout-flow\">\n<figure class=\"wp-block-image size-large voiture_image\"><img decoding=\"async\" src=\"https:\/\/photos.smugmug.com\/Portugal\/Alentejo\/Drive-to-Monsaraz\/i-FSp7zR9\/1\/KM9CSqcTv9RvpgScjMPvDQZHt7sjJ9sbXqjD47JzQ\/S\/Portugal_IMG_4161-S.jpg\" alt=\"k&#xF6;rning i Portugal\"\/><\/figure>\n<\/div>\n<\/div>\n\n\n\n<div class=\"wp-block-columns planif_bouton is-layout-flex wp-container-core-columns-is-layout-9d6595d7 wp-block-columns-is-layout-flex\">\n<div class=\"wp-block-column is-vertically-aligned-top is-layout-flow wp-block-column-is-layout-flow\">\n<div class=\"wp-block-buttons is-content-justification-center is-layout-flex wp-container-core-buttons-is-layout-16018d1d wp-block-buttons-is-layout-flex\">\n<div class=\"wp-block-button\"><a class=\"wp-block-button__link has-white-color has-text-color wp-element-button\" href=\"https:\/\/www.discovercars.com\/se\/portugal?a_aid=zigzag&amp;amp;chan=portugal\" target=\"_blank\" rel=\"noreferrer noopener nofollow\">Se tillg\u00e4ngliga bilar &gt;&gt;<\/a><\/div>\n<\/div>\n<\/div>\n\n\n\n<div class=\"wp-block-column is-vertically-aligned-center is-layout-flow wp-block-column-is-layout-flow\">\n<p class=\"has-text-align-center\" style=\"font-size:16px\">L\u00e4s v\u00e5ra r\u00e5d (kommer snart)<\/p>\n<\/div>\n<\/div>\n<\/div><\/div><\/div>\n\n<h3 class=\"wp-block-heading\">Tillg\u00e4nglighet med kollektivtrafik<\/h3>\n\n<p>Det lokala bussn\u00e4tet f\u00f6rbinder Lagos centrum med stranden. Flera linjer g\u00e5r igenom den. R\u00e4kna med en genomsnittlig k\u00f6rtid p\u00e5 25 minuter. F\u00f6r att planera din resa och f\u00e5 tidtabeller, <a href=\"https:\/\/aonda.pt\/\" target=\"_blank\" rel=\"noreferrer noopener nofollow\">klicka h\u00e4r.<\/a><\/p>\n\n<figure class=\"wp-block-image size-large\"><img decoding=\"async\" src=\"https:\/\/photos.smugmug.com\/Portugal\/Algarve\/Lagos\/Plages\/Praia-Porto-Mos\/i-g85GRMg\/0\/L3nM4B4s8VNfXKjPc5LfWDbhLFNSqstSDSD92Mjch\/L\/bus%20stop%20praia%20porto%20mos%20lagos-L.jpg\" alt=\"Praia do Porto de M&#xF3;s - Tillg&#xE4;nglighet med kollektivtrafik\"\/><\/figure>\n\n<div style=\"margin-top:8%;margin-bottom:8%\" class=\"wp-block-genesis-blocks-gb-container box gb-block-container\"><div class=\"gb-container-inside\"><div class=\"gb-container-content\">\n<div class=\"wp-block-columns inverse is-layout-flex wp-container-core-columns-is-layout-9d6595d7 wp-block-columns-is-layout-flex\">\n<div class=\"wp-block-column texte_planif is-layout-flow wp-block-column-is-layout-flow\" style=\"flex-basis:58%\">\n          \n\n          <h5 class=\"titre_box\" style=\"padding-top:10px\">FUN i Algarve: <span class=\"titre_box_manuscrit\">aktiviteter<\/span><\/h5>\n          \n\n        \n\n\n\n<p style=\"font-size:16px\">\n          <a href=\"https:\/\/www.getyourguide.se\/s\/?q=Algarve+grottes&amp;searchSource=3&amp;partner_id=R3GYW4V&amp;cmp=portugal\" target=\"_blank\" rel=\"noreferrer noopener nofollow\">Grottor och klippor med b\u00e5t<\/a>\n          <br\/>\n          <a href=\"https:\/\/www.getyourguide.se\/s\/?q=Algarve+kayak&amp;searchSource=3&amp;partner_id=R3GYW4V&amp;cmp=portugal\" target=\"_blank\" rel=\"noreferrer noopener nofollow\">Kajak turer<\/a>\n          <br\/>\n          <a href=\"https:\/\/www.getyourguide.se\/s\/?q=Algarve+dauphins&amp;searchSource=3&amp;partner_id=R3GYW4V&amp;cmp=portugal\" target=\"_blank\" rel=\"noreferrer noopener nofollow\">Delfinsk\u00e5dning<\/a>\n          <br\/>\n          <a href=\"https:\/\/www.getyourguide.se\/s\/?q=Algarve+4WD&amp;searchSource=3&amp;partner_id=R3GYW4V&amp;cmp=portugal\" target=\"_blank\" rel=\"noreferrer noopener nofollow\">Jeep-tur<\/a>\n          <br\/>\n          <br\/>\n        <\/p>\n<\/div>\n\n\n\n<div class=\"wp-block-column ville-radius is-layout-flow wp-block-column-is-layout-flow\" style=\"flex-basis:42%\">\n<figure class=\"wp-block-image size-large img-portrait\"><img decoding=\"async\" src=\"https:\/\/photos.smugmug.com\/Portugal\/Algarve\/Carvoeiro\/Benagil-sea-cave\/i-kbR899w\/1\/NS2PpvTtn7564sGrJ36D9nDTkqmJQf8pg2tsF3W6S\/S\/Algarve_Board_Trips_Benagil_Sea_Caves_Portugal_IMG_5185-S.jpg\" alt=\"Grottor i Algarve\" title=\"\"\/><\/figure>\n<\/div>\n<\/div>\n<\/div><\/div><\/div>\n\n<h2 class=\"wp-block-heading\">Specialfunktioner<\/h2>\n\n<h3 class=\"wp-block-heading\">Hund<\/h3>\n\n<p>Hundar \u00e4r inte till\u00e5tna p\u00e5 stranden, med undantag f\u00f6r ledarhundar.<\/p>\n\n<figure class=\"wp-block-image size-large\"><img decoding=\"async\" src=\"https:\/\/photos.smugmug.com\/Portugal\/Algarve\/Lagos\/Plages\/Praia-Porto-Mos\/i-fTJsNcN\/0\/KwDfpf6N2zgZgw57SC8hFFx5NG4dJ2Nx8KcLFQ3dd\/L\/no%20dogs%20praia%20porto%20mos%20lagos-L.jpg\" alt=\"Praia do Porto de M&#xF3;s - Hund\"\/><\/figure>\n\n<h3 class=\"wp-block-heading\">Begr\u00e4nsad r\u00f6rlighet<\/h3>\n\n<p>Praia do Porto de M\u00f3s \u00e4r tillg\u00e4nglig f\u00f6r personer med nedsatt r\u00f6rlighet tack vare en asfalterad sluttning och en tr\u00e4v\u00e4g som ger enkel tillg\u00e5ng till sanden. Vi noterade ocks\u00e5 att det finns specialanpassade rullstolar f\u00f6r att ta sig fram p\u00e5 stranden. Det finns ocks\u00e5 tillg\u00e4ngliga toaletter.<\/p>\n\n<figure class=\"wp-block-image size-large\"><img decoding=\"async\" src=\"https:\/\/photos.smugmug.com\/Portugal\/Algarve\/Lagos\/Plages\/Praia-Porto-Mos\/i-CLvLRWJ\/0\/MsGsMTJQPcfmLtT2qd62hFpnPdvGFFJz4s8CbLB3t\/L\/accessibility%20praia%20porto%20mos%20lagos-L.jpg\" alt=\"Praia do Porto de M&#xF3;s - Tillg&#xE5;ng f&#xF6;r funktionshindrade\"\/><\/figure>\n\n<h3 class=\"wp-block-heading\">Med barn<\/h3>\n\n<p>Familjer kommer att \u00e4lska de m\u00e5nga aktiviteter som erbjuds p\u00e5 stranden. Du kan \u00e4gna dig \u00e5t en rad olika vattensporter. Barn brukar \u00e4lska trampb\u00e5tar med inbyggda rutschkanor. De mer \u00e4ventyrslystna kan ocks\u00e5 prova p\u00e5 att surfa. <strong><a href=\"https:\/\/www.getyourguide.com\/lagos-portugal-l2896\/algarve-lecon-de-surf-en-groupe-t458241\/?partner_id=R3GYW4V&amp;cmp=portugal\" target=\"_blank\" rel=\"noreferrer noopener sponsored nofollow\">&#8211; boka din surflektion h\u00e4r!<\/a><\/strong> <\/p>\n\n<p>\u00d6vervakningstj\u00e4nsten g\u00f6r en dag p\u00e5 stranden med sm\u00e5 barn mycket bekv\u00e4mare och s\u00e4krare. Det finns en lekplats bara n\u00e5gra meter fr\u00e5n sanden.<\/p>\n\n<figure class=\"wp-block-image size-large\"><img decoding=\"async\" src=\"https:\/\/photos.smugmug.com\/Portugal\/Algarve\/Lagos\/Plages\/Praia-Porto-Mos\/i-pTf97hj\/0\/KSWFmHsZGgwNDfBFHKQcmbFgQncZPgxh6K3SscgDS\/L\/kids%20friendly%20praia%20porto%20mos%20lagos-L.jpg\" alt=\"Praia do Porto de M&#xF3;s - Med barn\"\/><\/figure>\n\n<h3 class=\"wp-block-heading\">Naturism<\/h3>\n\n<p>Det \u00e4r inte m\u00f6jligt att ut\u00f6va naturism p\u00e5 denna strand.<\/p>\n\n<h3 class=\"wp-block-heading\">\u00c4ta ute<\/h3>\n\n<p>Praia do Porto de M\u00f3s erbjuder ett brett utbud av matst\u00e4llen. Det finns ett antal restauranger direkt p\u00e5 sanden, perfekt f\u00f6r en avslappnad lunch med utsikt \u00f6ver havet. Vi rekommenderar ocks\u00e5 restaurang Mirandus p\u00e5 <a href=\"https:\/\/www.booking.com\/hotel\/pt\/romantik-miranda.html?aid=2420176\" target=\"_blank\" rel=\"noreferrer noopener sponsored nofollow\">Boutique Hotel Vivenda Miranda<\/a>, bara n\u00e5gra minuters promenad bort, som serverar raffinerat medelhavsk\u00f6k i en exceptionell milj\u00f6!<\/p>\n\n<figure class=\"wp-block-image size-large\"><img decoding=\"async\" src=\"https:\/\/photos.smugmug.com\/Portugal\/Algarve\/Lagos\/Plages\/Praia-Porto-Mos\/i-82xxT2Z\/0\/KqShg9SV3jNHFn2c5SKSkN6BMhb47VsfjLbzRzKb4\/L\/beach%20restaurant%20praia%20porto%20mos%20lagos-L.jpg\" alt=\"Praia do Porto de M&#xF3;s - &#xC4;ta ute\"\/><figcaption class=\"wp-element-caption\">Restaurang vid stranden<\/figcaption><\/figure>\n\n<h3 class=\"wp-block-heading\">Hotell<\/h3>\n\n<p>H\u00e4r \u00e4r v\u00e5ra rekommendationer f\u00f6r boende i n\u00e4rheten av Praia do Porto de M\u00f3s:<\/p>\n\n<ul class=\"wp-block-list\">\n<li><a href=\"https:\/\/www.booking.com\/hotel\/pt\/romantik-miranda.html?aid=2420176\" target=\"_blank\" rel=\"noreferrer noopener sponsored nofollow\">Boutique Hotel Vivenda Miranda<\/a><\/li>\n\n\n\n<li><a href=\"https:\/\/www.booking.com\/hotel\/pt\/clube-porto-mos.html?aid=2420176\" target=\"_blank\" rel=\"noreferrer noopener sponsored nofollow\">Hotell Clube Porto de M\u00f3s<\/a><\/li>\n\n\n\n<li><a href=\"https:\/\/www.booking.com\/hotel\/pt\/lagos-atlantic.html?aid=2420176\" target=\"_blank\" rel=\"noreferrer noopener sponsored nofollow\">Lagos Atlantic Hotell<\/a><\/li>\n<\/ul>\n\n<p>De finns med i v\u00e5r artikel om <a href=\"https:\/\/portugallovers.com\/sv\/var-kan-bo-lagos-basta-hotellen-stadsdelarna\/\" target=\"_blank\" rel=\"noreferrer noopener\">de b\u00e4sta hotellen i Lagos!<\/a><\/p>\n\n<figure class=\"wp-block-image size-large\"><img decoding=\"async\" src=\"https:\/\/photos.smugmug.com\/Portugal\/Algarve\/Lagos\/Hotels\/Boutique-Hotel-Vivenda-Miranda\/i-FDHktKV\/0\/MWLpCM4GKRdx6mJSWZqztV2dkpqcwQHMc3T4Lqr2W\/L\/vue%20hotel%20vivenda%20miranda%20lagos%20algarve-L.jpg\" alt=\"Praia do Porto de M&#xF3;s - Hotell\"\/><figcaption class=\"wp-element-caption\">Utsikt \u00f6ver Praia do Porto de M\u00f3s fr\u00e5n tr\u00e4dg\u00e5rden p\u00e5 Hotel Vivenda Miranda<\/figcaption><\/figure>\n\n<div style=\"margin-top:8%;margin-bottom:8%\" class=\"wp-block-genesis-blocks-gb-container box gb-block-container\"><div class=\"gb-container-inside\"><div class=\"gb-container-content\" style=\"max-width:700px\">\n<div class=\"wp-block-genesis-blocks-gb-container box_titre gb-block-container\"><div class=\"gb-container-inside\"><div class=\"gb-container-content\">\n<h5 class=\"titre_box\" style=\"padding-top:10px;\">VAR KAN MAN BO I <span class=\"titre_box_manuscrit\">Lagos<\/span><\/h5>\n<\/div><\/div><\/div>\n\n\n\n<hr class=\"wp-block-separator has-text-color has-alpha-channel-opacity has-background is-style-wide hr-box-planif\" style=\"background-color:#ccd3dd;color:#ccd3dd\"\/>\n\n\n\n<div class=\"wp-block-columns box_sans_border is-layout-flex wp-container-core-columns-is-layout-9d6595d7 wp-block-columns-is-layout-flex\">\n<div class=\"wp-block-column texte_planif is-layout-flow wp-block-column-is-layout-flow\" style=\"font-size:14px;flex-basis:60%\">\n<p class=\"option_titre2\"><strong>V\u00e5ra favoriter: stadsdelar och hotell<\/strong><\/p>\n\n\n\n<p style=\"font-size:14px\">B\u00e4sta hotellet i Porto de M\u00f3s<br\/><strong>Hotel Vivenda Miranda<\/strong> &#8211; <a href=\"https:\/\/www.booking.com\/hotel\/pt\/romantik-miranda.html?aid=2420176\" target=\"_blank\" rel=\"noreferrer noopener sponsored nofollow\">Se priser, bilder och tillg\u00e4nglighet<\/a><\/p>\n\n\n\n<p style=\"font-size:14px\">B\u00e4sta hotellet i Ponta da Piedade<br\/><strong>Hotel Cascade Wellness Resort<\/strong> &#8211; <a href=\"https:\/\/www.booking.com\/hotel\/pt\/cascade-wellness-lifestyle-resort.html?aid=2420176\" target=\"_blank\" rel=\"noreferrer noopener sponsored nofollow\">Se priser, bilder och tillg\u00e4nglighet<\/a><\/p>\n\n\n\n<p style=\"font-size:14px\">B\u00e4sta hotellet i Meia Praia<br\/><strong>Aparthotel Palmares Signature<\/strong> &#8211; <a href=\"https:\/\/www.booking.com\/hotel\/pt\/palmares-signature-apartments-lagos.html?aid=2420176\" target=\"_blank\" rel=\"noreferrer noopener sponsored nofollow\">Se priser, bilder och tillg\u00e4nglighet<\/a><\/p>\n\n\n\n<p style=\"font-size:14px\">B\u00e4sta hotellet i gamla stan<br\/><strong>Hotel Lagos Avenida<\/strong> &#8211; <a href=\"https:\/\/www.booking.com\/hotel\/pt\/lagos-avenida.html?aid=2420176\" target=\"_blank\" rel=\"noreferrer noopener sponsored nofollow\">Se priser, bilder och tillg\u00e4nglighet<\/a><\/p>\n<\/div>\n\n\n\n<div class=\"wp-block-column is-vertically-aligned-top planif-radius is-layout-flow wp-block-column-is-layout-flow\" style=\"flex-basis:40%\">\n<figure class=\"wp-block-image size-large img-portrait\"><img decoding=\"async\" src=\"https:\/\/photos.smugmug.com\/Portugal\/Algarve\/Lagos\/Hotels\/Boutique-Hotel-Vivenda-Miranda\/i-hrpdh9q\/0\/KcshHN3x8C9QRfCbw6pQ5hZnHXngGnMrFnS7Xj9Q7\/L\/boutique%20hotel%20vivenda%20miranda%20lagos%20algarve-L.jpg\" alt=\"Boutique Hotel Vivenda Miranda\" title=\"\"\/><\/figure>\n<\/div>\n<\/div>\n\n\n\n<p class=\"has-text-align-center has-normal-font-size\"><a href=\"https:\/\/portugallovers.com\/sv\/var-kan-bo-lagos-basta-hotellen-stadsdelarna\/\">Se v\u00e5rt kompletta utbud av de b\u00e4sta hotellen i Lagos<\/a><\/p>\n\n\n\n<div class=\"wp-block-buttons planif_bouton is-content-justification-center is-layout-flex wp-container-core-buttons-is-layout-16018d1d wp-block-buttons-is-layout-flex\">\n<div class=\"wp-block-button\"><a class=\"wp-block-button__link has-white-color has-text-color has-custom-font-size wp-element-button\" href=\"https:\/\/www.booking.com\/searchresults.html?city=-2167534&amp;nflt=review_score%253D90%253Breview_score%253D80&amp;aid=2420176&amp;no_rooms=1&amp;group_adults=2\" style=\"border-radius:4px;font-size:14px\" target=\"_blank\" rel=\"noreferrer noopener nofollow\">Se alla tillg\u00e4ngliga boenden &gt;&gt;<\/a><\/div>\n<\/div>\n<\/div><\/div><\/div>\n\n<div class=\"wp-block-genesis-blocks-gb-container box_auteur_voyage gb-block-container\"><div class=\"gb-container-inside\"><div class=\"gb-container-content\">\n<figure class=\"wp-block-image size-large img_auteur_voyage img_provisoire\"><a href=\"https:\/\/portugallovers.com\/sv\/elisa-grosset\/\" target=\"_blank\" rel=\"noreferrer noopener\"><img decoding=\"async\" src=\"https:\/\/photos.smugmug.com\/Region-Lovers\/Equipe\/i-QnrB7DM\/0\/CtpLjLrrwWXx6CCL4hJmRTCvZDXmHZ2Q4F5hGBmsq\/L\/Elisa-L.jpg\" alt=\"\"\/><\/a><\/figure>\n\n\n\n<h5 class=\"titre_auteur_voyage\"><span>HON GJORDE RESAN OCH SKREV ARTIKELN \n <\/span><span class=\"titre_box_manuscrit\">Elisa<\/span><\/h5>\n<\/div><\/div><\/div>\n","protected":false},"excerpt":{"rendered":"<p>Praia do Porto de M\u00f3s \u00e4r en av de l\u00e4ngsta str\u00e4nderna i Lagos och erbjuder en magnifik str\u00e4cka med gyllene sand som \u00e4r idealisk f\u00f6r familjer. Vi blev imponerade av dess naturliga sk\u00f6nhet och den spektakul\u00e4ra milj\u00f6n som bildas av de omgivande klipporna. I den h\u00e4r artikeln hittar du v\u00e5ra bilder och r\u00e5d om hur [&hellip;]<\/p>\n","protected":false},"author":8,"featured_media":2848,"comment_status":"closed","ping_status":"closed","sticky":false,"template":"","format":"standard","meta":{"_genesis_hide_title":false,"_genesis_hide_breadcrumbs":false,"_genesis_hide_singular_image":false,"_genesis_hide_footer_widgets":false,"_genesis_custom_body_class":"","_genesis_custom_post_class":"","_genesis_layout":"","footnotes":""},"categories":[138],"tags":[],"class_list":{"0":"post-2911","1":"post","2":"type-post","3":"status-publish","4":"format-standard","5":"has-post-thumbnail","7":"category-lagos","8":"entry"},"yoast_head":"<!-- This site is optimized with the Yoast SEO plugin v27.2 - https:\/\/yoast.com\/product\/yoast-seo-wordpress\/ -->\n<title>Praia do Porto de M\u00f3s (Lagos): tips + foton<\/title>\n<meta name=\"description\" content=\"Uppt\u00e4ck v\u00e5ra tips och foton f\u00f6r att bes\u00f6ka Praia do Porto de M\u00f3s i Lagos i Algarve: tillg\u00e5ng, sand, faciliteter, landskap, etc.\" \/>\n<meta name=\"robots\" content=\"index, follow, max-snippet:-1, max-image-preview:large, max-video-preview:-1\" \/>\n<link rel=\"canonical\" href=\"https:\/\/portugallovers.com\/sv\/praia-porto-mos-strand-lagos\/\" \/>\n<meta property=\"og:locale\" content=\"sv_SE\" \/>\n<meta property=\"og:type\" content=\"article\" \/>\n<meta property=\"og:title\" content=\"Praia do Porto de M\u00f3s (Lagos): tips + foton\" \/>\n<meta property=\"og:description\" content=\"Uppt\u00e4ck v\u00e5ra tips och foton f\u00f6r att bes\u00f6ka Praia do Porto de M\u00f3s i Lagos i Algarve: tillg\u00e5ng, sand, faciliteter, landskap, etc.\" \/>\n<meta property=\"og:url\" content=\"https:\/\/portugallovers.com\/sv\/praia-porto-mos-strand-lagos\/\" \/>\n<meta property=\"og:site_name\" content=\"Portugal Lovers\" \/>\n<meta property=\"article:published_time\" content=\"2025-03-25T09:00:16+00:00\" \/>\n<meta property=\"article:modified_time\" content=\"2025-12-14T11:17:19+00:00\" \/>\n<meta property=\"og:image\" content=\"https:\/\/portugallovers.com\/wp-content\/uploads\/2025\/03\/praia-porto-mos-strand-lagos-da-nl-de-se-3.jpg\" \/>\n\t<meta property=\"og:image:width\" content=\"800\" \/>\n\t<meta property=\"og:image:height\" content=\"600\" \/>\n\t<meta property=\"og:image:type\" content=\"image\/jpeg\" \/>\n<meta name=\"author\" content=\"Elisa\" \/>\n<meta name=\"twitter:card\" content=\"summary_large_image\" \/>\n<meta name=\"twitter:label1\" content=\"Skriven av\" \/>\n\t<meta name=\"twitter:data1\" content=\"Elisa\" \/>\n\t<meta name=\"twitter:label2\" content=\"Ber\u00e4knad l\u00e4stid\" \/>\n\t<meta name=\"twitter:data2\" content=\"4 minuter\" \/>\n<script type=\"application\/ld+json\" class=\"yoast-schema-graph\">{\"@context\":\"https:\/\/schema.org\",\"@graph\":[{\"@type\":\"Article\",\"@id\":\"https:\/\/portugallovers.com\/sv\/praia-porto-mos-strand-lagos\/#article\",\"isPartOf\":{\"@id\":\"https:\/\/portugallovers.com\/sv\/praia-porto-mos-strand-lagos\/\"},\"author\":{\"name\":\"Elisa\",\"@id\":\"https:\/\/portugallovers.com\/sv\/#\/schema\/person\/e363b476c391b921a64543a123b84de8\"},\"headline\":\"Praia do Porto de M\u00f3s (Lagos): tips + foton\",\"datePublished\":\"2025-03-25T09:00:16+00:00\",\"dateModified\":\"2025-12-14T11:17:19+00:00\",\"mainEntityOfPage\":{\"@id\":\"https:\/\/portugallovers.com\/sv\/praia-porto-mos-strand-lagos\/\"},\"wordCount\":874,\"publisher\":{\"@id\":\"https:\/\/portugallovers.com\/sv\/#organization\"},\"image\":{\"@id\":\"https:\/\/portugallovers.com\/sv\/praia-porto-mos-strand-lagos\/#primaryimage\"},\"thumbnailUrl\":\"https:\/\/portugallovers.com\/wp-content\/uploads\/2025\/03\/praia-porto-mos-strand-lagos-da-nl-de-se-3.jpg\",\"articleSection\":[\"Lagos\"],\"inLanguage\":\"sv-SE\"},{\"@type\":\"WebPage\",\"@id\":\"https:\/\/portugallovers.com\/sv\/praia-porto-mos-strand-lagos\/\",\"url\":\"https:\/\/portugallovers.com\/sv\/praia-porto-mos-strand-lagos\/\",\"name\":\"Praia do Porto de M\u00f3s (Lagos): tips + foton\",\"isPartOf\":{\"@id\":\"https:\/\/portugallovers.com\/sv\/#website\"},\"primaryImageOfPage\":{\"@id\":\"https:\/\/portugallovers.com\/sv\/praia-porto-mos-strand-lagos\/#primaryimage\"},\"image\":{\"@id\":\"https:\/\/portugallovers.com\/sv\/praia-porto-mos-strand-lagos\/#primaryimage\"},\"thumbnailUrl\":\"https:\/\/portugallovers.com\/wp-content\/uploads\/2025\/03\/praia-porto-mos-strand-lagos-da-nl-de-se-3.jpg\",\"datePublished\":\"2025-03-25T09:00:16+00:00\",\"dateModified\":\"2025-12-14T11:17:19+00:00\",\"description\":\"Uppt\u00e4ck v\u00e5ra tips och foton f\u00f6r att bes\u00f6ka Praia do Porto de M\u00f3s i Lagos i Algarve: tillg\u00e5ng, sand, faciliteter, landskap, etc.\",\"breadcrumb\":{\"@id\":\"https:\/\/portugallovers.com\/sv\/praia-porto-mos-strand-lagos\/#breadcrumb\"},\"inLanguage\":\"sv-SE\",\"potentialAction\":[{\"@type\":\"ReadAction\",\"target\":[\"https:\/\/portugallovers.com\/sv\/praia-porto-mos-strand-lagos\/\"]}]},{\"@type\":\"ImageObject\",\"inLanguage\":\"sv-SE\",\"@id\":\"https:\/\/portugallovers.com\/sv\/praia-porto-mos-strand-lagos\/#primaryimage\",\"url\":\"https:\/\/portugallovers.com\/wp-content\/uploads\/2025\/03\/praia-porto-mos-strand-lagos-da-nl-de-se-3.jpg\",\"contentUrl\":\"https:\/\/portugallovers.com\/wp-content\/uploads\/2025\/03\/praia-porto-mos-strand-lagos-da-nl-de-se-3.jpg\",\"width\":800,\"height\":600,\"caption\":\"praia porto mos strand lagos\"},{\"@type\":\"BreadcrumbList\",\"@id\":\"https:\/\/portugallovers.com\/sv\/praia-porto-mos-strand-lagos\/#breadcrumb\",\"itemListElement\":[{\"@type\":\"ListItem\",\"position\":1,\"name\":\"Accueil\",\"item\":\"https:\/\/portugallovers.com\/sv\/\"},{\"@type\":\"ListItem\",\"position\":2,\"name\":\"Lagos\",\"item\":\"https:\/\/portugallovers.com\/sv\/lagos\/\"},{\"@type\":\"ListItem\",\"position\":3,\"name\":\"Praia do Porto de M\u00f3s (Lagos): tips + foton\"}]},{\"@type\":\"WebSite\",\"@id\":\"https:\/\/portugallovers.com\/sv\/#website\",\"url\":\"https:\/\/portugallovers.com\/sv\/\",\"name\":\"Portugal Lovers\",\"description\":\"\",\"publisher\":{\"@id\":\"https:\/\/portugallovers.com\/sv\/#organization\"},\"potentialAction\":[{\"@type\":\"SearchAction\",\"target\":{\"@type\":\"EntryPoint\",\"urlTemplate\":\"https:\/\/portugallovers.com\/sv\/?s={search_term_string}\"},\"query-input\":{\"@type\":\"PropertyValueSpecification\",\"valueRequired\":true,\"valueName\":\"search_term_string\"}}],\"inLanguage\":\"sv-SE\"},{\"@type\":\"Organization\",\"@id\":\"https:\/\/portugallovers.com\/sv\/#organization\",\"name\":\"Portugal Lovers\",\"url\":\"https:\/\/portugallovers.com\/sv\/\",\"logo\":{\"@type\":\"ImageObject\",\"inLanguage\":\"sv-SE\",\"@id\":\"https:\/\/portugallovers.com\/sv\/#\/schema\/logo\/image\/\",\"url\":\"https:\/\/portugallovers.com\/wp-content\/uploads\/2024\/05\/cropped-Portugal-Lovers-Logo.png\",\"contentUrl\":\"https:\/\/portugallovers.com\/wp-content\/uploads\/2024\/05\/cropped-Portugal-Lovers-Logo.png\",\"width\":2742,\"height\":469,\"caption\":\"Portugal Lovers\"},\"image\":{\"@id\":\"https:\/\/portugallovers.com\/sv\/#\/schema\/logo\/image\/\"}},{\"@type\":\"Person\",\"@id\":\"https:\/\/portugallovers.com\/sv\/#\/schema\/person\/e363b476c391b921a64543a123b84de8\",\"name\":\"Elisa\",\"image\":{\"@type\":\"ImageObject\",\"inLanguage\":\"sv-SE\",\"@id\":\"https:\/\/secure.gravatar.com\/avatar\/58989acaa759ff1170519ec054359cd64759fd26df84b894bd3239c233fd396c?s=96&d=mm&r=g\",\"url\":\"https:\/\/secure.gravatar.com\/avatar\/58989acaa759ff1170519ec054359cd64759fd26df84b894bd3239c233fd396c?s=96&d=mm&r=g\",\"contentUrl\":\"https:\/\/secure.gravatar.com\/avatar\/58989acaa759ff1170519ec054359cd64759fd26df84b894bd3239c233fd396c?s=96&d=mm&r=g\",\"caption\":\"Elisa\"},\"sameAs\":[\"https:\/\/portugallovers.com\/elisa-grosset\/\"],\"url\":\"https:\/\/portugallovers.com\/sv\/author\/elisa\/\"}]}<\/script>\n<!-- \/ Yoast SEO plugin. -->","yoast_head_json":{"title":"Praia do Porto de M\u00f3s (Lagos): tips + foton","description":"Uppt\u00e4ck v\u00e5ra tips och foton f\u00f6r att bes\u00f6ka Praia do Porto de M\u00f3s i Lagos i Algarve: tillg\u00e5ng, sand, faciliteter, landskap, etc.","robots":{"index":"index","follow":"follow","max-snippet":"max-snippet:-1","max-image-preview":"max-image-preview:large","max-video-preview":"max-video-preview:-1"},"canonical":"https:\/\/portugallovers.com\/sv\/praia-porto-mos-strand-lagos\/","og_locale":"sv_SE","og_type":"article","og_title":"Praia do Porto de M\u00f3s (Lagos): tips + foton","og_description":"Uppt\u00e4ck v\u00e5ra tips och foton f\u00f6r att bes\u00f6ka Praia do Porto de M\u00f3s i Lagos i Algarve: tillg\u00e5ng, sand, faciliteter, landskap, etc.","og_url":"https:\/\/portugallovers.com\/sv\/praia-porto-mos-strand-lagos\/","og_site_name":"Portugal Lovers","article_published_time":"2025-03-25T09:00:16+00:00","article_modified_time":"2025-12-14T11:17:19+00:00","og_image":[{"width":800,"height":600,"url":"https:\/\/portugallovers.com\/wp-content\/uploads\/2025\/03\/praia-porto-mos-strand-lagos-da-nl-de-se-3.jpg","type":"image\/jpeg"}],"author":"Elisa","twitter_card":"summary_large_image","twitter_misc":{"Skriven av":"Elisa","Ber\u00e4knad l\u00e4stid":"4 minuter"},"schema":{"@context":"https:\/\/schema.org","@graph":[{"@type":"Article","@id":"https:\/\/portugallovers.com\/sv\/praia-porto-mos-strand-lagos\/#article","isPartOf":{"@id":"https:\/\/portugallovers.com\/sv\/praia-porto-mos-strand-lagos\/"},"author":{"name":"Elisa","@id":"https:\/\/portugallovers.com\/sv\/#\/schema\/person\/e363b476c391b921a64543a123b84de8"},"headline":"Praia do Porto de M\u00f3s (Lagos): tips + foton","datePublished":"2025-03-25T09:00:16+00:00","dateModified":"2025-12-14T11:17:19+00:00","mainEntityOfPage":{"@id":"https:\/\/portugallovers.com\/sv\/praia-porto-mos-strand-lagos\/"},"wordCount":874,"publisher":{"@id":"https:\/\/portugallovers.com\/sv\/#organization"},"image":{"@id":"https:\/\/portugallovers.com\/sv\/praia-porto-mos-strand-lagos\/#primaryimage"},"thumbnailUrl":"https:\/\/portugallovers.com\/wp-content\/uploads\/2025\/03\/praia-porto-mos-strand-lagos-da-nl-de-se-3.jpg","articleSection":["Lagos"],"inLanguage":"sv-SE"},{"@type":"WebPage","@id":"https:\/\/portugallovers.com\/sv\/praia-porto-mos-strand-lagos\/","url":"https:\/\/portugallovers.com\/sv\/praia-porto-mos-strand-lagos\/","name":"Praia do Porto de M\u00f3s (Lagos): tips + foton","isPartOf":{"@id":"https:\/\/portugallovers.com\/sv\/#website"},"primaryImageOfPage":{"@id":"https:\/\/portugallovers.com\/sv\/praia-porto-mos-strand-lagos\/#primaryimage"},"image":{"@id":"https:\/\/portugallovers.com\/sv\/praia-porto-mos-strand-lagos\/#primaryimage"},"thumbnailUrl":"https:\/\/portugallovers.com\/wp-content\/uploads\/2025\/03\/praia-porto-mos-strand-lagos-da-nl-de-se-3.jpg","datePublished":"2025-03-25T09:00:16+00:00","dateModified":"2025-12-14T11:17:19+00:00","description":"Uppt\u00e4ck v\u00e5ra tips och foton f\u00f6r att bes\u00f6ka Praia do Porto de M\u00f3s i Lagos i Algarve: tillg\u00e5ng, sand, faciliteter, landskap, etc.","breadcrumb":{"@id":"https:\/\/portugallovers.com\/sv\/praia-porto-mos-strand-lagos\/#breadcrumb"},"inLanguage":"sv-SE","potentialAction":[{"@type":"ReadAction","target":["https:\/\/portugallovers.com\/sv\/praia-porto-mos-strand-lagos\/"]}]},{"@type":"ImageObject","inLanguage":"sv-SE","@id":"https:\/\/portugallovers.com\/sv\/praia-porto-mos-strand-lagos\/#primaryimage","url":"https:\/\/portugallovers.com\/wp-content\/uploads\/2025\/03\/praia-porto-mos-strand-lagos-da-nl-de-se-3.jpg","contentUrl":"https:\/\/portugallovers.com\/wp-content\/uploads\/2025\/03\/praia-porto-mos-strand-lagos-da-nl-de-se-3.jpg","width":800,"height":600,"caption":"praia porto mos strand lagos"},{"@type":"BreadcrumbList","@id":"https:\/\/portugallovers.com\/sv\/praia-porto-mos-strand-lagos\/#breadcrumb","itemListElement":[{"@type":"ListItem","position":1,"name":"Accueil","item":"https:\/\/portugallovers.com\/sv\/"},{"@type":"ListItem","position":2,"name":"Lagos","item":"https:\/\/portugallovers.com\/sv\/lagos\/"},{"@type":"ListItem","position":3,"name":"Praia do Porto de M\u00f3s (Lagos): tips + foton"}]},{"@type":"WebSite","@id":"https:\/\/portugallovers.com\/sv\/#website","url":"https:\/\/portugallovers.com\/sv\/","name":"Portugal Lovers","description":"","publisher":{"@id":"https:\/\/portugallovers.com\/sv\/#organization"},"potentialAction":[{"@type":"SearchAction","target":{"@type":"EntryPoint","urlTemplate":"https:\/\/portugallovers.com\/sv\/?s={search_term_string}"},"query-input":{"@type":"PropertyValueSpecification","valueRequired":true,"valueName":"search_term_string"}}],"inLanguage":"sv-SE"},{"@type":"Organization","@id":"https:\/\/portugallovers.com\/sv\/#organization","name":"Portugal Lovers","url":"https:\/\/portugallovers.com\/sv\/","logo":{"@type":"ImageObject","inLanguage":"sv-SE","@id":"https:\/\/portugallovers.com\/sv\/#\/schema\/logo\/image\/","url":"https:\/\/portugallovers.com\/wp-content\/uploads\/2024\/05\/cropped-Portugal-Lovers-Logo.png","contentUrl":"https:\/\/portugallovers.com\/wp-content\/uploads\/2024\/05\/cropped-Portugal-Lovers-Logo.png","width":2742,"height":469,"caption":"Portugal Lovers"},"image":{"@id":"https:\/\/portugallovers.com\/sv\/#\/schema\/logo\/image\/"}},{"@type":"Person","@id":"https:\/\/portugallovers.com\/sv\/#\/schema\/person\/e363b476c391b921a64543a123b84de8","name":"Elisa","image":{"@type":"ImageObject","inLanguage":"sv-SE","@id":"https:\/\/secure.gravatar.com\/avatar\/58989acaa759ff1170519ec054359cd64759fd26df84b894bd3239c233fd396c?s=96&d=mm&r=g","url":"https:\/\/secure.gravatar.com\/avatar\/58989acaa759ff1170519ec054359cd64759fd26df84b894bd3239c233fd396c?s=96&d=mm&r=g","contentUrl":"https:\/\/secure.gravatar.com\/avatar\/58989acaa759ff1170519ec054359cd64759fd26df84b894bd3239c233fd396c?s=96&d=mm&r=g","caption":"Elisa"},"sameAs":["https:\/\/portugallovers.com\/elisa-grosset\/"],"url":"https:\/\/portugallovers.com\/sv\/author\/elisa\/"}]}},"featured_image_src":"https:\/\/portugallovers.com\/wp-content\/uploads\/2025\/03\/praia-porto-mos-strand-lagos-da-nl-de-se-3-600x400.jpg","featured_image_src_square":"https:\/\/portugallovers.com\/wp-content\/uploads\/2025\/03\/praia-porto-mos-strand-lagos-da-nl-de-se-3-600x600.jpg","author_info":{"display_name":"Elisa","author_link":"https:\/\/portugallovers.com\/sv\/author\/elisa\/"},"_links":{"self":[{"href":"https:\/\/portugallovers.com\/sv\/wp-json\/wp\/v2\/posts\/2911","targetHints":{"allow":["GET"]}}],"collection":[{"href":"https:\/\/portugallovers.com\/sv\/wp-json\/wp\/v2\/posts"}],"about":[{"href":"https:\/\/portugallovers.com\/sv\/wp-json\/wp\/v2\/types\/post"}],"author":[{"embeddable":true,"href":"https:\/\/portugallovers.com\/sv\/wp-json\/wp\/v2\/users\/8"}],"replies":[{"embeddable":true,"href":"https:\/\/portugallovers.com\/sv\/wp-json\/wp\/v2\/comments?post=2911"}],"version-history":[{"count":0,"href":"https:\/\/portugallovers.com\/sv\/wp-json\/wp\/v2\/posts\/2911\/revisions"}],"wp:featuredmedia":[{"embeddable":true,"href":"https:\/\/portugallovers.com\/sv\/wp-json\/wp\/v2\/media\/2848"}],"wp:attachment":[{"href":"https:\/\/portugallovers.com\/sv\/wp-json\/wp\/v2\/media?parent=2911"}],"wp:term":[{"taxonomy":"category","embeddable":true,"href":"https:\/\/portugallovers.com\/sv\/wp-json\/wp\/v2\/categories?post=2911"},{"taxonomy":"post_tag","embeddable":true,"href":"https:\/\/portugallovers.com\/sv\/wp-json\/wp\/v2\/tags?post=2911"}],"curies":[{"name":"wp","href":"https:\/\/api.w.org\/{rel}","templated":true}]}}