{"id":6047,"date":"2026-04-17T14:28:53","date_gmt":"2026-04-17T14:28:53","guid":{"rendered":"https:\/\/portugallovers.com\/visiter-lisbonne-hiver-que-faire\/"},"modified":"2026-04-17T14:43:05","modified_gmt":"2026-04-17T14:43:05","slug":"visitar-lisboa-inverno-o-que-fazer","status":"publish","type":"post","link":"https:\/\/portugallovers.com\/pt-pt\/visitar-lisboa-inverno-o-que-fazer\/","title":{"rendered":"Visitar Lisboa no inverno: os nossos conselhos (+ o que fazer)"},"content":{"rendered":"\n<p>Banhada pelo Tejo, Lisboa \u00e9 uma capital com um patrim\u00f3nio excecional, cujas colinas \u00edngremes, bairros hist\u00f3ricos e gastronomia nos conquistaram. No inverno, a cidade revela-se de um \u00e2ngulo diferente. Os locais est\u00e3o menos movimentados, as temperaturas permanecem amenas e o ambiente festivo de dezembro d\u00e1 um toque de luz \u00e0s ruas empedradas.  <\/p>\n\n<p>Aqui tem todos os nossos conselhos para visitar Lisboa no inverno: actividades, clima, temperaturas&#8230; E ainda informa\u00e7\u00f5es sobre como passar o Natal ou o Ano Novo nesta cidade cheia de surpresas!<\/p>\n\n<figure class=\"wp-block-image size-full\"><img decoding=\"async\" src=\"https:\/\/portugallovers.com\/wp-content\/uploads\/2026\/04\/visitar-Lisboa-inverno-o-que-fazer.jpg\" alt=\"visitar Lisboa inverno o que fazer\" class=\"wp-image-6031\"\/><\/figure>\n\n<p>Esta \u00e9 uma opini\u00e3o completamente <strong>independente<\/strong>, baseada na nossa pr\u00f3pria experi\u00eancia. Visit\u00e1mos a regi\u00e3o de forma an\u00f3nima, fazendo as nossas pr\u00f3prias escolhas e pagando as nossas contas na totalidade.<\/p>\n\n<h2 class=\"wp-block-heading\">Visitar Lisboa no inverno: vale a pena?<\/h2>\n\n<h3 class=\"wp-block-heading\">A nossa opini\u00e3o<\/h3>\n\n<p>Sim, vale a pena visitar Lisboa no inverno. A capital portuguesa \u00e9 frequentemente associada ao ver\u00e3o e \u00e0s suas luzes mediterr\u00e2nicas, mas fomos conquistados pelo seu encanto invernal. Monumentos como a Torre de Bel\u00e9m e o Mosteiro dos Jer\u00f3nimos podem ser visitados com uma tranquilidade apreci\u00e1vel, sem as longas filas da \u00e9poca alta. Tamb\u00e9m vai adorar passear pelas ruas estreitas de Alfama e do Chiado nesta altura do ano. Com temperaturas diurnas de cerca de 15\u00b0C e muito sol, Lisboa \u00e9 um \u00f3timo local para explorar os seus bairros a p\u00e9 no inverno. Em dezembro, as ilumina\u00e7\u00f5es e os mercados sazonais conferem um ambiente acolhedor \u00e0 cidade.<\/p>\n\n<figure class=\"wp-block-image size-large\"><img decoding=\"async\" src=\"https:\/\/photos.smugmug.com\/Portugal\/Lisboa\/Town\/i-GCvVrpQ\/0\/LMpFjKP2K7B4SCXp8GWLWDCXTzx278QzMpVWsrfX5\/L\/lisbonne-fresque-coloree-azulejos-L.jpg\" alt=\"Lisboa - As nossas dicas de inverno\"\/><\/figure>\n\n<h3 class=\"wp-block-heading\">Benef\u00edcios<\/h3>\n\n<ul class=\"wp-block-list\">\n<li>As temperaturas s\u00e3o amenas, rondando os 15\u00b0C durante o dia, ideais para passeios a p\u00e9.<\/li>\n\n\n\n<li>Os locais tur\u00edsticos est\u00e3o menos ocupados, as filas s\u00e3o mais curtas<\/li>\n\n\n\n<li><a href=\"https:\/\/portugallovers.com\/pt-pt\/onde-ficar-lisboa-melhores-hoteis-bairros\/\" type=\"post\" id=\"5028\" target=\"_blank\" rel=\"noreferrer noopener\">Os pre\u00e7os dos hot\u00e9is<\/a> s\u00e3o mais acess\u00edveis do que na \u00e9poca alta<\/li>\n\n\n\n<li>O sol continua a ser frequente e agrad\u00e1vel<\/li>\n\n\n\n<li>Em dezembro, a cidade ganha vida com as luzes de Natal e os mercados sazonais.<\/li>\n\n\n\n<li>A maioria dos museus, monumentos e restaurantes permanecem abertos<\/li>\n<\/ul>\n\n<figure class=\"wp-block-image size-large\"><img decoding=\"async\" src=\"https:\/\/photos.smugmug.com\/Portugal\/Lisboa\/Town\/i-W4wK2Gf\/0\/KF3xstRVJzWPFMSTjc9rssQhMVsp8j6zqTSfwZ5NM\/L\/lisbonne-place-jacaranda-L.jpg\" alt=\"Lisboa - Vantagens de visitar no inverno\"\/><\/figure>\n\n<h3 class=\"wp-block-heading\">Desvantagens<\/h3>\n\n<ul class=\"wp-block-list\">\n<li>Os dias s\u00e3o mais curtos, o que limita o tempo passado a explorar o ar livre<\/li>\n\n\n\n<li>Pode chover, mesmo que moderadamente<\/li>\n\n\n\n<li>Alguns monumentos t\u00eam hor\u00e1rios de abertura reduzidos no inverno<\/li>\n\n\n\n<li>As noites s\u00e3o frescas<\/li>\n\n\n\n<li>Algumas actividades ao ar livre s\u00e3o menos agrad\u00e1veis em dias nublados<\/li>\n<\/ul>\n\n<figure class=\"wp-block-image size-large\"><img decoding=\"async\" src=\"https:\/\/photos.smugmug.com\/Portugal\/Lisboa\/Town\/i-jB8fRWx\/0\/Lm4c5wzpjNb2csx7fX964VKt5wRJ9t3D46j7xKd5B\/L\/lisbonne-bairro-alto-escalier-L.jpg\" alt=\"Lisboa - Desvantagens de uma visita no inverno\"\/><\/figure>\n\n<div style=\"margin-top:8%;margin-bottom:8%\" class=\"wp-block-genesis-blocks-gb-container box gb-block-container\"><div class=\"gb-container-inside\"><div class=\"gb-container-content\" style=\"max-width:700px\">\n<div class=\"wp-block-genesis-blocks-gb-container box_titre gb-block-container\"><div class=\"gb-container-inside\"><div class=\"gb-container-content\">\n<h5 class=\"titre_box\" style=\"padding-top:10px;\">ONDE FICAR EM <span class=\"titre_box_manuscrit\">Lisboa<\/span><\/h5>\n<\/div><\/div><\/div>\n\n\n\n<hr class=\"wp-block-separator has-text-color has-alpha-channel-opacity has-background is-style-wide hr-box-planif\" style=\"background-color:#ccd3dd;color:#ccd3dd\"\/>\n\n\n\n<div class=\"wp-block-columns box_sans_border is-layout-flex wp-container-core-columns-is-layout-9d6595d7 wp-block-columns-is-layout-flex\">\n<div class=\"wp-block-column texte_planif is-layout-flow wp-block-column-is-layout-flow\" style=\"font-size:14px;flex-basis:60%\">\n<p class=\"option_titre2\"><strong>Os nossos favoritos: bairros e hot\u00e9is<\/strong><\/p>\n\n\n\n<p style=\"font-size:16px\">Bairro da Baixa no cora\u00e7\u00e3o de Lisboa<br\/><strong>Hotel da Baixa<\/strong> &#8211; <a href=\"https:\/\/www.booking.com\/hotel\/pt\/da-baixa.html?aid=2420176\" target=\"_blank\" rel=\"noreferrer noopener sponsored nofollow\">veja pre\u00e7os, fotos e disponibilidade<\/a><br\/><strong>Hotel Dare Lisbon House <\/strong>&#8211; <a href=\"https:\/\/www.booking.com\/hotel\/pt\/dare-lisbon-house.html?aid=2420176\" target=\"_blank\" rel=\"noreferrer noopener sponsored nofollow\">veja pre\u00e7os, fotos e disponibilidade<\/a><\/p>\n\n\n\n<p style=\"font-size:16px\">Alfama, o bairro mais antigo e mais encantador<br\/><strong>Hotel Poussada Alfama<\/strong> &#8211; <a href=\"https:\/\/www.booking.com\/hotel\/pt\/pousada-alfama.html?aid=2420176\" target=\"_blank\" rel=\"noreferrer noopener sponsored nofollow\">Ver pre\u00e7os, fotos e disponibilidade<\/a><\/p>\n\n\n\n<p style=\"font-size:16px\">O bairro do Chiado, o mais elegante<br\/><strong>Art Legacy Hotel<\/strong> &#8211; <a href=\"https:\/\/www.booking.com\/hotel\/pt\/art-legacy.html?aid=2420176\" target=\"_blank\" rel=\"noreferrer noopener sponsored nofollow\">veja pre\u00e7os, fotos e disponibilidade<\/a><\/p>\n<\/div>\n\n\n\n<div class=\"wp-block-column is-vertically-aligned-top planif-radius is-layout-flow wp-block-column-is-layout-flow\" style=\"flex-basis:40%\">\n<figure class=\"wp-block-image size-full img-portrait\"><img loading=\"lazy\" decoding=\"async\" width=\"2084\" height=\"1744\" src=\"https:\/\/portugallovers.com\/wp-content\/uploads\/2024\/05\/Portugal-Lovers-Logomark.png\" alt=\"Logomarca da Portugal Lovers\" class=\"wp-image-212\" title=\"\" srcset=\"https:\/\/portugallovers.com\/wp-content\/uploads\/2024\/05\/Portugal-Lovers-Logomark.png 2084w, https:\/\/portugallovers.com\/wp-content\/uploads\/2024\/05\/Portugal-Lovers-Logomark-300x251.png 300w, https:\/\/portugallovers.com\/wp-content\/uploads\/2024\/05\/Portugal-Lovers-Logomark-1024x857.png 1024w, https:\/\/portugallovers.com\/wp-content\/uploads\/2024\/05\/Portugal-Lovers-Logomark-768x643.png 768w, https:\/\/portugallovers.com\/wp-content\/uploads\/2024\/05\/Portugal-Lovers-Logomark-1536x1285.png 1536w, https:\/\/portugallovers.com\/wp-content\/uploads\/2024\/05\/Portugal-Lovers-Logomark-2048x1714.png 2048w\" sizes=\"auto, (max-width: 2084px) 100vw, 2084px\" \/><\/figure>\n<\/div>\n<\/div>\n\n\n\n<p class=\"has-text-align-center has-normal-font-size\"><a href=\"https:\/\/portugallovers.com\/pt-pt\/onde-ficar-lisboa-melhores-hoteis-bairros\/\" type=\"post\" id=\"5028\" target=\"_blank\" rel=\"noreferrer noopener\">Veja a nossa sele\u00e7\u00e3o completa dos melhores hot\u00e9is em Lisboa<\/a><\/p>\n\n\n\n<div class=\"wp-block-buttons planif_bouton is-content-justification-center is-layout-flex wp-container-core-buttons-is-layout-16018d1d wp-block-buttons-is-layout-flex\">\n<div class=\"wp-block-button\"><a class=\"wp-block-button__link has-white-color has-text-color has-custom-font-size wp-element-button\" href=\"https:\/\/www.booking.com\/searchresults.html?city=-2167973&amp;nflt=review_score%253D90%253Breview_score%253D80&amp;aid=2420176&amp;no_rooms=1&amp;group_adults=2\" style=\"border-radius:4px;font-size:14px\" target=\"_blank\" rel=\"noreferrer noopener nofollow\">Veja todos os alojamentos dispon\u00edveis &gt;&gt;<\/a><\/div>\n<\/div>\n<\/div><\/div><\/div>\n\n<h2 class=\"wp-block-heading\">Tempo, temperaturas e condi\u00e7\u00f5es<\/h2>\n\n<p>Lisboa goza de um clima temperado no inverno, muito mais ameno do que na maioria das capitais europeias. As temperaturas rondam geralmente os 15\u00b0C durante o dia e raramente descem abaixo dos 8\u00b0C durante a noite. H\u00e1 muito sol. N\u00e3o \u00e9 invulgar ter dias brilhantes e soalheiros, mesmo em janeiro. \u00c9 claro que pode chover, mas muitas vezes em per\u00edodos curtos. Recomendamos que leve um guarda-chuva em vez de um guarda-chuva, que n\u00e3o \u00e9 pr\u00e1tico em condi\u00e7\u00f5es de vento. De um modo geral, as condi\u00e7\u00f5es de inverno permitem-lhe visitar Lisboa a p\u00e9 sem grandes constrangimentos.<\/p>\n\n<figure class=\"wp-block-image size-large\"><img decoding=\"async\" src=\"https:\/\/photos.smugmug.com\/Portugal\/Lisboa\/Town\/i-gt959r5\/1\/MF8xmr2pMkJptvgJk8rj797LLsPx4xchZR83qNcmr\/L\/lisbonne-parking-L.jpg\" alt=\"Lisboa - Temperaturas e condi&#xE7;&#xF5;es meteorol&#xF3;gicas no inverno\"\/><\/figure>\n\n<div style=\"margin-top:8%;margin-bottom:8%\" class=\"wp-block-genesis-blocks-gb-container box gb-block-container\"><div class=\"gb-container-inside\"><div class=\"gb-container-content\">\n<div class=\"wp-block-columns inverse box_planif is-layout-flex wp-container-core-columns-is-layout-9d6595d7 wp-block-columns-is-layout-flex\">\n<div class=\"wp-block-column texte_planif is-layout-flow wp-block-column-is-layout-flow\" style=\"flex-basis:60%\">\n          \n\n          <h5 class=\"titre_box\" style=\"padding-top:10px;\">OS NOSSOS CONSELHOS PARA ALUGAR UM CARRO EM <span class=\"titre_box_manuscrit\">Portugal<\/span><\/h5>\n          \n\n        \n\n\n\n<ul style=\"font-size:14px\" class=\"wp-block-list\">\n<li>Compare os pre\u00e7os na nossa plataforma preferida: <a href=\"https:\/\/www.discovercars.com\/pt\/portugal?a_aid=zigzag&amp;chan=portugal\" target=\"_blank\" rel=\"noreferrer noopener nofollow\">DiscoverCars<\/a> &#8211; um dos s\u00edtios mais bem classificados.<\/li>\n\n\n\n<li>N\u00e3o leve um carro demasiado largo, pois as cidades antigas t\u00eam ruas estreitas e lugares de estacionamento pequenos.<\/li>\n\n\n\n<li>Para uma maior escolha, <strong>reserve com anteced\u00eancia<\/strong>.<\/li>\n<\/ul>\n<\/div>\n\n\n\n<div class=\"wp-block-column planif-radius-2 is-layout-flow wp-block-column-is-layout-flow\">\n<figure class=\"wp-block-image size-large voiture_image\"><img decoding=\"async\" src=\"https:\/\/photos.smugmug.com\/Portugal\/Alentejo\/Drive-to-Monsaraz\/i-FSp7zR9\/1\/KM9CSqcTv9RvpgScjMPvDQZHt7sjJ9sbXqjD47JzQ\/S\/Portugal_IMG_4161-S.jpg\" alt=\"conduzir em Portugal\"\/><\/figure>\n<\/div>\n<\/div>\n\n\n\n<div class=\"wp-block-columns planif_bouton is-layout-flex wp-container-core-columns-is-layout-9d6595d7 wp-block-columns-is-layout-flex\">\n<div class=\"wp-block-column is-vertically-aligned-top is-layout-flow wp-block-column-is-layout-flow\">\n<div class=\"wp-block-buttons is-content-justification-center is-layout-flex wp-container-core-buttons-is-layout-16018d1d wp-block-buttons-is-layout-flex\">\n<div class=\"wp-block-button\"><a class=\"wp-block-button__link has-white-color has-text-color wp-element-button\" href=\"https:\/\/www.discovercars.com\/pt\/portugal?a_aid=zigzag&amp;amp;chan=portugal\" target=\"_blank\" rel=\"noreferrer noopener nofollow\">Veja os autom\u00f3veis dispon\u00edveis &gt;&gt;<\/a><\/div>\n<\/div>\n<\/div>\n\n\n\n<div class=\"wp-block-column is-vertically-aligned-center is-layout-flow wp-block-column-is-layout-flow\">\n<p class=\"has-text-align-center\" style=\"font-size:16px\">Leia os nossos conselhos (em breve)<\/p>\n<\/div>\n<\/div>\n<\/div><\/div><\/div>\n\n<h2 class=\"wp-block-heading\">O que fazer em Lisboa no inverno<\/h2>\n\n<p>Lisboa est\u00e1 repleta de actividades durante todo o ano. No inverno, a cidade oferece ainda uma vantagem significativa: os seus monumentos e museus podem ser visitados em melhores condi\u00e7\u00f5es, sem as multid\u00f5es do ver\u00e3o. Eis as nossas sugest\u00f5es organizadas por temas.<\/p>\n\n<h3 class=\"wp-block-heading\">Monumentos a n\u00e3o perder<\/h3>\n\n<figure class=\"wp-block-image size-large\"><img decoding=\"async\" src=\"https:\/\/photos.smugmug.com\/Portugal\/Lisboa\/Belem\/Belem-Tower\/i-3xXGBSX\/0\/NWVDHrDp68jdGsFMjjpSBhR36sFc6PTshJgBGLdCz\/L\/Belem_Tower_Lisbon_Portugal_IMG_7073-L.jpg\" alt=\"Lisboa - Pontos de visita obrigat&#xF3;ria\"\/><\/figure>\n\n<p>Lisboa alberga uma s\u00e9rie de monumentos mundialmente famosos que s\u00e3o acess\u00edveis e podem ser visitados no inverno. A <strong>Torre de Bel\u00e9m<\/strong>, constru\u00edda no in\u00edcio do s\u00e9culo XVI durante o reinado de D. Manuel I, \u00e9 uma obra-prima da arquitetura manuelina com vistas not\u00e1veis sobre o Tejo. Fic\u00e1mos fascinados com a delicadeza das suas esculturas, nomeadamente as figuras de rinocerontes aninhadas nos seus torre\u00f5es. Perto dali, o <strong>Mosteiro dos Jer\u00f3nimos<\/strong>, tamb\u00e9m classificado como Patrim\u00f3nio Mundial da UNESCO, impressionou-nos pela riqueza dos seus claustros e do seu portal sul. Constru\u00eddo para comemorar o regresso de Vasco da Gama da \u00cdndia, o local alberga os t\u00famulos de v\u00e1rios soberanos portugueses. Aconselhamo-lo a reservar os seus bilhetes com anteced\u00eancia para estes dois monumentos, mesmo em \u00e9poca baixa.<\/p>\n\n<ul class=\"wp-block-list\">\n<li><strong>Torre de Bel\u00e9m<\/strong> &#8211; El\u00e9trico E15, paragem Lg Princesa. Atualmente encerrado para obras. Visite o s\u00edtio Web oficial para obter mais informa\u00e7\u00f5es <a href=\"https:\/\/www.visitlisboa.com\/fr\/des-entroits\/torre-de-belem\" target=\"_blank\" rel=\"noreferrer noopener nofollow\">.<\/a> <\/li>\n\n\n\n<li><strong>Monast\u00e8re des Hi\u00e9ronymites<\/strong> &#8211; Autocarro 727, 728, 729, El\u00e9trico 15E. Aberto todos os dias. <a href=\"https:\/\/www.getyourguide.pt\/monastere-des-hieronymites-l3594\/?partner_id=R3GYW4V&amp;cmp=portugal\" target=\"_blank\" rel=\"noreferrer noopener sponsored nofollow\">Reserve j\u00e1 o seu bilhete<\/a>.<\/li>\n<\/ul>\n\n<figure class=\"wp-block-image size-large\"><img decoding=\"async\" src=\"https:\/\/photos.smugmug.com\/Portugal\/Lisboa\/Monast&#xE8;re-des-Hi&#xE9;ronymites\/i-TWNT4Xt\/0\/LMXZWVmsxdNnv7BBgkP5ZhKTt89sjr2WXd7msx77m\/L\/lisbonne-monastere-hieronymites-L.jpg\" alt=\"Lisboa - Mosteiro dos Jer&#xF3;nimos\"\/><\/figure>\n\n<p>Empoleirado na colina de Alfama, <strong>o Castelo de S\u00e3o Jorge<\/strong> oferece-lhe uma vista panor\u00e2mica excecional sobre a capital. Constru\u00eddo no s\u00e9culo V, este castelo mouro resistiu ao teste do tempo e \u00e0s invas\u00f5es. Das suas muralhas, pode ver os telhados vermelhos, o rio Tejo e os principais monumentos da cidade. Tamb\u00e9m nos divertimos com a <em>c\u00e2mara obscura<\/em> do castelo, um instrumento \u00f3tico que projecta uma imagem de Lisboa em movimento num espelho c\u00f4ncavo.  <\/p>\n\n<p>O <strong>Pal\u00e1cio Nacional d&#8217;Ajuda<\/strong>, resid\u00eancia dos \u00faltimos monarcas portugueses antes da proclama\u00e7\u00e3o da Rep\u00fablica em 1910, merece uma visita pelos seus sumptuosos sal\u00f5es, pelo jardim de inverno florido e pelo surpreendente sal\u00e3o inteiramente revestido a m\u00e1rmore.<\/p>\n\n<figure class=\"wp-block-image size-large\"><img decoding=\"async\" src=\"https:\/\/photos.smugmug.com\/Portugal\/Lisboa\/Palais-National-Ajuda\/i-jNDcrWH\/0\/MpCM9WddV7k8nFHHgGn3QgPKn2z2VsNCjzb7XVKvk\/L\/lisbonne-palais-national-salon-bleu-L.jpg\" alt=\"Lisboa - Pal&#xE1;cio Nacional da Ajuda\"\/><\/figure>\n\n<ul class=\"wp-block-list\">\n<li><strong>Castelo de S\u00e3o Jorge<\/strong> &#8211; Autocarro 37 ou El\u00e9trico 28. Aberto todos os dias no inverno. <a href=\"https:\/\/www.getyourguide.pt\/lisbonne-l42\/lisbonne-entree-au-chateau-de-saint-georges-et-visite-audioguidee-t424720\/?partner_id=R3GYW4V&amp;cmp=portugal\" target=\"_blank\" rel=\"noreferrer noopener sponsored nofollow\">Reserve j\u00e1 o seu bilhete<\/a>.<\/li>\n\n\n\n<li><strong>Pal\u00e1cio Nacional da Ajuda<\/strong> &#8211; Autocarros 760, 742, 771, 729. Aberto todos os dias, exceto \u00e0 quarta-feira. <a href=\"https:\/\/www.getyourguide.pt\/lisbonne-l42\/lisbonne-billet-electronique-pour-le-palais-national-d-ajuda-t513694\/?partner_id=R3GYW4V&amp;cmp=portugal\" target=\"_blank\" rel=\"noreferrer noopener sponsored nofollow\">Reserve j\u00e1 o seu bilhete<\/a>.<\/li>\n\n\n\n<li>O <a href=\"https:\/\/www.getyourguide.pt\/lisbonne-l42\/lisbonne-carte-de-reduction-valable-24-48-ou-72-heures-t225711\/?partner_id=R3GYW4V&amp;cmp=portugal\" target=\"_blank\" rel=\"noreferrer noopener sponsored nofollow\">Lisboa Card<\/a> d\u00e1-lhe acesso aos transportes p\u00fablicos e a muitos museus<\/li>\n<\/ul>\n\n<div style=\"background-color:#fefefe;margin-top:6%;margin-bottom:6%\" class=\"wp-block-genesis-blocks-gb-container box gb-block-container\"><div class=\"gb-container-inside\"><div class=\"gb-container-content\" style=\"max-width:700px\">\n<div class=\"wp-block-columns inverse is-layout-flex wp-container-core-columns-is-layout-9d6595d7 wp-block-columns-is-layout-flex\">\n<div class=\"wp-block-column texte_planif is-layout-flow wp-block-column-is-layout-flow\" style=\"flex-basis:58%\">\n          \n\n          <h5 class=\"titre_box\">UM PUORO MAIS DE <span class=\"titre_box_manuscrit\">paci\u00eancia<\/span><\/h5>\n          \n\n        \n\n\n\n<p style=\"font-size:14px\">Todas as fotografias, mapas, informa\u00e7\u00f5es e endere\u00e7os \u00fateis que precisa para aproveitar ao m\u00e1ximo <strong>a sua estadia em Portugal<\/strong> estar\u00e3o <strong>em breve<\/strong> dispon\u00edveis num \u00fanico ebook!<\/p>\n\n\n\n<p style=\"font-size:14px\">Se quiser ser informado quando o nosso <strong>guia de Portugal<\/strong> for publicado, registe-se:<\/p>\n\n\n<script>\nvar gform;gform||(document.addEventListener(\"gform_main_scripts_loaded\",function(){gform.scriptsLoaded=!0}),document.addEventListener(\"gform\/theme\/scripts_loaded\",function(){gform.themeScriptsLoaded=!0}),window.addEventListener(\"DOMContentLoaded\",function(){gform.domLoaded=!0}),gform={domLoaded:!1,scriptsLoaded:!1,themeScriptsLoaded:!1,isFormEditor:()=>\"function\"==typeof InitializeEditor,callIfLoaded:function(o){return!(!gform.domLoaded||!gform.scriptsLoaded||!gform.themeScriptsLoaded&&!gform.isFormEditor()||(gform.isFormEditor()&&console.warn(\"The use of gform.initializeOnLoaded() is deprecated in the form editor context and will be removed in Gravity Forms 3.1.\"),o(),0))},initializeOnLoaded:function(o){gform.callIfLoaded(o)||(document.addEventListener(\"gform_main_scripts_loaded\",()=>{gform.scriptsLoaded=!0,gform.callIfLoaded(o)}),document.addEventListener(\"gform\/theme\/scripts_loaded\",()=>{gform.themeScriptsLoaded=!0,gform.callIfLoaded(o)}),window.addEventListener(\"DOMContentLoaded\",()=>{gform.domLoaded=!0,gform.callIfLoaded(o)}))},hooks:{action:{},filter:{}},addAction:function(o,r,e,t){gform.addHook(\"action\",o,r,e,t)},addFilter:function(o,r,e,t){gform.addHook(\"filter\",o,r,e,t)},doAction:function(o){gform.doHook(\"action\",o,arguments)},applyFilters:function(o){return gform.doHook(\"filter\",o,arguments)},removeAction:function(o,r){gform.removeHook(\"action\",o,r)},removeFilter:function(o,r,e){gform.removeHook(\"filter\",o,r,e)},addHook:function(o,r,e,t,n){null==gform.hooks[o][r]&&(gform.hooks[o][r]=[]);var d=gform.hooks[o][r];null==n&&(n=r+\"_\"+d.length),gform.hooks[o][r].push({tag:n,callable:e,priority:t=null==t?10:t})},doHook:function(r,o,e){var t;if(e=Array.prototype.slice.call(e,1),null!=gform.hooks[r][o]&&((o=gform.hooks[r][o]).sort(function(o,r){return o.priority-r.priority}),o.forEach(function(o){\"function\"!=typeof(t=o.callable)&&(t=window[t]),\"action\"==r?t.apply(null,e):e[0]=t.apply(null,e)})),\"filter\"==r)return e[0]},removeHook:function(o,r,t,n){var e;null!=gform.hooks[o][r]&&(e=(e=gform.hooks[o][r]).filter(function(o,r,e){return!!(null!=n&&n!=o.tag||null!=t&&t!=o.priority)}),gform.hooks[o][r]=e)}});\n<\/script>\n\n                <div class='gf_browser_gecko gform_wrapper gform-theme gform-theme--foundation gform-theme--framework gform-theme--orbital' data-form-theme='orbital' data-form-index='0' id='gform_wrapper_2' ><style>#gform_wrapper_2[data-form-index=\"0\"].gform-theme,[data-parent-form=\"2_0\"]{--gf-color-primary: #204ce5;--gf-color-primary-rgb: 32, 76, 229;--gf-color-primary-contrast: #fff;--gf-color-primary-contrast-rgb: 255, 255, 255;--gf-color-primary-darker: #001AB3;--gf-color-primary-lighter: #527EFF;--gf-color-secondary: #fff;--gf-color-secondary-rgb: 255, 255, 255;--gf-color-secondary-contrast: #112337;--gf-color-secondary-contrast-rgb: 17, 35, 55;--gf-color-secondary-darker: #F5F5F5;--gf-color-secondary-lighter: #FFFFFF;--gf-color-out-ctrl-light: rgba(17, 35, 55, 0.1);--gf-color-out-ctrl-light-rgb: 17, 35, 55;--gf-color-out-ctrl-light-darker: rgba(104, 110, 119, 0.35);--gf-color-out-ctrl-light-lighter: #F5F5F5;--gf-color-out-ctrl-dark: #585e6a;--gf-color-out-ctrl-dark-rgb: 88, 94, 106;--gf-color-out-ctrl-dark-darker: #112337;--gf-color-out-ctrl-dark-lighter: rgba(17, 35, 55, 0.65);--gf-color-in-ctrl: #fff;--gf-color-in-ctrl-rgb: 255, 255, 255;--gf-color-in-ctrl-contrast: #112337;--gf-color-in-ctrl-contrast-rgb: 17, 35, 55;--gf-color-in-ctrl-darker: #F5F5F5;--gf-color-in-ctrl-lighter: #FFFFFF;--gf-color-in-ctrl-primary: #204ce5;--gf-color-in-ctrl-primary-rgb: 32, 76, 229;--gf-color-in-ctrl-primary-contrast: #fff;--gf-color-in-ctrl-primary-contrast-rgb: 255, 255, 255;--gf-color-in-ctrl-primary-darker: #001AB3;--gf-color-in-ctrl-primary-lighter: #527EFF;--gf-color-in-ctrl-light: rgba(17, 35, 55, 0.1);--gf-color-in-ctrl-light-rgb: 17, 35, 55;--gf-color-in-ctrl-light-darker: rgba(104, 110, 119, 0.35);--gf-color-in-ctrl-light-lighter: #F5F5F5;--gf-color-in-ctrl-dark: #585e6a;--gf-color-in-ctrl-dark-rgb: 88, 94, 106;--gf-color-in-ctrl-dark-darker: #112337;--gf-color-in-ctrl-dark-lighter: rgba(17, 35, 55, 0.65);--gf-radius: 3px;--gf-font-size-secondary: 14px;--gf-font-size-tertiary: 13px;--gf-icon-ctrl-number: url(\"data:image\/svg+xml,%3Csvg width='8' height='14' viewBox='0 0 8 14' fill='none' xmlns='http:\/\/www.w3.org\/2000\/svg'%3E%3Cpath fill-rule='evenodd' clip-rule='evenodd' d='M4 0C4.26522 5.96046e-08 4.51957 0.105357 4.70711 0.292893L7.70711 3.29289C8.09763 3.68342 8.09763 4.31658 7.70711 4.70711C7.31658 5.09763 6.68342 5.09763 6.29289 4.70711L4 2.41421L1.70711 4.70711C1.31658 5.09763 0.683417 5.09763 0.292893 4.70711C-0.0976311 4.31658 -0.097631 3.68342 0.292893 3.29289L3.29289 0.292893C3.48043 0.105357 3.73478 0 4 0ZM0.292893 9.29289C0.683417 8.90237 1.31658 8.90237 1.70711 9.29289L4 11.5858L6.29289 9.29289C6.68342 8.90237 7.31658 8.90237 7.70711 9.29289C8.09763 9.68342 8.09763 10.3166 7.70711 10.7071L4.70711 13.7071C4.31658 14.0976 3.68342 14.0976 3.29289 13.7071L0.292893 10.7071C-0.0976311 10.3166 -0.0976311 9.68342 0.292893 9.29289Z' fill='rgba(17, 35, 55, 0.65)'\/%3E%3C\/svg%3E\");--gf-icon-ctrl-select: url(\"data:image\/svg+xml,%3Csvg width='10' height='6' viewBox='0 0 10 6' fill='none' xmlns='http:\/\/www.w3.org\/2000\/svg'%3E%3Cpath fill-rule='evenodd' clip-rule='evenodd' d='M0.292893 0.292893C0.683417 -0.097631 1.31658 -0.097631 1.70711 0.292893L5 3.58579L8.29289 0.292893C8.68342 -0.0976311 9.31658 -0.0976311 9.70711 0.292893C10.0976 0.683417 10.0976 1.31658 9.70711 1.70711L5.70711 5.70711C5.31658 6.09763 4.68342 6.09763 4.29289 5.70711L0.292893 1.70711C-0.0976311 1.31658 -0.0976311 0.683418 0.292893 0.292893Z' fill='rgba(17, 35, 55, 0.65)'\/%3E%3C\/svg%3E\");--gf-icon-ctrl-search: url(\"data:image\/svg+xml,%3Csvg width='640' height='640' xmlns='http:\/\/www.w3.org\/2000\/svg'%3E%3Cpath d='M256 128c-70.692 0-128 57.308-128 128 0 70.691 57.308 128 128 128 70.691 0 128-57.309 128-128 0-70.692-57.309-128-128-128zM64 256c0-106.039 85.961-192 192-192s192 85.961 192 192c0 41.466-13.146 79.863-35.498 111.248l154.125 154.125c12.496 12.496 12.496 32.758 0 45.254s-32.758 12.496-45.254 0L367.248 412.502C335.862 434.854 297.467 448 256 448c-106.039 0-192-85.962-192-192z' fill='rgba(17, 35, 55, 0.65)'\/%3E%3C\/svg%3E\");--gf-label-space-y-secondary: var(--gf-label-space-y-md-secondary);--gf-ctrl-border-color: #686e77;--gf-ctrl-size: var(--gf-ctrl-size-md);--gf-ctrl-label-color-primary: #112337;--gf-ctrl-label-color-secondary: #112337;--gf-ctrl-choice-size: var(--gf-ctrl-choice-size-md);--gf-ctrl-checkbox-check-size: var(--gf-ctrl-checkbox-check-size-md);--gf-ctrl-radio-check-size: var(--gf-ctrl-radio-check-size-md);--gf-ctrl-btn-font-size: var(--gf-ctrl-btn-font-size-md);--gf-ctrl-btn-padding-x: var(--gf-ctrl-btn-padding-x-md);--gf-ctrl-btn-size: var(--gf-ctrl-btn-size-md);--gf-ctrl-btn-border-color-secondary: #686e77;--gf-ctrl-file-btn-bg-color-hover: #EBEBEB;--gf-field-img-choice-size: var(--gf-field-img-choice-size-md);--gf-field-img-choice-card-space: var(--gf-field-img-choice-card-space-md);--gf-field-img-choice-check-ind-size: var(--gf-field-img-choice-check-ind-size-md);--gf-field-img-choice-check-ind-icon-size: var(--gf-field-img-choice-check-ind-icon-size-md);--gf-field-pg-steps-number-color: rgba(17, 35, 55, 0.8);}<\/style><form method='post' enctype='multipart\/form-data'  id='gform_2'  action='\/pt-pt\/wp-json\/wp\/v2\/posts\/6047' data-formid='2' novalidate> \r\n <input type='hidden' class='gforms-pum' value='{\"closepopup\":false,\"closedelay\":0,\"openpopup\":false,\"openpopup_id\":0}' \/>\n                        <div class='gform-body gform_body'><div id='gform_fields_2' class='gform_fields top_label form_sublabel_below description_below validation_below'><div id=\"field_2_3\" class=\"gfield gfield--type-website gfield--input-type-website field_sublabel_below gfield--no-description field_description_below field_validation_below gfield_visibility_hidden\"  ><div class=\"admin-hidden-markup\"><i class=\"gform-icon gform-icon--hidden\" aria-hidden=\"true\" title=\"Este campo est\u00e1 escondido ao visualizar o formul\u00e1rio\"><\/i><span>Este campo est\u00e1 escondido ao visualizar o formul\u00e1rio<\/span><\/div><label class='gfield_label gform-field-label' for='input_2_3'>S\u00edtio Web<\/label><div class='ginput_container ginput_container_website'>\n                    <input name='input_3' id='input_2_3' type='url' value='https:\/\/portugallovers.com\/pt-pt\/wp-json\/wp\/v2\/posts\/6047' class='large'    placeholder='https:\/\/'  aria-invalid=\"false\" \/>\n                <\/div><\/div><div id=\"field_2_6\" class=\"gfield gfield--type-email gfield--input-type-email gfield--width-full field_sublabel_below gfield--no-description field_description_below hidden_label field_validation_below gfield_visibility_visible\"  ><label class='gfield_label gform-field-label' for='input_2_6'>correio eletr\u00f3nico<\/label><div class='ginput_container ginput_container_email'>\n                            <input name='input_6' id='input_2_6' type='email' value='' class='large'     aria-invalid=\"false\"  \/>\n                        <\/div><\/div><fieldset id=\"field_2_5\" class=\"gfield gfield--type-checkbox gfield--type-choice gfield--input-type-checkbox gfield--width-full field_sublabel_below gfield--no-description field_description_below hidden_label field_validation_below gfield_visibility_visible\"  ><legend class='gfield_label gform-field-label gfield_label_before_complex' >Aprova\u00e7\u00e3o<\/legend><div class='ginput_container ginput_container_checkbox'><div class='gfield_checkbox ' id='input_2_5'><div class='gchoice gchoice_2_5_1'>\n\t\t\t\t\t\t\t\t<input class='gfield-choice-input' name='input_5.1' type='checkbox'  value='Aceito receber uma mensagem de correio eletr\u00f3nico quando o guia for publicado'  id='choice_2_5_1'   \/>\n\t\t\t\t\t\t\t\t<label for='choice_2_5_1' id='label_2_5_1' class='gform-field-label gform-field-label--type-inline'>Aceito receber uma mensagem de correio eletr\u00f3nico quando o guia for publicado<\/label>\n\t\t\t\t\t\t\t<\/div><\/div><\/div><\/fieldset><\/div><\/div>\n        <div class='gform-footer gform_footer top_label'> <input type='submit' id='gform_submit_button_2' class='gform_button button' onclick='gform.submission.handleButtonClick(this);' data-submission-type='submit' value='Submeter'  \/> \n            <input type='hidden' class='gform_hidden' name='gform_submission_method' data-js='gform_submission_method_2' value='postback' \/>\n            <input type='hidden' class='gform_hidden' name='gform_theme' data-js='gform_theme_2' id='gform_theme_2' value='orbital' \/>\n            <input type='hidden' class='gform_hidden' name='gform_style_settings' data-js='gform_style_settings_2' id='gform_style_settings_2' value='{&quot;inputPrimaryColor&quot;:&quot;#204ce5&quot;}' \/>\n            <input type='hidden' class='gform_hidden' name='is_submit_2' value='1' \/>\n            <input type='hidden' class='gform_hidden' name='gform_submit' value='2' \/>\n            \n            <input type='hidden' class='gform_hidden' name='gform_currency' data-currency='EUR' value='bt9GZKpfnBp9KcC+1AUrQ\/hb8IUcfeAZRbTdwJqZNPqdtIBK6nBzCAuOsOzUJVn\/8scMgFW3\/we185u4HC6G\/xGMji\/gN51a0Vjbrgy+i1S4S2E=' \/>\n            <input type='hidden' class='gform_hidden' name='gform_unique_id' value='' \/>\n            <input type='hidden' class='gform_hidden' name='state_2' value='WyJ7XCI1LjFcIjpcIjIxNWI5Y2E0Njg1ZjZlNmE3OTg5ZTM4ZjhkZjhiYTZkXCJ9IiwiMGJlMjc3MDExMjBhY2M3NjNiM2UzMzg1NGEzODc1N2QiXQ==' \/>\n            <input type='hidden' autocomplete='off' class='gform_hidden' name='gform_target_page_number_2' id='gform_target_page_number_2' value='0' \/>\n            <input type='hidden' autocomplete='off' class='gform_hidden' name='gform_source_page_number_2' id='gform_source_page_number_2' value='1' \/>\n            <input type='hidden' name='gform_field_values' value='' \/>\n            \n        <\/div>\n                        <\/form>\n                        <\/div><script>\ngform.initializeOnLoaded( function() {gformInitSpinner( 2, 'https:\/\/portugallovers.com\/wp-content\/plugins\/gravityforms\/images\/spinner.svg', false );jQuery('#gform_ajax_frame_2').on('load',function(){var contents = jQuery(this).contents().find('*').html();var is_postback = contents.indexOf('GF_AJAX_POSTBACK') >= 0;if(!is_postback){return;}var form_content = jQuery(this).contents().find('#gform_wrapper_2');var is_confirmation = jQuery(this).contents().find('#gform_confirmation_wrapper_2').length > 0;var is_redirect = contents.indexOf('gformRedirect(){') >= 0;var is_form = form_content.length > 0 && ! is_redirect && ! is_confirmation;var mt = parseInt(jQuery('html').css('margin-top'), 10) + parseInt(jQuery('body').css('margin-top'), 10) + 100;if(is_form){jQuery('#gform_wrapper_2').html(form_content.html());if(form_content.hasClass('gform_validation_error')){jQuery('#gform_wrapper_2').addClass('gform_validation_error');} else {jQuery('#gform_wrapper_2').removeClass('gform_validation_error');}setTimeout( function() { \/* delay the scroll by 50 milliseconds to fix a bug in chrome *\/  }, 50 );if(window['gformInitDatepicker']) {gformInitDatepicker();}if(window['gformInitPriceFields']) {gformInitPriceFields();}var current_page = jQuery('#gform_source_page_number_2').val();gformInitSpinner( 2, 'https:\/\/portugallovers.com\/wp-content\/plugins\/gravityforms\/images\/spinner.svg', false );jQuery(document).trigger('gform_page_loaded', [2, current_page]);window['gf_submitting_2'] = false;}else if(!is_redirect){var confirmation_content = jQuery(this).contents().find('.GF_AJAX_POSTBACK').html();if(!confirmation_content){confirmation_content = contents;}jQuery('#gform_wrapper_2').replaceWith(confirmation_content);jQuery(document).trigger('gform_confirmation_loaded', [2]);window['gf_submitting_2'] = false;wp.a11y.speak(jQuery('#gform_confirmation_message_2').text());}else{jQuery('#gform_2').append(contents);if(window['gformRedirect']) {gformRedirect();}}jQuery(document).trigger(\"gform_pre_post_render\", [{ formId: \"2\", currentPage: \"current_page\", abort: function() { this.preventDefault(); } }]);        if (event && event.defaultPrevented) {                return;        }        const gformWrapperDiv = document.getElementById( \"gform_wrapper_2\" );        if ( gformWrapperDiv ) {            const visibilitySpan = document.createElement( \"span\" );            visibilitySpan.id = \"gform_visibility_test_2\";            gformWrapperDiv.insertAdjacentElement( \"afterend\", visibilitySpan );        }        const visibilityTestDiv = document.getElementById( \"gform_visibility_test_2\" );        let postRenderFired = false;        function triggerPostRender() {            if ( postRenderFired ) {                return;            }            postRenderFired = true;            gform.core.triggerPostRenderEvents( 2, current_page );            if ( visibilityTestDiv ) {                visibilityTestDiv.parentNode.removeChild( visibilityTestDiv );            }        }        function debounce( func, wait, immediate ) {            var timeout;            return function() {                var context = this, args = arguments;                var later = function() {                    timeout = null;                    if ( !immediate ) func.apply( context, args );                };                var callNow = immediate && !timeout;                clearTimeout( timeout );                timeout = setTimeout( later, wait );                if ( callNow ) func.apply( context, args );            };        }        const debouncedTriggerPostRender = debounce( function() {            triggerPostRender();        }, 200 );        if ( visibilityTestDiv && visibilityTestDiv.offsetParent === null ) {            const observer = new MutationObserver( ( mutations ) => {                mutations.forEach( ( mutation ) => {                    if ( mutation.type === 'attributes' && visibilityTestDiv.offsetParent !== null ) {                        debouncedTriggerPostRender();                        observer.disconnect();                    }                });            });            observer.observe( document.body, {                attributes: true,                childList: false,                subtree: true,                attributeFilter: [ 'style', 'class' ],            });        } else {            triggerPostRender();        }    } );} );\n<\/script>\n<\/div>\n\n\n\n<div class=\"wp-block-column is-layout-flow wp-block-column-is-layout-flow\" style=\"flex-basis:42%\">\n<div class=\"wp-block-genesis-blocks-gb-container ebook-radius-waitlist gb-block-container\"><div class=\"gb-container-inside\"><div class=\"gb-container-content\"><div class=\"wp-block-image ebook-image\">\n<figure class=\"aligncenter size-large\"><img decoding=\"async\" src=\"https:\/\/loirelovers.fr\/wp-content\/uploads\/2023\/03\/ebooks_CorseNormandie_FR.png\" alt=\"Caixa Ebook C&#xF3;rsega FR\"\/><\/figure>\n<\/div><\/div><\/div><\/div>\n<\/div>\n<\/div>\n<\/div><\/div><\/div>\n\n<h3 class=\"wp-block-heading\">Igrejas, conventos e catedrais<\/h3>\n\n<figure class=\"wp-block-image size-large\"><img decoding=\"async\" src=\"https:\/\/photos.smugmug.com\/Portugal\/Lisboa\/Carmo-Convent\/i-twBBcD4\/1\/KFcxhfjGxnzx7SDSQwbXHWbP32vRFmdfP8VsWLtkK\/L\/Carmo_Convent_Lisbon_Portugal_IMG_7441-L.jpg\" alt=\"Lisboa - Igrejas, conventos e catedrais\"\/><\/figure>\n\n<p>O patrim\u00f3nio religioso de Lisboa \u00e9 not\u00e1vel e particularmente acess\u00edvel no inverno. O <strong>Convento dos Carmelitas<\/strong>, fundado no s\u00e9culo XIV e gravemente danificado pelo terramoto de 1755, conserva uma nave ao ar livre de singular beleza. Fic\u00e1mos tocados pela atmosfera destas ru\u00ednas, cujos arcos e colunas de pedra testemunham uma hist\u00f3ria tumultuosa. No interior, um museu arqueol\u00f3gico exp\u00f5e objectos do Paleol\u00edtico, do Neol\u00edtico e m\u00famias pr\u00e9-colombianas. Uma cole\u00e7\u00e3o inesperada, para dizer o m\u00ednimo.<\/p>\n\n<ul class=\"wp-block-list\">\n<li><strong>Convento das Carmelitas<\/strong> &#8211; a 300m das esta\u00e7\u00f5es de metro do Rossio e Baixa-Chiado. Aberto todos os dias, exceto ao domingo, das 10h00 \u00e0s 18h00 (Nov.-Abr.). Visite o s\u00edtio Web oficial para obter mais informa\u00e7\u00f5es <a href=\"https:\/\/www.museuarqueologicodocarmo.pt\/info_en.html\" target=\"_blank\" rel=\"noreferrer noopener nofollow\">.<\/a><\/li>\n<\/ul>\n\n<figure class=\"wp-block-image size-large\"><img decoding=\"async\" src=\"https:\/\/photos.smugmug.com\/Portugal\/Lisboa\/Se-Cathedral\/i-Sc83cR4\/0\/KcWcMmDDPFGTwGPFgn7XWZ347NThsV3Dc5ZLLmBVv\/L\/lisbonne-cathedrale-da-se-facade-ensoleillee-L.jpg\" alt=\"Lisboa - S&#xE9; Catedral\"\/><\/figure>\n\n<p>A <strong>Catedral da S\u00e9<\/strong> \u00e9 uma das igrejas mais antigas da cidade. Constru\u00edda no s\u00e9culo XII, a sua arquitetura mistura os estilos rom\u00e2nico, g\u00f3tico e barroco. Apreci\u00e1mos os ret\u00e1bulos de talha dourada, os elaborados bancos do coro e as escava\u00e7\u00f5es arqueol\u00f3gicas numa parte do edif\u00edcio. Outras igrejas tamb\u00e9m merecem uma visita: o Mosteiro de S\u00e3o Vicente, a Bas\u00edlica da Estrela e a Igreja de S\u00e3o Roque, cujo interior \u00e9 ricamente decorado.<\/p>\n\n<ul class=\"wp-block-list\">\n<li><strong>Cath\u00e9drale da S\u00e9<\/strong> &#8211; El\u00e9trico 28, paragem em frente \u00e0 catedral. Aberto todos os dias das 10h \u00e0s 17h. <a href=\"https:\/\/www.tiqets.com\/pt\/activites-attractions-lisbonne-c76528\/billets-pour-cathedrale-de-lisbonne-se-de-lisboa-billet-d-entree-p1028502\/?partner=region_lovers&amp;tq_campaign=portugal\" target=\"_blank\" rel=\"noreferrer noopener sponsored nofollow\">Reserve os seus bilhetes com anteced\u00eancia<\/a>.<\/li>\n<\/ul>\n\n<h3 class=\"wp-block-heading\">Bairros hist\u00f3ricos para explorar<\/h3>\n\n<figure class=\"wp-block-image size-large\"><img decoding=\"async\" src=\"https:\/\/photos.smugmug.com\/Portugal\/Lisboa\/Town\/i-SLCnMJs\/0\/LL4mwCThW9CmNT4TGgbChCCg6n4VSf8KJQQhcQcXw\/L\/lisbonne-alfama-fete-de-lisbonne-nuit-L.jpg\" alt=\"Lisboa - Bairros hist&#xF3;ricos a explorar\"\/><\/figure>\n\n<p>A melhor maneira de descobrir Lisboa \u00e9 a p\u00e9, aventurando-se pelos seus bairros contrastantes. <strong>O Chiado<\/strong> e <strong>o Bairro Alto<\/strong> s\u00e3o duas zonas particularmente animadas, mesmo no inverno. Fic\u00e1mos cativados pelo ambiente das pra\u00e7as e das ruelas, onde se encontram os habitantes locais e os viajantes. H\u00e1 m\u00fasicos de rua, bonitas pra\u00e7as sombreadas &#8211; no ver\u00e3o por jacarand\u00e1s roxos &#8211; edif\u00edcios cobertos de azulejos coloridos e muitas lojas. Alguns dos caf\u00e9s s\u00e3o hist\u00f3ricos, tendo sido palco de algumas das maiores figuras da literatura portuguesa, incluindo o poeta Fernando Pessoa. O Bairro Alto tamb\u00e9m ganha vida \u00e0 noite, com uma vida nocturna vibrante.<\/p>\n\n<figure class=\"wp-block-image size-large\"><img decoding=\"async\" src=\"https:\/\/photos.smugmug.com\/Portugal\/Lisboa\/Museu-do-Fado\/i-cq3B4p3\/0\/KNpHzxXn9HNLNmfQcqqPc9MPDn4Dgf8zLs7znxnj3\/L\/lisbonne-museu-fado-facade-L.jpg\" alt=\"Lisboa - Museu do Fado\"\/><\/figure>\n\n<p><strong>Alfama<\/strong> \u00e9 um dos bairros mais antigos da capital, cujas ruas estreitas e escadarias \u00edngremes conservam um car\u00e1cter muito aut\u00eantico. Fomos seduzidos pelo ambiente animado e pela presen\u00e7a do fado, a m\u00fasica tradicional portuguesa classificada como patrim\u00f3nio imaterial pela UNESCO. No sop\u00e9 do Largo do Chafariz de Dentro, encontra um museu dedicado a esta m\u00fasica. Nos pequenos restaurantes do bairro, pode saborear sardinhas grelhadas, uma especialidade local. Em Alfama, encontra tamb\u00e9m a S\u00e9 Catedral e o Castelo de S\u00e3o Jorge. Recomendamos que assista a <a href=\"https:\/\/www.getyourguide.pt\/lisbonne-l42\/lisboa-em-fado-spectacles-quotidiens-de-fado-en-soiree-dans-le-chiado-de-baixa-t450869\/?partner_id=R3GYW4V&amp;cmp=portugal\" target=\"_blank\" rel=\"noreferrer noopener sponsored nofollow\">um espet\u00e1culo de fado<\/a> \u00e0 noite.<\/p>\n\n<h3 class=\"wp-block-heading\">Museus e cultura<\/h3>\n\n<figure class=\"wp-block-image size-large\"><img decoding=\"async\" src=\"https:\/\/photos.smugmug.com\/Portugal\/Lisboa\/Mus&#xE9;e-du-carrelage-Museu-Azulejo\/i-zvtknDf\/0\/LvzS2sVnbhvcKqqF6tvBJFzPrBVJZH2fT2mP4Bk99\/L\/lisbonne-musee-azulejo-chapelle-L.jpg\" alt=\"Lisboa - Museus e cultura\"\/><\/figure>\n\n<p>A oferta cultural de Lisboa \u00e9 particularmente rica e constitui um dos principais trunfos de umas f\u00e9rias de inverno. O <strong>Museu Nacional do Azulejo<\/strong> est\u00e1 instalado num belo mosteiro a leste da cidade. Aqui admiramos uma cole\u00e7\u00e3o \u00fanica de azulejos, os azulejos pintados que adornam as fachadas de todo o pa\u00eds. Pe\u00e7as excepcionais tra\u00e7am a hist\u00f3ria do pa\u00eds desde o s\u00e9culo XV at\u00e9 ao s\u00e9culo XX. Fic\u00e1mos cativados pela capela dourada, com os seus frescos brancos e azuis, e pelo imenso panorama de Lisboa no \u00faltimo andar.<\/p>\n\n<figure class=\"wp-block-image size-large\"><img decoding=\"async\" src=\"https:\/\/photos.smugmug.com\/Portugal\/Lisboa\/Museu-de-Arte-Contemporanea-MACCCB\/i-KW9Qcv4\/0\/LhQrMzFn2RN5BRSX3CXxdb2QFvhZ8Dx7zspVxPLwg\/L\/lisbonne-museu-arte-contempoanea-L.jpg\" alt=\"Lisboa - MAC\/CCB Museu de Arte Contempor&#xE2;nea\"\/><\/figure>\n\n<p>No norte da cidade, o <strong>Museu Calouste-Gulbenkian<\/strong> alberga mais de 6000 obras de arte, desde a Antiguidade at\u00e9 ao in\u00edcio do s\u00e9culo XX. Fic\u00e1mos fascinados com a variedade das colec\u00e7\u00f5es: quadros de Rembrandt e de Velasquez convivem com uma s\u00e9rie excecional de j\u00f3ias art d\u00e9co e de objectos de vidro de Ren\u00e9 Lalique, incluindo o famoso pendente Dragonfly. O museu, que \u00e9 agrad\u00e1vel de visitar pela sua arquitetura pura, est\u00e1 rodeado por um jardim paisag\u00edstico. Outros museus que merece visitar s\u00e3o o Museu do Fado em Alfama, o Museu de Arte Antiga, a Fondation d&#8217;Orient e o Museu de Arte Contempor\u00e2nea (MAC\/CCB) em Bel\u00e9m.<\/p>\n\n<ul class=\"wp-block-list\">\n<li><strong>Museu do Azulejo<\/strong> &#8211; Autocarro 742, 203, 210, 718, 759. Aberto todos os dias, exceto \u00e0 segunda-feira, das 10 \u00e0s 18 horas. Para mais informa\u00e7\u00f5es, visite o s\u00edtio Web oficial<a href=\"https:\/\/www.visitlisboa.com\/fr\/des-entroits\/musee-national-de-lazulejo\" target=\"_blank\" rel=\"noreferrer noopener nofollow\"> aqui.<\/a><\/li>\n\n\n\n<li><strong>Museu Calouste-Gulbenkian<\/strong> &#8211; Metro S\u00e3o Sebasti\u00e3o ou Pra\u00e7a de Espanha. Aberto todos os dias, exceto \u00e0s ter\u00e7as-feiras, das 10 \u00e0s 18 horas. Para mais informa\u00e7\u00f5es, visite o s\u00edtio Web oficial <a href=\"https:\/\/gulbenkian.pt\/museu\/en\" target=\"_blank\" rel=\"noreferrer noopener nofollow\">aqui.<\/a><\/li>\n\n\n\n<li>O <a href=\"https:\/\/www.getyourguide.pt\/lisbonne-l42\/lisbonne-carte-de-reduction-valable-24-48-ou-72-heures-t225711\/?partner_id=R3GYW4V&amp;cmp=portugal\" target=\"_blank\" rel=\"noreferrer noopener sponsored nofollow\">Lisboa Card<\/a> d\u00e1-lhe acesso aos transportes p\u00fablicos e a muitos museus<\/li>\n<\/ul>\n\n<figure class=\"wp-block-image size-large\"><img decoding=\"async\" src=\"https:\/\/photos.smugmug.com\/Portugal\/Lisboa\/Mus&#xE9;e-Calouste-Gulbenkian\/i-dPgn5Pm\/0\/Nbb8zmRgmCJQxXMsB4swjMLQB5mVbDXsb6LWpv4CV\/L\/lisbonne-musee-gulbenkian-entree-L.jpg\" alt=\"Lisboa - Museu Calouste-Gulbenkian\"\/><\/figure>\n\n<h3 class=\"wp-block-heading\">Gastronomia: past\u00e9is de nata, workshops de culin\u00e1ria e refei\u00e7\u00f5es requintadas<\/h3>\n\n<p>Em Lisboa, divertimo-nos imenso. A cidade oferece-lhe uma oferta gastron\u00f3mica baseada na cozinha portuguesa, rica em produtos do mar e da terra. O famoso <em>bacalhau<\/em>, bacalhau ou bacalhau consoante a prepara\u00e7\u00e3o, \u00e9 um prato obrigat\u00f3rio, assim como o polvo grelhado, o leit\u00e3o e as sardinhas. Os amantes do vinho tamb\u00e9m ficar\u00e3o encantados. Os estabelecimentos da capital re\u00fanem os melhores vinhos das regi\u00f5es do Douro e do Alentejo.<\/p>\n\n<p>Entre as especialidades a n\u00e3o perder est\u00e3o os <strong>past\u00e9is de nata<\/strong>. Estes past\u00e9is de nata s\u00e3o uma institui\u00e7\u00e3o portuguesa. A <em>Pastelaria de Bel\u00e9m<\/em> \u00e9 a mais famosa. Diz-se que a receita secreta prov\u00e9m dos monges do mosteiro hieronimita vizinho. Mas tamb\u00e9m gost\u00e1mos das do<strong>Alc\u00f4a<\/strong> (Rua Ivens) e da <strong>Confeitaria Nacional<\/strong> (Pra\u00e7a da Figueira), onde as filas s\u00e3o muito mais razo\u00e1veis. Para descobrir ainda mais a gastronomia local, recomendamos que participe num <a href=\"https:\/\/www.getyourguide.com\/fr-fr\/s\/?q=Lisbonne+pasteis+de+nata&amp;searchSource=3&amp;src=search_bar&amp;partner_id=R3GYW4V&amp;cmp=portugal\" target=\"_blank\" rel=\"noreferrer noopener sponsored nofollow\">workshop de culin\u00e1ria portuguesa<\/a>. \u00c9 uma forma amig\u00e1vel de aprender sobre produtos e t\u00e9cnicas locais, particularmente \u00fatil no inverno.<\/p>\n\n<figure class=\"wp-block-image size-large\"><img decoding=\"async\" src=\"https:\/\/photos.smugmug.com\/Portugal\/Lisboa\/RESTAURANTS\/Pasteria-de-Bel&#xE9;m\/i-FDvpMWP\/0\/KrBH5Df57tptLBmDTjJBXWpsGzGx3cxsDTqF2SdS8\/L\/lisbonne-pasteis-belem-L.jpg\" alt=\"Lisboa - Gastronomia past&#xE9;is de nata workshops de culin&#xE1;ria e fine dining\"\/><\/figure>\n\n<p>Para uma experi\u00eancia gastron\u00f3mica mais avan\u00e7ada, <strong>o Restaurante Encanto<\/strong>, um restaurante vegetariano com uma estrela Michelin, deslumbrou as nossas papilas gustativas. O <strong>Restaurante Prado<\/strong> e o seu <em>bar de vinhos<\/em> oferecem pratos t\u00edpicos de tapas portuguesas num ambiente mais descontra\u00eddo. Por fim, o <strong>Restaurante O Frade<\/strong>, em Bel\u00e9m, serve especialidades da regi\u00e3o do Alentejo num ambiente t\u00edpico de bistr\u00f4.<\/p>\n\n<ul class=\"wp-block-list\">\n<li>Os restaurantes abrem geralmente \u00e0s 12h30 ou mesmo \u00e0s 13h00 ao almo\u00e7o e \u00e0s 19h30 \u00e0 noite &#8211; n\u00e3o antes!<\/li>\n\n\n\n<li>Reserve com anteced\u00eancia para endere\u00e7os gastron\u00f3micos<\/li>\n\n\n\n<li>Longas filas na <em>Pastelaria de Bel\u00e9m<\/em>: espere pagar entre 1,50 e 3 euros por past\u00e9is de nata<\/li>\n\n\n\n<li><a href=\"https:\/\/www.getyourguide.com\/fr-fr\/s\/?q=Lisbonne+pasteis+de+nata&amp;searchSource=3&amp;src=search_bar&amp;partner_id=R3GYW4V&amp;cmp=portugal\" target=\"_blank\" rel=\"noreferrer noopener sponsored nofollow\">Participe num workshop de culin\u00e1ria para descobrir receitas locais, como os pasteis de nata.<\/a><\/li>\n<\/ul>\n\n<figure class=\"wp-block-image size-large\"><img decoding=\"async\" src=\"https:\/\/photos.smugmug.com\/Portugal\/Lisboa\/RESTAURANTS\/Restaurant-Encanto\/i-qkzTKcB\/0\/Lc6CsJZZzpkG289kqz7sS9WhDb3CtDhj7fT3F7sRb\/L\/lisbonne-restaurant-encanto-plat-L.jpg\" alt=\"Lisboa - Restaurante Encanto\"\/><figcaption class=\"wp-element-caption\">Uma das entradas verdes do Restaurante Encanto<\/figcaption><\/figure>\n\n<div style=\"background-color:#fefefe;margin-top:6%;margin-bottom:6%\" class=\"wp-block-genesis-blocks-gb-container box gb-block-container\"><div class=\"gb-container-inside\"><div class=\"gb-container-content\" style=\"max-width:700px\">\n<div class=\"wp-block-columns inverse is-layout-flex wp-container-core-columns-is-layout-9d6595d7 wp-block-columns-is-layout-flex\">\n<div class=\"wp-block-column texte_planif is-layout-flow wp-block-column-is-layout-flow\" style=\"flex-basis:58%\">\n<h5 class=\"titre_box\">Receba a nossa <span class=\"titre_box_manuscrit\">newsletter<\/span><\/h5>\n\n\n\n<ul class=\"wp-block-list\">\n<li>Uma lufada de ar fresco na sua vida quotidiana nos belos destinos da Region Lovers!<\/li>\n\n\n\n<li>Uma vez por m\u00eas<\/li>\n\n\n\n<li>Sem publicidade<\/li>\n<\/ul>\n\n\n\n                <div class='gf_browser_gecko gform_wrapper gform-theme gform-theme--foundation gform-theme--framework gform-theme--orbital' data-form-theme='orbital' data-form-index='0' id='gform_wrapper_3' ><style>#gform_wrapper_3[data-form-index=\"0\"].gform-theme,[data-parent-form=\"3_0\"]{--gf-color-primary: #204ce5;--gf-color-primary-rgb: 32, 76, 229;--gf-color-primary-contrast: #fff;--gf-color-primary-contrast-rgb: 255, 255, 255;--gf-color-primary-darker: #001AB3;--gf-color-primary-lighter: #527EFF;--gf-color-secondary: #fff;--gf-color-secondary-rgb: 255, 255, 255;--gf-color-secondary-contrast: #112337;--gf-color-secondary-contrast-rgb: 17, 35, 55;--gf-color-secondary-darker: #F5F5F5;--gf-color-secondary-lighter: #FFFFFF;--gf-color-out-ctrl-light: rgba(17, 35, 55, 0.1);--gf-color-out-ctrl-light-rgb: 17, 35, 55;--gf-color-out-ctrl-light-darker: rgba(104, 110, 119, 0.35);--gf-color-out-ctrl-light-lighter: #F5F5F5;--gf-color-out-ctrl-dark: #585e6a;--gf-color-out-ctrl-dark-rgb: 88, 94, 106;--gf-color-out-ctrl-dark-darker: #112337;--gf-color-out-ctrl-dark-lighter: rgba(17, 35, 55, 0.65);--gf-color-in-ctrl: #fff;--gf-color-in-ctrl-rgb: 255, 255, 255;--gf-color-in-ctrl-contrast: #112337;--gf-color-in-ctrl-contrast-rgb: 17, 35, 55;--gf-color-in-ctrl-darker: #F5F5F5;--gf-color-in-ctrl-lighter: #FFFFFF;--gf-color-in-ctrl-primary: #204ce5;--gf-color-in-ctrl-primary-rgb: 32, 76, 229;--gf-color-in-ctrl-primary-contrast: #fff;--gf-color-in-ctrl-primary-contrast-rgb: 255, 255, 255;--gf-color-in-ctrl-primary-darker: #001AB3;--gf-color-in-ctrl-primary-lighter: #527EFF;--gf-color-in-ctrl-light: rgba(17, 35, 55, 0.1);--gf-color-in-ctrl-light-rgb: 17, 35, 55;--gf-color-in-ctrl-light-darker: rgba(104, 110, 119, 0.35);--gf-color-in-ctrl-light-lighter: #F5F5F5;--gf-color-in-ctrl-dark: #585e6a;--gf-color-in-ctrl-dark-rgb: 88, 94, 106;--gf-color-in-ctrl-dark-darker: #112337;--gf-color-in-ctrl-dark-lighter: rgba(17, 35, 55, 0.65);--gf-radius: 3px;--gf-font-size-secondary: 14px;--gf-font-size-tertiary: 13px;--gf-icon-ctrl-number: url(\"data:image\/svg+xml,%3Csvg width='8' height='14' viewBox='0 0 8 14' fill='none' xmlns='http:\/\/www.w3.org\/2000\/svg'%3E%3Cpath fill-rule='evenodd' clip-rule='evenodd' d='M4 0C4.26522 5.96046e-08 4.51957 0.105357 4.70711 0.292893L7.70711 3.29289C8.09763 3.68342 8.09763 4.31658 7.70711 4.70711C7.31658 5.09763 6.68342 5.09763 6.29289 4.70711L4 2.41421L1.70711 4.70711C1.31658 5.09763 0.683417 5.09763 0.292893 4.70711C-0.0976311 4.31658 -0.097631 3.68342 0.292893 3.29289L3.29289 0.292893C3.48043 0.105357 3.73478 0 4 0ZM0.292893 9.29289C0.683417 8.90237 1.31658 8.90237 1.70711 9.29289L4 11.5858L6.29289 9.29289C6.68342 8.90237 7.31658 8.90237 7.70711 9.29289C8.09763 9.68342 8.09763 10.3166 7.70711 10.7071L4.70711 13.7071C4.31658 14.0976 3.68342 14.0976 3.29289 13.7071L0.292893 10.7071C-0.0976311 10.3166 -0.0976311 9.68342 0.292893 9.29289Z' fill='rgba(17, 35, 55, 0.65)'\/%3E%3C\/svg%3E\");--gf-icon-ctrl-select: url(\"data:image\/svg+xml,%3Csvg width='10' height='6' viewBox='0 0 10 6' fill='none' xmlns='http:\/\/www.w3.org\/2000\/svg'%3E%3Cpath fill-rule='evenodd' clip-rule='evenodd' d='M0.292893 0.292893C0.683417 -0.097631 1.31658 -0.097631 1.70711 0.292893L5 3.58579L8.29289 0.292893C8.68342 -0.0976311 9.31658 -0.0976311 9.70711 0.292893C10.0976 0.683417 10.0976 1.31658 9.70711 1.70711L5.70711 5.70711C5.31658 6.09763 4.68342 6.09763 4.29289 5.70711L0.292893 1.70711C-0.0976311 1.31658 -0.0976311 0.683418 0.292893 0.292893Z' fill='rgba(17, 35, 55, 0.65)'\/%3E%3C\/svg%3E\");--gf-icon-ctrl-search: url(\"data:image\/svg+xml,%3Csvg width='640' height='640' xmlns='http:\/\/www.w3.org\/2000\/svg'%3E%3Cpath d='M256 128c-70.692 0-128 57.308-128 128 0 70.691 57.308 128 128 128 70.691 0 128-57.309 128-128 0-70.692-57.309-128-128-128zM64 256c0-106.039 85.961-192 192-192s192 85.961 192 192c0 41.466-13.146 79.863-35.498 111.248l154.125 154.125c12.496 12.496 12.496 32.758 0 45.254s-32.758 12.496-45.254 0L367.248 412.502C335.862 434.854 297.467 448 256 448c-106.039 0-192-85.962-192-192z' fill='rgba(17, 35, 55, 0.65)'\/%3E%3C\/svg%3E\");--gf-label-space-y-secondary: var(--gf-label-space-y-md-secondary);--gf-ctrl-border-color: #686e77;--gf-ctrl-size: var(--gf-ctrl-size-md);--gf-ctrl-label-color-primary: #112337;--gf-ctrl-label-color-secondary: #112337;--gf-ctrl-choice-size: var(--gf-ctrl-choice-size-md);--gf-ctrl-checkbox-check-size: var(--gf-ctrl-checkbox-check-size-md);--gf-ctrl-radio-check-size: var(--gf-ctrl-radio-check-size-md);--gf-ctrl-btn-font-size: var(--gf-ctrl-btn-font-size-md);--gf-ctrl-btn-padding-x: var(--gf-ctrl-btn-padding-x-md);--gf-ctrl-btn-size: var(--gf-ctrl-btn-size-md);--gf-ctrl-btn-border-color-secondary: #686e77;--gf-ctrl-file-btn-bg-color-hover: #EBEBEB;--gf-field-img-choice-size: var(--gf-field-img-choice-size-md);--gf-field-img-choice-card-space: var(--gf-field-img-choice-card-space-md);--gf-field-img-choice-check-ind-size: var(--gf-field-img-choice-check-ind-size-md);--gf-field-img-choice-check-ind-icon-size: var(--gf-field-img-choice-check-ind-icon-size-md);--gf-field-pg-steps-number-color: rgba(17, 35, 55, 0.8);}<\/style>\n                        <div class='gform_heading'>\n                            <p class='gform_description'><\/p>\n                        <\/div><form method='post' enctype='multipart\/form-data'  id='gform_3'  action='\/pt-pt\/wp-json\/wp\/v2\/posts\/6047' data-formid='3' novalidate> \r\n <input type='hidden' class='gforms-pum' value='{\"closepopup\":false,\"closedelay\":0,\"openpopup\":false,\"openpopup_id\":0}' \/>\n                        <div class='gform-body gform_body'><div id='gform_fields_3' class='gform_fields top_label form_sublabel_below description_below validation_below'><div id=\"field_3_1\" class=\"gfield gfield--type-email gfield--input-type-email gfield_contains_required field_sublabel_below gfield--no-description field_description_below hidden_label field_validation_below gfield_visibility_visible\"  ><label class='gfield_label gform-field-label' for='input_3_1'>Correio eletr\u00f3nico<span class=\"gfield_required\"><span class=\"gfield_required gfield_required_text\">(Obrigat\u00f3rio)<\/span><\/span><\/label><div class='ginput_container ginput_container_email'>\n                            <input name='input_1' id='input_3_1' type='email' value='' class='large'    aria-required=\"true\" aria-invalid=\"false\"  \/>\n                        <\/div><\/div><fieldset id=\"field_3_3\" class=\"gfield gfield--type-consent gfield--type-choice gfield--input-type-consent gfield--width-full gfield_contains_required field_sublabel_below gfield--no-description field_description_below hidden_label field_validation_below gfield_visibility_visible\"  ><legend class='gfield_label gform-field-label gfield_label_before_complex' >RGPD<span class=\"gfield_required\"><span class=\"gfield_required gfield_required_text\">(Obrigat\u00f3rio)<\/span><\/span><\/legend><div class='ginput_container ginput_container_consent'><input name='input_3.1' id='input_3_3_1' type='checkbox' value='1'   aria-required=\"true\" aria-invalid=\"false\"   \/> <label class=\"gform-field-label gform-field-label--type-inline gfield_consent_label\" for='input_3_3_1' >Sim, quero subscrever a newsletter mensal<span class=\"gfield_required gfield_required_text\">(Obrigat\u00f3rio)<\/span><\/label><input type='hidden' name='input_3.2' value='Sim, quero subscrever a newsletter mensal' class='gform_hidden' \/><input type='hidden' name='input_3.3' value='1' class='gform_hidden' \/><\/div><\/fieldset><div id=\"field_3_4\" class=\"gfield gfield--type-website gfield--input-type-website gfield--width-full field_sublabel_below gfield--no-description field_description_below field_validation_below gfield_visibility_hidden\"  ><div class=\"admin-hidden-markup\"><i class=\"gform-icon gform-icon--hidden\" aria-hidden=\"true\" title=\"Este campo est\u00e1 escondido ao visualizar o formul\u00e1rio\"><\/i><span>Este campo est\u00e1 escondido ao visualizar o formul\u00e1rio<\/span><\/div><label class='gfield_label gform-field-label' for='input_3_4'>S\u00edtio Web<\/label><div class='ginput_container ginput_container_website'>\n                    <input name='input_4' id='input_3_4' type='url' value='https:\/\/portugallovers.com\/pt-pt\/wp-json\/wp\/v2\/posts\/6047' class='large'    placeholder='https:\/\/'  aria-invalid=\"false\" \/>\n                <\/div><\/div><\/div><\/div>\n        <div class='gform-footer gform_footer top_label'> <input type='submit' id='gform_submit_button_3' class='gform_button button' onclick='gform.submission.handleButtonClick(this);' data-submission-type='submit' value='Submeter'  \/> \n            <input type='hidden' class='gform_hidden' name='gform_submission_method' data-js='gform_submission_method_3' value='postback' \/>\n            <input type='hidden' class='gform_hidden' name='gform_theme' data-js='gform_theme_3' id='gform_theme_3' value='orbital' \/>\n            <input type='hidden' class='gform_hidden' name='gform_style_settings' data-js='gform_style_settings_3' id='gform_style_settings_3' value='{&quot;inputPrimaryColor&quot;:&quot;#204ce5&quot;}' \/>\n            <input type='hidden' class='gform_hidden' name='is_submit_3' value='1' \/>\n            <input type='hidden' class='gform_hidden' name='gform_submit' value='3' \/>\n            \n            <input type='hidden' class='gform_hidden' name='gform_currency' data-currency='EUR' value='GbVQIHQEWBiY4aFiDCJaa+AfucGXwnOY33\/EaWZyvQ+41dPghM24rMUaCDILrbIpgOfmOr5qMbyY7o6t2xZsaUXQgPGhecEvYzAB9bzrB+PaTCQ=' \/>\n            <input type='hidden' class='gform_hidden' name='gform_unique_id' value='' \/>\n            <input type='hidden' class='gform_hidden' name='state_3' value='WyJ7XCIzLjFcIjpcImQxZWE2ZjAxYTlmOGIwNTgzN2MzOTNkZmYyNzA4M2FjXCIsXCIzLjJcIjpcImIzZTg5ZDRlMzNlMWM4ZmY1ODU0MzlmNTM4Y2VhYzA5XCIsXCIzLjNcIjpcImQxZWE2ZjAxYTlmOGIwNTgzN2MzOTNkZmYyNzA4M2FjXCJ9IiwiMjliNGE5MGZhY2FiZGQ2ZmE4MWQyNjU4Y2Q3NzIxNmEiXQ==' \/>\n            <input type='hidden' autocomplete='off' class='gform_hidden' name='gform_target_page_number_3' id='gform_target_page_number_3' value='0' \/>\n            <input type='hidden' autocomplete='off' class='gform_hidden' name='gform_source_page_number_3' id='gform_source_page_number_3' value='1' \/>\n            <input type='hidden' name='gform_field_values' value='' \/>\n            \n        <\/div>\n                        <\/form>\n                        <\/div><script>\ngform.initializeOnLoaded( function() {gformInitSpinner( 3, 'https:\/\/portugallovers.com\/wp-content\/plugins\/gravityforms\/images\/spinner.svg', false );jQuery('#gform_ajax_frame_3').on('load',function(){var contents = jQuery(this).contents().find('*').html();var is_postback = contents.indexOf('GF_AJAX_POSTBACK') >= 0;if(!is_postback){return;}var form_content = jQuery(this).contents().find('#gform_wrapper_3');var is_confirmation = jQuery(this).contents().find('#gform_confirmation_wrapper_3').length > 0;var is_redirect = contents.indexOf('gformRedirect(){') >= 0;var is_form = form_content.length > 0 && ! is_redirect && ! is_confirmation;var mt = parseInt(jQuery('html').css('margin-top'), 10) + parseInt(jQuery('body').css('margin-top'), 10) + 100;if(is_form){jQuery('#gform_wrapper_3').html(form_content.html());if(form_content.hasClass('gform_validation_error')){jQuery('#gform_wrapper_3').addClass('gform_validation_error');} else {jQuery('#gform_wrapper_3').removeClass('gform_validation_error');}setTimeout( function() { \/* delay the scroll by 50 milliseconds to fix a bug in chrome *\/  }, 50 );if(window['gformInitDatepicker']) {gformInitDatepicker();}if(window['gformInitPriceFields']) {gformInitPriceFields();}var current_page = jQuery('#gform_source_page_number_3').val();gformInitSpinner( 3, 'https:\/\/portugallovers.com\/wp-content\/plugins\/gravityforms\/images\/spinner.svg', false );jQuery(document).trigger('gform_page_loaded', [3, current_page]);window['gf_submitting_3'] = false;}else if(!is_redirect){var confirmation_content = jQuery(this).contents().find('.GF_AJAX_POSTBACK').html();if(!confirmation_content){confirmation_content = contents;}jQuery('#gform_wrapper_3').replaceWith(confirmation_content);jQuery(document).trigger('gform_confirmation_loaded', [3]);window['gf_submitting_3'] = false;wp.a11y.speak(jQuery('#gform_confirmation_message_3').text());}else{jQuery('#gform_3').append(contents);if(window['gformRedirect']) {gformRedirect();}}jQuery(document).trigger(\"gform_pre_post_render\", [{ formId: \"3\", currentPage: \"current_page\", abort: function() { this.preventDefault(); } }]);        if (event && event.defaultPrevented) {                return;        }        const gformWrapperDiv = document.getElementById( \"gform_wrapper_3\" );        if ( gformWrapperDiv ) {            const visibilitySpan = document.createElement( \"span\" );            visibilitySpan.id = \"gform_visibility_test_3\";            gformWrapperDiv.insertAdjacentElement( \"afterend\", visibilitySpan );        }        const visibilityTestDiv = document.getElementById( \"gform_visibility_test_3\" );        let postRenderFired = false;        function triggerPostRender() {            if ( postRenderFired ) {                return;            }            postRenderFired = true;            gform.core.triggerPostRenderEvents( 3, current_page );            if ( visibilityTestDiv ) {                visibilityTestDiv.parentNode.removeChild( visibilityTestDiv );            }        }        function debounce( func, wait, immediate ) {            var timeout;            return function() {                var context = this, args = arguments;                var later = function() {                    timeout = null;                    if ( !immediate ) func.apply( context, args );                };                var callNow = immediate && !timeout;                clearTimeout( timeout );                timeout = setTimeout( later, wait );                if ( callNow ) func.apply( context, args );            };        }        const debouncedTriggerPostRender = debounce( function() {            triggerPostRender();        }, 200 );        if ( visibilityTestDiv && visibilityTestDiv.offsetParent === null ) {            const observer = new MutationObserver( ( mutations ) => {                mutations.forEach( ( mutation ) => {                    if ( mutation.type === 'attributes' && visibilityTestDiv.offsetParent !== null ) {                        debouncedTriggerPostRender();                        observer.disconnect();                    }                });            });            observer.observe( document.body, {                attributes: true,                childList: false,                subtree: true,                attributeFilter: [ 'style', 'class' ],            });        } else {            triggerPostRender();        }    } );} );\n<\/script>\n<\/div>\n\n\n\n<div class=\"wp-block-column is-layout-flow wp-block-column-is-layout-flow\" style=\"flex-basis:42%\">\n<div class=\"wp-block-genesis-blocks-gb-container aligncenter newsletter-radius gb-block-container\"><div class=\"gb-container-inside\"><div class=\"gb-container-content\"><div class=\"wp-block-image newsletter-image\">\n<figure class=\"aligncenter size-full\"><img decoding=\"async\" src=\"https:\/\/canarias-lovers.com\/wp-content\/uploads\/2024\/06\/newsletter_FR_2.png\" alt=\"boletim informativo\" class=\"wp-image-1181\"\/><\/figure>\n<\/div><\/div><\/div><\/div>\n<\/div>\n<\/div>\n<\/div><\/div><\/div>\n\n<h3 class=\"wp-block-heading\">D\u00ea um passeio e ganhe altura<\/h3>\n\n<figure class=\"wp-block-image size-large\"><img decoding=\"async\" src=\"https:\/\/photos.smugmug.com\/Portugal\/Lisboa\/Miradouros\/Miradouro-Santa-Luzia\/i-TwQqWT4\/0\/L9DLgLBfHMsFJ5jNcNzCWVL8wJhQFgfTCpZjFbsk3\/L\/lisbonne-miradouro-santa-luzia-vue-ville-tage-L.jpg\" alt=\"Lisboa - Passear e voar alto\"\/><figcaption class=\"wp-element-caption\">Miradouro de Santa Luzia<\/figcaption><\/figure>\n\n<p>Apelidada de cidade das sete colinas, Lisboa presta-se naturalmente a passeios no cimo das colinas, e h\u00e1 muitos <strong>miradouros<\/strong>, pontos de vista panor\u00e2micos. Ach\u00e1mos o ambiente particularmente relaxante no inverno, quando as multid\u00f5es diminuem. Visite os miradouros da Gra\u00e7a, de S\u00e3o Pedro de Alc\u00e2ntara ou do Recolhimento para admirar os telhados vermelhos e o Tejo a serpentear l\u00e1 em baixo. O Miradouro de Santa Luzia, decorado com azulejos e colunatas, pareceu-lhe o mais rom\u00e2ntico.<\/p>\n\n<figure class=\"wp-block-image size-large\"><img decoding=\"async\" src=\"https:\/\/photos.smugmug.com\/Portugal\/Lisboa\/Santa-Justa-Lift\/i-CS5PWj3\/0\/NRdFZG6ktf32DT66GGLMXwQJ7ssP452tvJSCCxrgD\/L\/lisbonne-ascenceur-santa-justa-L.jpg\" alt=\"Lisboa - Telef&#xE9;rico de Santa Justa\"\/><\/figure>\n\n<p>Se quiser deslocar-se pela cidade sem andar muito, tem \u00e0 sua disposi\u00e7\u00e3o dois meios de transporte emblem\u00e1ticos. O<strong>Elevador de Santa Justa<\/strong>, concebido por Raoul Mesnier de Ponsard, aluno de Gustave Eiffel, \u00e9 uma proeza arquitet\u00f3nica que oferece vistas ininterruptas sobre os telhados do Chiado. <strong>A linha 28 do el\u00e9trico<\/strong> percorre as ruas estreitas e \u00edngremes de Alfama e do Chiado numa carruagem amarela brilhante com madeira dos anos 30. Divertimo-nos a testar os dois. Passear ao longo do <strong>Tejo<\/strong> \u00e9 um prazer simples e gratuito: das docas, pode ver ao longe o MAAT (Museu de Arte, Arquitetura e Tecnologia), a Torre de Bel\u00e9m e a est\u00e1tua do Cristo Rei. Para uma perspetiva diferente, um <a href=\"https:\/\/www.getyourguide.pt\/lisbonne-l42\/lisbonne-au-coucher-du-soleil-sur-un-voilier-d-epoque-t144255\/?partner_id=R3GYW4V&amp;cmp=portugal\" target=\"_blank\" rel=\"noreferrer noopener sponsored nofollow\">passeio de barco ao p\u00f4r do sol<\/a> \u00e9 uma op\u00e7\u00e3o se o tempo estiver particularmente bom.<\/p>\n\n<ul class=\"wp-block-list\">\n<li><strong>Elevador de Santa Justa<\/strong> &#8211; no bairro do Chiado. Aberto das 7h \u00e0s 21h. Acesso gratuito com o Lisboa Card<\/li>\n\n\n\n<li><strong>El\u00e9trico 28<\/strong> &#8211; funciona das 6h \u00e0s 22h30m. Para mais informa\u00e7\u00f5es, visite o s\u00edtio Web oficial <a href=\"https:\/\/www.carris.pt\/en\/travel\/carreiras\/28e\/\" target=\"_blank\" rel=\"noreferrer noopener nofollow\">aqui.<\/a><\/li>\n\n\n\n<li>Apanhe um tuk-tuk se quiser passar por v\u00e1rios miradouros sem andar muito.<\/li>\n<\/ul>\n\n<figure class=\"wp-block-image size-large\"><img decoding=\"async\" src=\"https:\/\/photos.smugmug.com\/Portugal\/Lisboa\/Town\/i-GZxvWZC\/1\/L36JzrcC8vHX3mt8DNhgTTdnXKWjgKhcXDK9CbRNg\/L\/lisbonne-voilier-tage-L.jpg\" alt=\"Lisboa - Barco no Tejo\"\/><\/figure>\n\n<h3 class=\"wp-block-heading\">Actividades familiares<\/h3>\n\n<p>Lisboa oferece uma s\u00e9rie de actividades para toda a fam\u00edlia, acess\u00edveis em qualquer altura do ano. O<strong>Ocean\u00e1rio de Lisboa<\/strong> \u00e9 o aqu\u00e1rio da cidade, situado no moderno bairro do Parque das Na\u00e7\u00f5es. Consider\u00e1mos que a visita foi um grande sucesso. A diversidade das esp\u00e9cies marinhas expostas e a cenografia do aqu\u00e1rio central tornam esta experi\u00eancia cativante para mi\u00fados e gra\u00fados. Mesmo ao lado, o <strong>Pavilh\u00e3o do Conhecimento &#8211; Ci\u00eancia Viva<\/strong> oferece actividades divertidas e interactivas sobre ci\u00eancia, ideais para crian\u00e7as. <strong>O Castelo de S\u00e3o Jorge<\/strong> e a sua <em>c\u00e2mara obscura<\/em> tamb\u00e9m far\u00e3o as del\u00edcias dos mais novos. Por fim, o <strong>Mus\u00e9e des Carrosses (Museu das Carruagens)<\/strong> exibe ve\u00edculos reais sumptuosamente decorados que parecem ter sido retirados diretamente de um conto de fadas. O <strong>Museu de Arte, Arquitetura e Tecnologia (MAAT)<\/strong>, nas margens do rio Tejo, oferece jogos e actividades para crian\u00e7as ao longo das suas exposi\u00e7\u00f5es.<\/p>\n\n<ul class=\"wp-block-list\">\n<li><strong>Ocean\u00e1rio de Lisboa<\/strong> &#8211; <a href=\"https:\/\/www.getyourguide.pt\/lisbonne-l42\/oceanario-de-lisboa-billet-pour-l-aquarium-t38079\/?partner_id=R3GYW4V&amp;cmp=portugal\" target=\"_blank\" rel=\"noreferrer noopener sponsored nofollow\">Reserve os seus bilhetes online<\/a><\/li>\n\n\n\n<li>O <a href=\"https:\/\/www.getyourguide.pt\/lisbonne-l42\/lisbonne-carte-de-reduction-valable-24-48-ou-72-heures-t225711\/?partner_id=R3GYW4V&amp;cmp=portugal\" target=\"_blank\" rel=\"noreferrer noopener sponsored nofollow\">Lisboa Card<\/a> d\u00e1-lhe acesso aos transportes p\u00fablicos e a muitos museus<\/li>\n<\/ul>\n\n<figure class=\"wp-block-image size-large\"><img decoding=\"async\" src=\"https:\/\/photos.smugmug.com\/Portugal\/Lisboa\/Aquarium-Oceanario\/i-gtpDhzV\/0\/KVWX3kQ8cWcK88XWpw3pKk2G6N46GhQdMqnwvkHW8\/L\/lisbonne-aquarium-oceanario-L.jpg\" alt=\"Lisboa - Aqu&#xE1;rio e actividades em fam&#xED;lia\"\/><\/figure>\n\n<h3 class=\"wp-block-heading\">Excurs\u00f5es em Lisboa<\/h3>\n\n<p>A regi\u00e3o de Lisboa presta-se bem a viagens de um dia, especialmente porque as estradas s\u00e3o menos movimentadas no inverno. Fizemos alguns passeios fant\u00e1sticos nos arredores. <a href=\"https:\/\/portugallovers.com\/pt-pt\/o-que-fazer-sintra-visitar\/\" target=\"_blank\" rel=\"noreferrer noopener\"><strong>Sintra<\/strong><\/a>Sintra, a 40 minutos de carro, \u00e9 Patrim\u00f3nio Mundial da UNESCO, cujos pal\u00e1cios coloridos e jardins em socalcos merecem uma visita, mesmo num dia frio. <a href=\"https:\/\/portugallovers.com\/pt-pt\/o-que-fazer-cascais-visitar\/\" target=\"_blank\" rel=\"noreferrer noopener\"><strong>Cascais<\/strong><\/a>A joia \u00e0 beira-mar da Riviera Portuguesa, Cascais pode ser alcan\u00e7ada em 40 minutos e oferece um belo passeio \u00e0 beira-mar. Mais a sul, <a href=\"https:\/\/portugallovers.com\/pt-pt\/o-que-fazer-sesimbra-visitar\/\" target=\"_blank\" rel=\"noreferrer noopener\"><strong>Sesimbra<\/strong><\/a> e o Parque Natural da Arr\u00e1bida oferecem-lhe paisagens costeiras intactas, ideais para caminhadas de inverno. Pode combinar v\u00e1rios destes destinos num \u00fanico dia &#8211; <a href=\"https:\/\/www.getyourguide.pt\/lisbonne-l42\/lisbonne-sintra-palais-de-pena-regaleira-et-cascais-t440176\/?partner_id=R3GYW4V&amp;cmp=portugal\" target=\"_blank\" rel=\"noreferrer noopener sponsored nofollow\">Ver pre\u00e7os, fotos e disponibilidade<\/a>.<\/p>\n\n<figure class=\"wp-block-image size-large\"><img decoding=\"async\" src=\"https:\/\/photos.smugmug.com\/Portugal\/Sesimbra\/Serra-Arrabida-Natural-park\/i-Nz64XPq\/0\/LHF2bZ8cz72zn5Lt58XK5zkN5kQxcJptmzKvLdKDk\/L\/arrabida-parc-naturel-portinho-L.jpg\" alt=\"Lisboa - Excurs&#xF5;es em Lisboa\"\/><figcaption class=\"wp-element-caption\">Aldeia do Portinho no Parque Natural da Arr\u00e1bida<\/figcaption><\/figure>\n\n<p><strong>Para saber mais, leia <a href=\"https:\/\/portugallovers.com\/pt-pt\/o-que-fazer-lisboa-visitar\/\" target=\"_blank\" rel=\"noreferrer noopener\">o nosso artigo completo sobre o que fazer em Lisboa<\/a>!<\/strong><\/p>\n\n<div style=\"margin-top:8%;margin-bottom:8%\" class=\"wp-block-genesis-blocks-gb-container box gb-block-container\"><div class=\"gb-container-inside\"><div class=\"gb-container-content\">\n<div class=\"wp-block-columns inverse is-layout-flex wp-container-core-columns-is-layout-9d6595d7 wp-block-columns-is-layout-flex\">\n<div class=\"wp-block-column texte_planif is-layout-flow wp-block-column-is-layout-flow\" style=\"flex-basis:58%\">\n          \n\n          <h5 class=\"titre_box\" style=\"padding-top:10px\">DIVIRTA-SE em Lisboa: <span class=\"titre_box_manuscrit\"> actividades<\/span><\/h5>\n          \n\n        \n\n\n\n<p style=\"font-size:16px\"><a href=\"https:\/\/www.getyourguide.pt\/lisbonne-l42\/lisbonne-visite-guidee-de-3-h-a-velo-electrique-t59353\/?partner_id=R3GYW4V&amp;cmp=portugal\" target=\"_blank\" rel=\"noreferrer noopener nofollow\">Lisboa em bicicleta el\u00e9ctrica  <\/a><br\/><a href=\"https:\/\/www.getyourguide.pt\/lisbonne-l42\/lisbonne-palais-de-pena-sintra-cabo-da-roca-et-cascais-t387617\/?partner_id=R3GYW4V&amp;cmp=portugal\" target=\"_blank\" rel=\"noreferrer noopener nofollow\">Excurs\u00e3o a Sintra a partir de Lisboa<\/a> <br\/><a href=\"https:\/\/www.getyourguide.pt\/lisbonne-l42\/lisbonne-croisiere-de-3-h-et-observation-des-dauphins-t309373\/?partner_id=R3GYW4V&amp;cmp=portugal\" target=\"_blank\" rel=\"noreferrer noopener nofollow\">Observa\u00e7\u00e3o de golfinhos<\/a><br\/><a href=\"https:\/\/www.getyourguide.pt\/lisbonne-l42\/depuis-lisbonne-excursion-en-kayak-au-parc-d-arrabida-t240212\/?partner_id=R3GYW4V&amp;cmp=portugal\" target=\"_blank\" rel=\"noreferrer noopener nofollow\">Caiaque na Arr\u00e1bida<\/a><br\/><a href=\"https:\/\/www.getyourguide.pt\/carcavelos-l99732\/cascais-experience-locale-de-surf-t679875\/?partner_id=R3GYW4V&amp;cmp=portugal\" target=\"_blank\" rel=\"noreferrer noopener nofollow\">Surf em Cascais<\/a><br\/><\/p>\n<\/div>\n\n\n\n<div class=\"wp-block-column ville-radius is-layout-flow wp-block-column-is-layout-flow\" style=\"flex-basis:42%\">\n<figure class=\"wp-block-image size-large img-portrait\"><img decoding=\"async\" src=\"https:\/\/photos.smugmug.com\/Portugal\/Sintra-Cascais\/Cascais\/Praia-do-Guincho\/i-KQhDK82\/0\/MxJXMmhWFFtHHPnH2HhmLHB4HHCWwL9P6knnNwjh5\/S\/portugal-cascais-praia-do-guincho-surf-S.jpg\" alt=\"Surf em Cacais\" title=\"\"\/><\/figure>\n<\/div>\n<\/div>\n<\/div><\/div><\/div>\n\n<h2 class=\"wp-block-heading\">Como \u00e9 que chego a Lisboa?<\/h2>\n\n<p>Lisboa \u00e9 bem servida a partir de todas as principais cidades europeias. <a href=\"https:\/\/skyscanner.pxf.io\/c\/2838839\/1027991\/13416?associateid=AFF_TRA_19354_00001\" target=\"_blank\" rel=\"noreferrer noopener sponsored nofollow\">Por via a\u00e9rea<\/a>, o Aeroporto Internacional Humberto Delgado oferece voos diretos de Paris, Lyon, Bruxelas, Genebra e muitas outras cidades. No inverno, os pre\u00e7os s\u00e3o geralmente mais atractivos do que na \u00e9poca alta.  <\/p>\n\n<p>A partir de Fran\u00e7a, tamb\u00e9m \u00e9 poss\u00edvel chegar a Lisboa <a href=\"https:\/\/track.effiliation.com\/servlet\/effi.redir?id_compteur=22819431&amp;url=https%3A%2F%2Fwww.sncf-connect.com%2F&amp;effi_id=LL\" target=\"_blank\" rel=\"noreferrer noopener sponsored nofollow\">de comboio<\/a> via Espanha, embora o tempo de viagem seja consider\u00e1vel.  <\/p>\n\n<p>De autom\u00f3vel, a capital \u00e9 acess\u00edvel atrav\u00e9s das principais auto-estradas a partir de Madrid (cerca de 6 horas) ou do Norte de Portugal. Se utilizar um carro na cidade, tenha em aten\u00e7\u00e3o que o estacionamento pode ser dif\u00edcil. Os transportes p\u00fablicos tamb\u00e9m est\u00e3o bem desenvolvidos. O <a href=\"https:\/\/www.getyourguide.pt\/lisbonne-l42\/lisbonne-carte-de-reduction-valable-24-48-ou-72-heures-t225711\/?partner_id=R3GYW4V&amp;cmp=portugal\" target=\"_blank\" rel=\"noreferrer noopener sponsored nofollow\">Lisboa Card<\/a> d\u00e1-lhe acesso a toda a rede de transportes (autocarro, el\u00e9trico, metro, elevadores) e a muitos museus &#8211; um excelente neg\u00f3cio.<\/p>\n\n<div style=\"background-color:#ffffff;margin-top:8%;margin-bottom:8%\" class=\"wp-block-genesis-blocks-gb-container box gb-block-container\"><div class=\"gb-container-inside\"><div class=\"gb-container-content\" style=\"max-width:700px\">\n<div class=\"wp-block-columns is-not-stacked-on-mobile texte_planif has-background is-layout-flex wp-container-core-columns-is-layout-9d6595d7 wp-block-columns-is-layout-flex\" style=\"background-color:#eb8d092e\">\n<div class=\"wp-block-column img_icone is-layout-flow wp-block-column-is-layout-flow\" style=\"flex-basis:25%\"><div class=\"wp-block-image image_icone\">\n<figure class=\"aligncenter size-full is-resized\"><img loading=\"lazy\" decoding=\"async\" width=\"400\" height=\"400\" src=\"https:\/\/portugallovers.com\/wp-content\/uploads\/2026\/01\/portugal-plane.png\" alt=\"avi&#xE3;o de portugal\" class=\"wp-image-5756\" style=\"object-fit:cover;width:100px;height:100px\" srcset=\"https:\/\/portugallovers.com\/wp-content\/uploads\/2026\/01\/portugal-plane.png 400w, https:\/\/portugallovers.com\/wp-content\/uploads\/2026\/01\/portugal-plane-300x300.png 300w, https:\/\/portugallovers.com\/wp-content\/uploads\/2026\/01\/portugal-plane-150x150.png 150w, https:\/\/portugallovers.com\/wp-content\/uploads\/2026\/01\/portugal-plane-75x75.png 75w\" sizes=\"auto, (max-width: 400px) 100vw, 400px\" \/><\/figure>\n<\/div><\/div>\n\n\n\n<div class=\"wp-block-column is-vertically-aligned-center paragraphe_une is-layout-flow wp-block-column-is-layout-flow\" style=\"flex-basis:90%\">\n<p style=\"font-size:16px\">Est\u00e1 na altura de reservar!<br\/><a href=\"https:\/\/skyscanner.pxf.io\/dONaXy\" target=\"_blank\" rel=\"noreferrer noopener sponsored nofollow\"><strong>Compare tudo:<\/strong> companhias, pre\u00e7os, hor\u00e1rios e disponibilidade.<\/a><\/p>\n<\/div>\n<\/div>\n<\/div><\/div><\/div>\n\n<figure class=\"wp-block-image size-large\"><img decoding=\"async\" src=\"https:\/\/photos.smugmug.com\/Portugal\/Lisboa\/A&#xE9;roport\/i-pLZz3Gw\/0\/MgRjvBK93wK5Jv3wCmN4G6TCwkNTgbs2cKCM2jLXN\/L\/lisbonne-aeroport-entree-L.jpg\" alt=\"Lisboa - Como chegar a Lisboa\"\/><\/figure>\n\n<p><strong><em>Bloco de boletins informativos<\/em><\/strong><\/p>\n\n<h2 class=\"wp-block-heading\">Natal em Lisboa<\/h2>\n\n<p>Passar o Natal em Lisboa \u00e9 uma experi\u00eancia que lhe recomendamos com todo o gosto. Em dezembro, a cidade ilumina-se de luzes, com as ruas do centro, as margens do Tejo e as fachadas dos seus monumentos iluminadas todas as noites. Fic\u00e1mos agradavelmente surpreendidos com a extens\u00e3o das decora\u00e7\u00f5es e com o ambiente acolhedor das zonas comerciais. Mercados sazonais e lojas pop-up com designers locais animam as ruas, oferecendo-lhe a oportunidade de encontrar presentes originais. \u00c9 tamb\u00e9m uma boa altura para se mimar. <a href=\"https:\/\/portugallovers.com\/pt-pt\/onde-ficar-lisboa-melhores-hoteis-bairros\/\" type=\"post\" id=\"5028\" target=\"_blank\" rel=\"noreferrer noopener\">Os hot\u00e9is<\/a> de prest\u00edgio oferecem ofertas atractivas e muitos restaurantes gourmet servem menus festivos. Porque n\u00e3o aproveitar a oportunidade para jantar num dos melhores estabelecimentos da capital?<\/p>\n\n<figure class=\"wp-block-image size-large\"><img decoding=\"async\" src=\"https:\/\/photos.smugmug.com\/Portugal\/Lisboa\/RESTAURANTS\/Restaurant-Wine-Bar-Prado\/i-VJT4JMc\/0\/KDbGtkP9KX2hNSt8TR6cLP6nrtGWhxRLN3S82p4qP\/L\/lisbonne-restaurant-prado-plat-sardine-L.jpg\" alt=\"Lisboa - Prato do Restaurante Prado\"\/><\/figure>\n\n<h2 class=\"wp-block-heading\">Ano Novo em Lisboa<\/h2>\n\n<p>A passagem de ano em Lisboa \u00e9 uma grande festa. Todos os anos, na noite de 31 de dezembro, a cidade organiza um espetacular fogo de artif\u00edcio que pode ser visto do Tejo e de muitos outros pontos altos. Os miradouros s\u00e3o locais privilegiados para a ocasi\u00e3o. Aconselhamo-lo a escolher um com anteced\u00eancia para que possa desfrutar do espet\u00e1culo nas melhores condi\u00e7\u00f5es poss\u00edveis. O ambiente festivo continua nos bares e restaurantes do centro da cidade. Para tornar a noite numa experi\u00eancia gastron\u00f3mica inesquec\u00edvel, muitos estabelecimentos prop\u00f5em menus excepcionais para a passagem de ano. Pode tamb\u00e9m experimentar um passeio de barco no Tejo para admirar as luzes a partir da \u00e1gua.<\/p>\n\n<figure class=\"wp-block-image size-large\"><img decoding=\"async\" src=\"https:\/\/photos.smugmug.com\/Portugal\/Lisboa\/Town\/i-t7D9nK2\/0\/NdrM4hVp5PrzWq6pKVbFZwbxQLn7mWJXSjTpwxMKb\/L\/lisbonne-tramway-jaune-L.jpg\" alt=\"Lisboa - Ano Novo em Lisboa\"\/><\/figure>\n\n<div style=\"margin-top:8%;margin-bottom:8%\" class=\"wp-block-genesis-blocks-gb-container box gb-block-container\"><div class=\"gb-container-inside\"><div class=\"gb-container-content\" style=\"max-width:700px\">\n<div class=\"wp-block-genesis-blocks-gb-container box_titre gb-block-container\"><div class=\"gb-container-inside\"><div class=\"gb-container-content\">\n          \n\n          <h5 class=\"titre_box\">PLANEIE A SUA VIAGEM A <span class=\"titre_box_manuscrit\">Portugal<\/span><\/h5>\n          \n\n        \n<\/div><\/div><\/div>\n\n\n\n<hr class=\"wp-block-separator has-text-color has-alpha-channel-opacity has-background is-style-wide hr-box-planif\" style=\"background-color:#ccd3dd;color:#ccd3dd\"\/>\n\n\n\n<div class=\"wp-block-columns box_sans_border is-layout-flex wp-container-core-columns-is-layout-9d6595d7 wp-block-columns-is-layout-flex\">\n<div class=\"wp-block-column texte_planif is-layout-flow wp-block-column-is-layout-flow\" style=\"font-size:14px;flex-basis:60%\">\n<ul class=\"wp-block-list\">\n<li>\n          <strong>Best-of<\/strong>\n        <\/li>\n<\/ul>\n\n\n\n<p class=\"ul_box\" style=\"font-size:14px\">O que fazer em Portugal (brevemente)<br\/>As paisagens mais bonitas (em breve)<br\/>As cidades e aldeias mais bonitas (em breve)<br\/>As praias mais bonitas de Portugal (em breve)<\/p>\n<\/div>\n\n\n\n<div class=\"wp-block-column is-vertically-aligned-top planif-radius is-layout-flow wp-block-column-is-layout-flow\" style=\"flex-basis:40%\">\n<figure class=\"wp-block-image size-large img-portrait\"><img decoding=\"async\" src=\"https:\/\/photos.smugmug.com\/Portugal\/Lisboa\/Belem\/Monasterio-dos-Jeronimos\/i-hCsGSKg\/1\/KTfCqGRmPfSVTvCPzZbgVKmZrL9RMZ3QMQd9RKVZ7\/S\/Jeronimos_Monastery_Lisbon_Portugal_IMG_6861-S.jpg\" alt=\"Mosteiro dos Jer&#xF3;nimos\" title=\"\"\/><\/figure>\n<\/div>\n<\/div>\n\n\n\n<hr class=\"wp-block-separator has-text-color has-alpha-channel-opacity has-background is-style-wide hr-box-planif\" style=\"background-color:#ccd3dd;color:#ccd3dd\"\/>\n\n\n\n<div class=\"wp-block-columns box_sans_border is-layout-flex wp-container-core-columns-is-layout-9d6595d7 wp-block-columns-is-layout-flex\">\n<div class=\"wp-block-column texte_planif is-layout-flow wp-block-column-is-layout-flow\" style=\"flex-basis:60%\">\n<ul class=\"wp-block-list\">\n<li>\n          <strong>Conselhos pr\u00e1ticos<\/strong>\n        <\/li>\n<\/ul>\n\n\n\n<p style=\"font-size:14px\"><br\/>Quando \u00e9 que deve partir? (em breve)<br\/>Como alugar um carro em Portugal (em breve)<br\/>Conselhos de condu\u00e7\u00e3o (brevemente)<\/p>\n\n\n\n<p style=\"font-size:14px\">Itiner\u00e1rios (em breve)<\/p>\n\n\n\n<p style=\"font-size:14px\">Onde ficar em Portugal (brevemente)<\/p>\n<\/div>\n\n\n\n<div class=\"wp-block-column is-vertically-aligned-top planif-radius is-layout-flow wp-block-column-is-layout-flow\" style=\"flex-basis:40%\">\n<figure class=\"wp-block-image size-large img-portrait\"><img decoding=\"async\" src=\"https:\/\/photos.smugmug.com\/Portugal\/Sintra-Cascais\/Cascais\/Praia-Rainha\/i-Phxww7t\/0\/KMzwHrqCdtFQHWVKfVkpWTjmSJhDQFH76tdXzsjvJ\/S\/portugal-cascais-praia-rainha-S.jpg\" alt=\"Praia Rainha\" title=\"\"\/><\/figure>\n<\/div>\n<\/div>\n\n\n\n<hr class=\"wp-block-separator has-text-color has-alpha-channel-opacity has-background is-style-wide hr-box-planif\" style=\"background-color:#ccd3dd;color:#ccd3dd\"\/>\n\n\n\n<div class=\"wp-block-columns box_sans_border is-layout-flex wp-container-core-columns-is-layout-9d6595d7 wp-block-columns-is-layout-flex\">\n<div class=\"wp-block-column texte_planif is-layout-flow wp-block-column-is-layout-flow\" style=\"flex-basis:60%\">\n<ul class=\"wp-block-list\">\n<li>\n          <strong>O que n\u00e3o pode faltar<\/strong>\n        <\/li>\n<\/ul>\n\n\n\n<p style=\"font-size:14px\">O que fazer em Lisboa (brevemente)<br\/><a href=\"https:\/\/portugallovers.com\/pt-pt\/o-que-fazer-algarve-visitar\/\" data-type=\"post\" data-id=\"234\" target=\"_blank\" rel=\"noreferrer noopener\">O que fazer no Algarve<\/a><br\/>O que fazer no Porto (em breve)<br\/>O que fazer em Sintra (brevemente)<br\/><\/p>\n<\/div>\n\n\n\n<div class=\"wp-block-column is-vertically-aligned-top planif-radius is-layout-flow wp-block-column-is-layout-flow\" style=\"flex-basis:40%\">\n<figure class=\"wp-block-image size-large img-portrait\"><img decoding=\"async\" src=\"https:\/\/photos.smugmug.com\/Portugal\/Sintra-Cascais\/Sintra\/Pena-Palace\/i-chGqrWP\/1\/Kphq5X89Wb9gf9zJDPXX8sMbtthCbBn7SqXnxD6Fs\/M\/Pena_Palace_Sintra_Portugal_IMG_0181-M.jpg\" alt=\"Pal&#xE1;cio da Pena\" title=\"\"\/><\/figure>\n<\/div>\n<\/div>\n\n\n\n<div style=\"height:30px\" aria-hidden=\"true\" class=\"wp-block-spacer\"><\/div>\n<\/div><\/div><\/div>\n\n<div class=\"wp-block-genesis-blocks-gb-container box_auteur_voyage gb-block-container\"><div class=\"gb-container-inside\"><div class=\"gb-container-content\">\n<figure class=\"wp-block-image size-large img_auteur_voyage img_provisoire img_julie\"><a href=\"https:\/\/portugallovers.com\/pt-pt\/julie-joly\/\" target=\"_blank\" rel=\"noreferrer noopener\"><img decoding=\"async\" src=\"https:\/\/photos.smugmug.com\/Region-Lovers\/Equipe\/i-T3sDhGd\/0\/CrBSnP9JCLV3gSG4MfSQMF7p5T5WvCMbtWr4wqQ2D\/L\/julie-L.jpg\" alt=\"\"\/><\/a><\/figure>\n\n\n\n<h5 class=\"titre_auteur_voyage\"><span>\n ELA FEZ A VIAGEM E ESCREVEU O ARTIGO  <\/span><span class=\"titre_box_manuscrit\">Julie<\/span><\/h5>\n<\/div><\/div><\/div>\n\n<p><\/p>\n","protected":false},"excerpt":{"rendered":"<p>Banhada pelo Tejo, Lisboa \u00e9 uma capital com um patrim\u00f3nio excecional, cujas colinas \u00edngremes, bairros hist\u00f3ricos e gastronomia nos conquistaram. No inverno, a cidade revela-se de um \u00e2ngulo diferente. Os locais est\u00e3o menos movimentados, as temperaturas permanecem amenas e o ambiente festivo de dezembro d\u00e1 um toque de luz \u00e0s ruas empedradas. Aqui tem todos [&hellip;]<\/p>\n","protected":false},"author":4,"featured_media":6037,"comment_status":"closed","ping_status":"closed","sticky":false,"template":"","format":"standard","meta":{"_genesis_hide_title":false,"_genesis_hide_breadcrumbs":false,"_genesis_hide_singular_image":false,"_genesis_hide_footer_widgets":false,"_genesis_custom_body_class":"","_genesis_custom_post_class":"","_genesis_layout":"","footnotes":""},"categories":[39],"tags":[],"class_list":{"0":"post-6047","1":"post","2":"type-post","3":"status-publish","4":"format-standard","5":"has-post-thumbnail","7":"category-lisboa-e-arredores","8":"entry"},"yoast_head":"<!-- This site is optimized with the Yoast SEO plugin v27.2 - https:\/\/yoast.com\/product\/yoast-seo-wordpress\/ -->\n<title>Visitar Lisboa no inverno: os nossos conselhos (+ o que fazer)<\/title>\n<meta name=\"description\" content=\"Todas as nossas dicas para visitar Lisboa no inverno: actividades, clima, condi\u00e7\u00f5es e conselhos pr\u00e1ticos\" \/>\n<meta name=\"robots\" content=\"index, follow, max-snippet:-1, max-image-preview:large, max-video-preview:-1\" \/>\n<link rel=\"canonical\" href=\"https:\/\/portugallovers.com\/pt-pt\/visitar-lisboa-inverno-o-que-fazer\/\" \/>\n<meta property=\"og:locale\" content=\"pt_PT\" \/>\n<meta property=\"og:type\" content=\"article\" \/>\n<meta property=\"og:title\" content=\"Visitar Lisboa no inverno: os nossos conselhos (+ o que fazer)\" \/>\n<meta property=\"og:description\" content=\"Todas as nossas dicas para visitar Lisboa no inverno: actividades, clima, condi\u00e7\u00f5es e conselhos pr\u00e1ticos\" \/>\n<meta property=\"og:url\" content=\"https:\/\/portugallovers.com\/pt-pt\/visitar-lisboa-inverno-o-que-fazer\/\" \/>\n<meta property=\"og:site_name\" content=\"Portugal Lovers\" \/>\n<meta property=\"article:published_time\" content=\"2026-04-17T14:28:53+00:00\" \/>\n<meta property=\"article:modified_time\" content=\"2026-04-17T14:43:05+00:00\" \/>\n<meta property=\"og:image\" content=\"https:\/\/portugallovers.com\/wp-content\/uploads\/2026\/04\/visitar-Lisboa-inverno-o-que-fazer.jpg\" \/>\n\t<meta property=\"og:image:width\" content=\"800\" \/>\n\t<meta property=\"og:image:height\" content=\"600\" \/>\n\t<meta property=\"og:image:type\" content=\"image\/jpeg\" \/>\n<meta name=\"author\" content=\"Julie\" \/>\n<meta name=\"twitter:card\" content=\"summary_large_image\" \/>\n<meta name=\"twitter:label1\" content=\"Escrito por\" \/>\n\t<meta name=\"twitter:data1\" content=\"Julie\" \/>\n\t<meta name=\"twitter:label2\" content=\"Tempo estimado de leitura\" \/>\n\t<meta name=\"twitter:data2\" content=\"15 minutos\" \/>\n<script type=\"application\/ld+json\" class=\"yoast-schema-graph\">{\"@context\":\"https:\/\/schema.org\",\"@graph\":[{\"@type\":\"Article\",\"@id\":\"https:\/\/portugallovers.com\/pt-pt\/visitar-lisboa-inverno-o-que-fazer\/#article\",\"isPartOf\":{\"@id\":\"https:\/\/portugallovers.com\/pt-pt\/visitar-lisboa-inverno-o-que-fazer\/\"},\"author\":{\"name\":\"Julie\",\"@id\":\"https:\/\/portugallovers.com\/pt-pt\/#\/schema\/person\/256931bef5757226f6eee49268dc8e51\"},\"headline\":\"Visitar Lisboa no inverno: os nossos conselhos (+ o que fazer)\",\"datePublished\":\"2026-04-17T14:28:53+00:00\",\"dateModified\":\"2026-04-17T14:43:05+00:00\",\"mainEntityOfPage\":{\"@id\":\"https:\/\/portugallovers.com\/pt-pt\/visitar-lisboa-inverno-o-que-fazer\/\"},\"wordCount\":2950,\"publisher\":{\"@id\":\"https:\/\/portugallovers.com\/pt-pt\/#organization\"},\"image\":{\"@id\":\"https:\/\/portugallovers.com\/pt-pt\/visitar-lisboa-inverno-o-que-fazer\/#primaryimage\"},\"thumbnailUrl\":\"https:\/\/portugallovers.com\/wp-content\/uploads\/2026\/04\/visitar-Lisboa-inverno-o-que-fazer.jpg\",\"articleSection\":[\"Lisboa e arredores\"],\"inLanguage\":\"pt-PT\"},{\"@type\":\"WebPage\",\"@id\":\"https:\/\/portugallovers.com\/pt-pt\/visitar-lisboa-inverno-o-que-fazer\/\",\"url\":\"https:\/\/portugallovers.com\/pt-pt\/visitar-lisboa-inverno-o-que-fazer\/\",\"name\":\"Visitar Lisboa no inverno: os nossos conselhos (+ o que fazer)\",\"isPartOf\":{\"@id\":\"https:\/\/portugallovers.com\/pt-pt\/#website\"},\"primaryImageOfPage\":{\"@id\":\"https:\/\/portugallovers.com\/pt-pt\/visitar-lisboa-inverno-o-que-fazer\/#primaryimage\"},\"image\":{\"@id\":\"https:\/\/portugallovers.com\/pt-pt\/visitar-lisboa-inverno-o-que-fazer\/#primaryimage\"},\"thumbnailUrl\":\"https:\/\/portugallovers.com\/wp-content\/uploads\/2026\/04\/visitar-Lisboa-inverno-o-que-fazer.jpg\",\"datePublished\":\"2026-04-17T14:28:53+00:00\",\"dateModified\":\"2026-04-17T14:43:05+00:00\",\"description\":\"Todas as nossas dicas para visitar Lisboa no inverno: actividades, clima, condi\u00e7\u00f5es e conselhos pr\u00e1ticos\",\"breadcrumb\":{\"@id\":\"https:\/\/portugallovers.com\/pt-pt\/visitar-lisboa-inverno-o-que-fazer\/#breadcrumb\"},\"inLanguage\":\"pt-PT\",\"potentialAction\":[{\"@type\":\"ReadAction\",\"target\":[\"https:\/\/portugallovers.com\/pt-pt\/visitar-lisboa-inverno-o-que-fazer\/\"]}]},{\"@type\":\"ImageObject\",\"inLanguage\":\"pt-PT\",\"@id\":\"https:\/\/portugallovers.com\/pt-pt\/visitar-lisboa-inverno-o-que-fazer\/#primaryimage\",\"url\":\"https:\/\/portugallovers.com\/wp-content\/uploads\/2026\/04\/visitar-Lisboa-inverno-o-que-fazer.jpg\",\"contentUrl\":\"https:\/\/portugallovers.com\/wp-content\/uploads\/2026\/04\/visitar-Lisboa-inverno-o-que-fazer.jpg\",\"width\":800,\"height\":600,\"caption\":\"visitar Lisboa inverno o que fazer\"},{\"@type\":\"BreadcrumbList\",\"@id\":\"https:\/\/portugallovers.com\/pt-pt\/visitar-lisboa-inverno-o-que-fazer\/#breadcrumb\",\"itemListElement\":[{\"@type\":\"ListItem\",\"position\":1,\"name\":\"Accueil\",\"item\":\"https:\/\/portugallovers.com\/pt-pt\/\"},{\"@type\":\"ListItem\",\"position\":2,\"name\":\"Lisboa e arredores\",\"item\":\"https:\/\/portugallovers.com\/pt-pt\/lisboa-e-arredores\/\"},{\"@type\":\"ListItem\",\"position\":3,\"name\":\"Visitar Lisboa no inverno: os nossos conselhos (+ o que fazer)\"}]},{\"@type\":\"WebSite\",\"@id\":\"https:\/\/portugallovers.com\/pt-pt\/#website\",\"url\":\"https:\/\/portugallovers.com\/pt-pt\/\",\"name\":\"Portugal Lovers\",\"description\":\"\",\"publisher\":{\"@id\":\"https:\/\/portugallovers.com\/pt-pt\/#organization\"},\"potentialAction\":[{\"@type\":\"SearchAction\",\"target\":{\"@type\":\"EntryPoint\",\"urlTemplate\":\"https:\/\/portugallovers.com\/pt-pt\/?s={search_term_string}\"},\"query-input\":{\"@type\":\"PropertyValueSpecification\",\"valueRequired\":true,\"valueName\":\"search_term_string\"}}],\"inLanguage\":\"pt-PT\"},{\"@type\":\"Organization\",\"@id\":\"https:\/\/portugallovers.com\/pt-pt\/#organization\",\"name\":\"Portugal Lovers\",\"url\":\"https:\/\/portugallovers.com\/pt-pt\/\",\"logo\":{\"@type\":\"ImageObject\",\"inLanguage\":\"pt-PT\",\"@id\":\"https:\/\/portugallovers.com\/pt-pt\/#\/schema\/logo\/image\/\",\"url\":\"https:\/\/portugallovers.com\/wp-content\/uploads\/2024\/05\/cropped-Portugal-Lovers-Logo.png\",\"contentUrl\":\"https:\/\/portugallovers.com\/wp-content\/uploads\/2024\/05\/cropped-Portugal-Lovers-Logo.png\",\"width\":2742,\"height\":469,\"caption\":\"Portugal Lovers\"},\"image\":{\"@id\":\"https:\/\/portugallovers.com\/pt-pt\/#\/schema\/logo\/image\/\"}},{\"@type\":\"Person\",\"@id\":\"https:\/\/portugallovers.com\/pt-pt\/#\/schema\/person\/256931bef5757226f6eee49268dc8e51\",\"name\":\"Julie\",\"image\":{\"@type\":\"ImageObject\",\"inLanguage\":\"pt-PT\",\"@id\":\"https:\/\/secure.gravatar.com\/avatar\/a611248efc69ee9e187aa9c079fc95ddf244fb85450703880b633892883f84f5?s=96&d=mm&r=g\",\"url\":\"https:\/\/secure.gravatar.com\/avatar\/a611248efc69ee9e187aa9c079fc95ddf244fb85450703880b633892883f84f5?s=96&d=mm&r=g\",\"contentUrl\":\"https:\/\/secure.gravatar.com\/avatar\/a611248efc69ee9e187aa9c079fc95ddf244fb85450703880b633892883f84f5?s=96&d=mm&r=g\",\"caption\":\"Julie\"},\"sameAs\":[\"https:\/\/portugallovers.com\/julie-joly\/\"],\"url\":\"https:\/\/portugallovers.com\/pt-pt\/author\/julie\/\"}]}<\/script>\n<!-- \/ Yoast SEO plugin. -->","yoast_head_json":{"title":"Visitar Lisboa no inverno: os nossos conselhos (+ o que fazer)","description":"Todas as nossas dicas para visitar Lisboa no inverno: actividades, clima, condi\u00e7\u00f5es e conselhos pr\u00e1ticos","robots":{"index":"index","follow":"follow","max-snippet":"max-snippet:-1","max-image-preview":"max-image-preview:large","max-video-preview":"max-video-preview:-1"},"canonical":"https:\/\/portugallovers.com\/pt-pt\/visitar-lisboa-inverno-o-que-fazer\/","og_locale":"pt_PT","og_type":"article","og_title":"Visitar Lisboa no inverno: os nossos conselhos (+ o que fazer)","og_description":"Todas as nossas dicas para visitar Lisboa no inverno: actividades, clima, condi\u00e7\u00f5es e conselhos pr\u00e1ticos","og_url":"https:\/\/portugallovers.com\/pt-pt\/visitar-lisboa-inverno-o-que-fazer\/","og_site_name":"Portugal Lovers","article_published_time":"2026-04-17T14:28:53+00:00","article_modified_time":"2026-04-17T14:43:05+00:00","og_image":[{"width":800,"height":600,"url":"https:\/\/portugallovers.com\/wp-content\/uploads\/2026\/04\/visitar-Lisboa-inverno-o-que-fazer.jpg","type":"image\/jpeg"}],"author":"Julie","twitter_card":"summary_large_image","twitter_misc":{"Escrito por":"Julie","Tempo estimado de leitura":"15 minutos"},"schema":{"@context":"https:\/\/schema.org","@graph":[{"@type":"Article","@id":"https:\/\/portugallovers.com\/pt-pt\/visitar-lisboa-inverno-o-que-fazer\/#article","isPartOf":{"@id":"https:\/\/portugallovers.com\/pt-pt\/visitar-lisboa-inverno-o-que-fazer\/"},"author":{"name":"Julie","@id":"https:\/\/portugallovers.com\/pt-pt\/#\/schema\/person\/256931bef5757226f6eee49268dc8e51"},"headline":"Visitar Lisboa no inverno: os nossos conselhos (+ o que fazer)","datePublished":"2026-04-17T14:28:53+00:00","dateModified":"2026-04-17T14:43:05+00:00","mainEntityOfPage":{"@id":"https:\/\/portugallovers.com\/pt-pt\/visitar-lisboa-inverno-o-que-fazer\/"},"wordCount":2950,"publisher":{"@id":"https:\/\/portugallovers.com\/pt-pt\/#organization"},"image":{"@id":"https:\/\/portugallovers.com\/pt-pt\/visitar-lisboa-inverno-o-que-fazer\/#primaryimage"},"thumbnailUrl":"https:\/\/portugallovers.com\/wp-content\/uploads\/2026\/04\/visitar-Lisboa-inverno-o-que-fazer.jpg","articleSection":["Lisboa e arredores"],"inLanguage":"pt-PT"},{"@type":"WebPage","@id":"https:\/\/portugallovers.com\/pt-pt\/visitar-lisboa-inverno-o-que-fazer\/","url":"https:\/\/portugallovers.com\/pt-pt\/visitar-lisboa-inverno-o-que-fazer\/","name":"Visitar Lisboa no inverno: os nossos conselhos (+ o que fazer)","isPartOf":{"@id":"https:\/\/portugallovers.com\/pt-pt\/#website"},"primaryImageOfPage":{"@id":"https:\/\/portugallovers.com\/pt-pt\/visitar-lisboa-inverno-o-que-fazer\/#primaryimage"},"image":{"@id":"https:\/\/portugallovers.com\/pt-pt\/visitar-lisboa-inverno-o-que-fazer\/#primaryimage"},"thumbnailUrl":"https:\/\/portugallovers.com\/wp-content\/uploads\/2026\/04\/visitar-Lisboa-inverno-o-que-fazer.jpg","datePublished":"2026-04-17T14:28:53+00:00","dateModified":"2026-04-17T14:43:05+00:00","description":"Todas as nossas dicas para visitar Lisboa no inverno: actividades, clima, condi\u00e7\u00f5es e conselhos pr\u00e1ticos","breadcrumb":{"@id":"https:\/\/portugallovers.com\/pt-pt\/visitar-lisboa-inverno-o-que-fazer\/#breadcrumb"},"inLanguage":"pt-PT","potentialAction":[{"@type":"ReadAction","target":["https:\/\/portugallovers.com\/pt-pt\/visitar-lisboa-inverno-o-que-fazer\/"]}]},{"@type":"ImageObject","inLanguage":"pt-PT","@id":"https:\/\/portugallovers.com\/pt-pt\/visitar-lisboa-inverno-o-que-fazer\/#primaryimage","url":"https:\/\/portugallovers.com\/wp-content\/uploads\/2026\/04\/visitar-Lisboa-inverno-o-que-fazer.jpg","contentUrl":"https:\/\/portugallovers.com\/wp-content\/uploads\/2026\/04\/visitar-Lisboa-inverno-o-que-fazer.jpg","width":800,"height":600,"caption":"visitar Lisboa inverno o que fazer"},{"@type":"BreadcrumbList","@id":"https:\/\/portugallovers.com\/pt-pt\/visitar-lisboa-inverno-o-que-fazer\/#breadcrumb","itemListElement":[{"@type":"ListItem","position":1,"name":"Accueil","item":"https:\/\/portugallovers.com\/pt-pt\/"},{"@type":"ListItem","position":2,"name":"Lisboa e arredores","item":"https:\/\/portugallovers.com\/pt-pt\/lisboa-e-arredores\/"},{"@type":"ListItem","position":3,"name":"Visitar Lisboa no inverno: os nossos conselhos (+ o que fazer)"}]},{"@type":"WebSite","@id":"https:\/\/portugallovers.com\/pt-pt\/#website","url":"https:\/\/portugallovers.com\/pt-pt\/","name":"Portugal Lovers","description":"","publisher":{"@id":"https:\/\/portugallovers.com\/pt-pt\/#organization"},"potentialAction":[{"@type":"SearchAction","target":{"@type":"EntryPoint","urlTemplate":"https:\/\/portugallovers.com\/pt-pt\/?s={search_term_string}"},"query-input":{"@type":"PropertyValueSpecification","valueRequired":true,"valueName":"search_term_string"}}],"inLanguage":"pt-PT"},{"@type":"Organization","@id":"https:\/\/portugallovers.com\/pt-pt\/#organization","name":"Portugal Lovers","url":"https:\/\/portugallovers.com\/pt-pt\/","logo":{"@type":"ImageObject","inLanguage":"pt-PT","@id":"https:\/\/portugallovers.com\/pt-pt\/#\/schema\/logo\/image\/","url":"https:\/\/portugallovers.com\/wp-content\/uploads\/2024\/05\/cropped-Portugal-Lovers-Logo.png","contentUrl":"https:\/\/portugallovers.com\/wp-content\/uploads\/2024\/05\/cropped-Portugal-Lovers-Logo.png","width":2742,"height":469,"caption":"Portugal Lovers"},"image":{"@id":"https:\/\/portugallovers.com\/pt-pt\/#\/schema\/logo\/image\/"}},{"@type":"Person","@id":"https:\/\/portugallovers.com\/pt-pt\/#\/schema\/person\/256931bef5757226f6eee49268dc8e51","name":"Julie","image":{"@type":"ImageObject","inLanguage":"pt-PT","@id":"https:\/\/secure.gravatar.com\/avatar\/a611248efc69ee9e187aa9c079fc95ddf244fb85450703880b633892883f84f5?s=96&d=mm&r=g","url":"https:\/\/secure.gravatar.com\/avatar\/a611248efc69ee9e187aa9c079fc95ddf244fb85450703880b633892883f84f5?s=96&d=mm&r=g","contentUrl":"https:\/\/secure.gravatar.com\/avatar\/a611248efc69ee9e187aa9c079fc95ddf244fb85450703880b633892883f84f5?s=96&d=mm&r=g","caption":"Julie"},"sameAs":["https:\/\/portugallovers.com\/julie-joly\/"],"url":"https:\/\/portugallovers.com\/pt-pt\/author\/julie\/"}]}},"featured_image_src":"https:\/\/portugallovers.com\/wp-content\/uploads\/2026\/04\/visitar-Lisboa-inverno-o-que-fazer-600x400.jpg","featured_image_src_square":"https:\/\/portugallovers.com\/wp-content\/uploads\/2026\/04\/visitar-Lisboa-inverno-o-que-fazer-600x600.jpg","author_info":{"display_name":"Julie","author_link":"https:\/\/portugallovers.com\/pt-pt\/author\/julie\/"},"_links":{"self":[{"href":"https:\/\/portugallovers.com\/pt-pt\/wp-json\/wp\/v2\/posts\/6047","targetHints":{"allow":["GET"]}}],"collection":[{"href":"https:\/\/portugallovers.com\/pt-pt\/wp-json\/wp\/v2\/posts"}],"about":[{"href":"https:\/\/portugallovers.com\/pt-pt\/wp-json\/wp\/v2\/types\/post"}],"author":[{"embeddable":true,"href":"https:\/\/portugallovers.com\/pt-pt\/wp-json\/wp\/v2\/users\/4"}],"replies":[{"embeddable":true,"href":"https:\/\/portugallovers.com\/pt-pt\/wp-json\/wp\/v2\/comments?post=6047"}],"version-history":[{"count":0,"href":"https:\/\/portugallovers.com\/pt-pt\/wp-json\/wp\/v2\/posts\/6047\/revisions"}],"wp:featuredmedia":[{"embeddable":true,"href":"https:\/\/portugallovers.com\/pt-pt\/wp-json\/wp\/v2\/media\/6037"}],"wp:attachment":[{"href":"https:\/\/portugallovers.com\/pt-pt\/wp-json\/wp\/v2\/media?parent=6047"}],"wp:term":[{"taxonomy":"category","embeddable":true,"href":"https:\/\/portugallovers.com\/pt-pt\/wp-json\/wp\/v2\/categories?post=6047"},{"taxonomy":"post_tag","embeddable":true,"href":"https:\/\/portugallovers.com\/pt-pt\/wp-json\/wp\/v2\/tags?post=6047"}],"curies":[{"name":"wp","href":"https:\/\/api.w.org\/{rel}","templated":true}]}}