{"id":4285,"date":"2025-07-29T13:12:16","date_gmt":"2025-07-29T13:12:16","guid":{"rendered":"https:\/\/portugallovers.com\/praia-aveiros-plage-albufeira\/"},"modified":"2025-12-14T10:52:30","modified_gmt":"2025-12-14T10:52:30","slug":"praia-aveiros-spiaggia-albufeira","status":"publish","type":"post","link":"https:\/\/portugallovers.com\/it\/praia-aveiros-spiaggia-albufeira\/","title":{"rendered":"Praia dos Aveiros (Albufeira): consigli + foto"},"content":{"rendered":"\n<p>Sogna una baia appartata incastonata tra scogliere dorate, con acqua cristallina e un ambiente tranquillo? <strong>Praia dos Aveiros<\/strong> potrebbe essere il suo piccolo <strong>angolo di paradiso ad Albufeira<\/strong>. Meno conosciuta rispetto alle spiagge vicine, abbiamo amato il suo ambiente naturale incontaminato, perfetto per rilassarsi o per esplorare le rocce con la bassa marea.<\/p>\n\n<p>Ecco alcuni <strong>consigli utili<\/strong> per pianificare la sua visita alla <strong>Praia dos Aveiros ad Albufeira<\/strong>.<\/p>\n\n<figure class=\"wp-block-image size-large\"><img decoding=\"async\" src=\"https:\/\/portugallovers.com\/wp-content\/uploads\/2025\/07\/praia-aveiros-spiaggia-albufeira-it-1024x768.jpg\" alt=\"praia-dos-aveiros-albufeira\" class=\"wp-image-4269\"\/><\/figure>\n\n<p>Si tratta di un&#8217;opinione completamente <strong>indipendente<\/strong>, basata sulle nostre esperienze. Abbiamo visitato la regione in modo anonimo, facendo le nostre scelte e pagando interamente le nostre fatture.<\/p>\n\n<h2 class=\"wp-block-heading\">Crique d&#8217;Aveiros vale lo sforzo?<\/h2>\n\n<p><strong>S\u00ec,<\/strong> Aveiros Cove merita una deviazione! Conosciuta anche come Praia dos Aveiros, questa caletta \u00e8<strong>una delle spiagge pi\u00f9 segrete<\/strong> e affascinanti<strong>di<\/strong> Albufeira. Incastonata tra <strong>scogliere dorate<\/strong>, offre un <strong>ambiente intimo e incontaminato<\/strong>, lontano dal trambusto delle spiagge principali come Praia dos Pescadores. Le sue acque cristalline e la sabbia fine la rendono un luogo ideale per rilassarsi o per esplorare le piccole grotte e gli angoli rocciosi con la bassa marea.<\/p>\n\n<p>La sua atmosfera <strong>tranquilla<\/strong> lo rende un vero e proprio piccolo angolo di paradiso, che abbiamo apprezzato molto. Ma attenzione: l&#8217;accesso pu\u00f2 essere un po&#8217; complicato (veda i nostri consigli pratici qui sotto), il che contribuisce anche al suo fascino discreto. Se le piacciono le baie appartate e i paesaggi costieri selvaggi, Praia dos Aveiros merita sicuramente una visita!<\/p>\n\n<p>\u00c8 una delle spiagge pi\u00f9 belle di Albufeira e anche una delle <a href=\"https:\/\/portugallovers.com\/it\/cosa-vedere-albufeira-visitare\/\" target=\"_blank\" rel=\"noreferrer noopener\">principali attrazioni della citt\u00e0<\/a>!<\/p>\n\n<figure class=\"wp-block-image size-large\"><img decoding=\"async\" src=\"https:\/\/photos.smugmug.com\/Portugal\/Algarve\/Albufeira\/Praia-Aveiros\/i-n6N8SjT\/0\/KP8vq3M32hT74BjHg5d84cHVq9ZwV6psHrgr5LhV5\/L\/praia%20dos%20aveiros%20albufeira%20algarve-13-L.jpg\" alt=\"Praia dos Aveiros (Albufeira): paesaggio\"\/><\/figure>\n\n<h2 class=\"wp-block-heading\">Tipo di spiaggia: sabbiosa, sorvegliata&#8230;<\/h2>\n\n<h3 class=\"wp-block-heading\">Sabbia o non sabbia?<\/h3>\n\n<p>Il fondo della spiaggia \u00e8 costituito da sabbia fine di colore ocra. Ci \u00e8 piaciuto molto sdraiarci l\u00ec dopo una giornata di visite turistiche!<\/p>\n\n<figure class=\"wp-block-image size-large\"><img decoding=\"async\" src=\"https:\/\/photos.smugmug.com\/Portugal\/Algarve\/Albufeira\/Praia-Aveiros\/i-G3vZ8zr\/0\/LRLLBZHwxRpJTmLdj3d3CvQXc9j7JJXFbrmCNmght\/L\/praia%20dos%20aveiros%20albufeira%20algarve-16-L.jpg\" alt=\"Praia dos Aveiros (Albufeira): sabbia\"\/><\/figure>\n\n<h3 class=\"wp-block-heading\">Condizioni di nuoto e supervisione<\/h3>\n\n<p>La pendenza di accesso all&#8217;acqua \u00e8 dolce. Le rocce ai lati della spiaggia sono un paradiso per la biodiversit\u00e0. Quindi questa \u00e8 la spiaggia dove andare se vuole fare snorkeling.<\/p>\n\n<p>I cartelli indicano che la spiaggia \u00e8 sorvegliata in stagione e abbiamo visto dei bagnini in spiaggia.<\/p>\n\n<figure class=\"wp-block-image size-large\"><img decoding=\"async\" src=\"https:\/\/photos.smugmug.com\/Portugal\/Algarve\/Albufeira\/Praia-Aveiros\/i-S7vBFcP\/0\/NK9hXKxwDznVXwcw6kFsjkWRmdjGdMrHLXJWQHJH3\/L\/praia%20dos%20aveiros%20albufeira%20algarve-31-L.jpg\" alt=\"Praia dos Aveiros (Albufeira): sorveglianza\"\/><\/figure>\n\n<h3 class=\"wp-block-heading\">Strutture<\/h3>\n\n<p>Abbiamo trovato docce e servizi igienici vicino alla spiaggia.<\/p>\n\n<figure class=\"wp-block-image size-large\"><img decoding=\"async\" src=\"https:\/\/photos.smugmug.com\/Portugal\/Algarve\/Albufeira\/Praia-Aveiros\/i-tZfDCjg\/0\/Kww5FXZzLn9DN5s2xnJfvwqb3xCqgM5HWwjD2P3Fn\/L\/praia%20dos%20aveiros%20albufeira%20algarve-11-L.jpg\" alt=\"Praia dos Aveiros (Albufeira): servizi igienici\"\/><\/figure>\n\n<div style=\"margin-top:8%;margin-bottom:8%\" class=\"wp-block-genesis-blocks-gb-container box gb-block-container\"><div class=\"gb-container-inside\"><div class=\"gb-container-content\">\n<div class=\"wp-block-columns inverse is-layout-flex wp-container-core-columns-is-layout-9d6595d7 wp-block-columns-is-layout-flex\">\n<div class=\"wp-block-column texte_planif is-layout-flow wp-block-column-is-layout-flow\" style=\"flex-basis:58%\">\n          \n\n          <h5 class=\"titre_box\" style=\"padding-top:10px\">DIVERTIMENTO in Algarve: <span class=\"titre_box_manuscrit\">attivit\u00e0<\/span><\/h5>\n          \n\n        \n\n\n\n<p style=\"font-size:16px\">\n          <a href=\"https:\/\/www.getyourguide.it\/s\/?q=Algarve+grottes&amp;searchSource=3&amp;partner_id=R3GYW4V&amp;cmp=portugal\" target=\"_blank\" rel=\"noreferrer noopener nofollow\">Grotte e scogliere in barca<\/a>\n          <br\/>\n          <a href=\"https:\/\/www.getyourguide.it\/s\/?q=Algarve+kayak&amp;searchSource=3&amp;partner_id=R3GYW4V&amp;cmp=portugal\" target=\"_blank\" rel=\"noreferrer noopener nofollow\">Tour in kayak<\/a>\n          <br\/>\n          <a href=\"https:\/\/www.getyourguide.it\/s\/?q=Algarve+dauphins&amp;searchSource=3&amp;partner_id=R3GYW4V&amp;cmp=portugal\" target=\"_blank\" rel=\"noreferrer noopener nofollow\">Osservazione dei delfini<\/a>\n          <br\/>\n          <a href=\"https:\/\/www.getyourguide.it\/s\/?q=Algarve+4WD&amp;searchSource=3&amp;partner_id=R3GYW4V&amp;cmp=portugal\" target=\"_blank\" rel=\"noreferrer noopener nofollow\">Tour in jeep<\/a>\n          <br\/>\n          <br\/>\n        <\/p>\n<\/div>\n\n\n\n<div class=\"wp-block-column ville-radius is-layout-flow wp-block-column-is-layout-flow\" style=\"flex-basis:42%\">\n<figure class=\"wp-block-image size-large img-portrait\"><img decoding=\"async\" src=\"https:\/\/photos.smugmug.com\/Portugal\/Algarve\/Carvoeiro\/Benagil-sea-cave\/i-kbR899w\/1\/NS2PpvTtn7564sGrJ36D9nDTkqmJQf8pg2tsF3W6S\/S\/Algarve_Board_Trips_Benagil_Sea_Caves_Portugal_IMG_5185-S.jpg\" alt=\"Grotte in Algarve\" title=\"\"\/><\/figure>\n<\/div>\n<\/div>\n<\/div><\/div><\/div>\n\n<h2 class=\"wp-block-heading\">Accesso a Praia dos Aveiros, Albufeira<\/h2>\n\n<h3 class=\"wp-block-heading\">Dove si trova Crique d&#8217;Aveiros?<\/h3>\n\n<ul class=\"wp-block-list\">\n<li>Nella citt\u00e0 di Albufeira<\/li>\n\n\n\n<li>A meno di 10 minuti di auto dal quartiere storico<\/li>\n\n\n\n<li>Vicino a <a href=\"https:\/\/portugallovers.com\/it\/praia-alemaes-spiaggia-albufeira\/\" target=\"_blank\" rel=\"noreferrer noopener\">Praia dos Alem\u00e3es<\/a> e Praia da Oura<\/li>\n<\/ul>\n\n<p><strong><span style=\"text-decoration: underline;\">Attenzione<\/span><\/strong>La spiaggia pu\u00f2 essere difficile da individuare. Non si affidi esclusivamente al suo GPS (Google Maps o Waze), che potrebbe indirizzarla nel posto sbagliato (ci siamo passati). L&#8217;accesso corretto \u00e8 attraverso <strong>Rue B\u00e9con Vasca da Gama<\/strong>, vicino all&#8217;<strong>Hotel Auramar<\/strong>. Segua attentamente queste istruzioni per evitare inutili deviazioni. Ignori i divieti di passaggio, che riguardano solo l&#8217;accesso alle abitazioni. Non ci sono spiagge private in Portogallo.<\/p>\n\n<p>(Ecco le coordinate di Google Maps dell&#8217;ingresso della strada: 37.085205, -8.232206)<\/p>\n\n<figure class=\"wp-block-image size-large\"><img decoding=\"async\" src=\"https:\/\/photos.smugmug.com\/Portugal\/Algarve\/Albufeira\/Praia-Aveiros\/i-7wRzcqg\/0\/LtsV4sdTzQXmSGtKbJzBQv3RMSztCskrczRDsBwtw\/L\/praia%20dos%20aveiros%20albufeira%20algarve-04-L.jpg\" alt=\"Praia dos Aveiros (Albufeira): percorso\"\/><figcaption class=\"wp-element-caption\">Il cartello indica il sentiero che conduce alla spiaggia<\/figcaption><\/figure>\n\n<p>Dovr\u00e0 quindi seguire il percorso per alcuni minuti. Per prima cosa seguir\u00e0 un sentiero acciottolato accanto a un complesso alberghiero:<\/p>\n\n<figure class=\"wp-block-image size-large\"><img decoding=\"async\" src=\"https:\/\/photos.smugmug.com\/Portugal\/Algarve\/Albufeira\/Praia-Aveiros\/i-Xcsx6Fz\/0\/NJJbGrKpGtdkt9hx6FGFZwW29bJX4sCMgkTsWprdw\/L\/praia%20dos%20aveiros%20albufeira%20algarve-05-L.jpg\" alt=\"Praia dos Aveiros (Albufeira): itinerario\"\/><\/figure>\n\n<p>Poi si scende una rampa di scale fino alla spiaggia:<\/p>\n\n<figure class=\"wp-block-image size-large\"><img decoding=\"async\" src=\"https:\/\/photos.smugmug.com\/Portugal\/Algarve\/Albufeira\/Praia-Aveiros\/i-rXZfDQ3\/0\/LCSB5vn6wX7VKjLW3R6m5L4fFnV3ZvxnzTqxDVVCt\/L\/praia%20dos%20aveiros%20albufeira%20algarve-07-L.jpg\" alt=\"Praia dos Aveiros (Albufeira): scale\"\/><\/figure>\n\n<h3 class=\"wp-block-heading\">Accesso in auto e parcheggio<\/h3>\n\n<p>L&#8217;accesso in auto \u00e8 facile attraverso strade ben tenute. Pu\u00f2 parcheggiare lungo la strada non lontano dalla spiaggia. In alta stagione, tuttavia, potrebbe essere pi\u00f9 difficile trovare un parcheggio.<\/p>\n\n<figure class=\"wp-block-image size-large\"><img decoding=\"async\" src=\"https:\/\/photos.smugmug.com\/Portugal\/Algarve\/Albufeira\/Praia-Aveiros\/i-577cgz2\/0\/MBPG6MQGNCzWk7NPSmX9tWvr2GhW86ZkR2XWzgtfc\/L\/praia%20dos%20aveiros%20albufeira%20algarve-01-L.jpg\" alt=\"Praia dos Aveiros (Albufeira): strada\"\/><figcaption class=\"wp-element-caption\"><strong>Rue B\u00e9con Vasca da Gama<\/strong><\/figcaption><\/figure>\n\n<div style=\"margin-top:8%;margin-bottom:8%\" class=\"wp-block-genesis-blocks-gb-container box gb-block-container\"><div class=\"gb-container-inside\"><div class=\"gb-container-content\">\n<div class=\"wp-block-columns inverse box_planif is-layout-flex wp-container-core-columns-is-layout-9d6595d7 wp-block-columns-is-layout-flex\">\n<div class=\"wp-block-column texte_planif is-layout-flow wp-block-column-is-layout-flow\" style=\"flex-basis:60%\">\n<h5 class=\"titre_box\" style=\"padding-top:10px;\">I NOSTRI CONSIGLI PER NOLEGGIARE UN&#8217;AUTO IN <span class=\"titre_box_manuscrit\">ALGARVE<\/span><\/h5>\n\n\n\n<ul style=\"font-size:14px\" class=\"wp-block-list\">\n<li>Confronti i prezzi sulla nostra piattaforma preferita: <a href=\"https:\/\/www.discovercars.com\/it\/portugal?a_aid=zigzag&amp;chan=portugal\" target=\"_blank\" rel=\"noreferrer noopener nofollow\">DiscoverCars<\/a> &#8211; uno dei siti meglio valutati.<\/li>\n\n\n\n<li>Non prenda un&#8217;auto troppo larga, perch\u00e9 i centri storici hanno strade strette e parcheggi piccoli.<\/li>\n\n\n\n<li>Per una maggiore scelta, <strong>prenoti in anticipo<\/strong>.<\/li>\n<\/ul>\n<\/div>\n\n\n\n<div class=\"wp-block-column planif-radius-2 is-layout-flow wp-block-column-is-layout-flow\">\n<figure class=\"wp-block-image size-large voiture_image\"><img decoding=\"async\" src=\"https:\/\/photos.smugmug.com\/Portugal\/Alentejo\/Drive-to-Monsaraz\/i-FSp7zR9\/1\/KM9CSqcTv9RvpgScjMPvDQZHt7sjJ9sbXqjD47JzQ\/S\/Portugal_IMG_4161-S.jpg\" alt=\"guida in Portogallo\"\/><\/figure>\n<\/div>\n<\/div>\n\n\n\n<div class=\"wp-block-columns planif_bouton is-layout-flex wp-container-core-columns-is-layout-9d6595d7 wp-block-columns-is-layout-flex\">\n<div class=\"wp-block-column is-vertically-aligned-top is-layout-flow wp-block-column-is-layout-flow\">\n<div class=\"wp-block-buttons is-content-justification-center is-layout-flex wp-container-core-buttons-is-layout-16018d1d wp-block-buttons-is-layout-flex\">\n<div class=\"wp-block-button\"><a class=\"wp-block-button__link has-white-color has-text-color wp-element-button\" href=\"https:\/\/www.discovercars.com\/it\/portugal?a_aid=zigzag&amp;amp;chan=portugal\" target=\"_blank\" rel=\"noreferrer noopener nofollow\">Vedere le auto disponibili &gt;&gt;<\/a><\/div>\n<\/div>\n<\/div>\n\n\n\n<div class=\"wp-block-column is-vertically-aligned-center is-layout-flow wp-block-column-is-layout-flow\">\n<p class=\"has-text-align-center\" style=\"font-size:16px\">Legga i nostri consigli (a breve)<\/p>\n<\/div>\n<\/div>\n<\/div><\/div><\/div>\n\n<h3 class=\"wp-block-heading\">Accesso da Albufeira<\/h3>\n\n<p>Da Albufeira, prenda il viale principale, <em>Avenida dos Descobrimentos <\/em>, poi svolti in Rua <em>Dufermline<\/em> e continui dritto prima di svoltare in Avenida <em>Infante Dom Henrique<\/em> e infine in <em>Rua B\u00e9con Vasca da Gama<\/em>, dove trover\u00e0 l&#8217;inizio del sentiero che porta alla spiaggia.<\/p>\n\n<figure class=\"wp-block-image size-large\"><img decoding=\"async\" src=\"https:\/\/photos.smugmug.com\/Portugal\/Algarve\/Albufeira\/Praia-Aveiros\/i-6VT7MmB\/0\/KZJhfKJNs5MbN48XJjZ2fbVt2nvJFGNcqxWkhw373\/L\/praia%20dos%20aveiros%20albufeira%20algarve-19-L.jpg\" alt=\"Praia dos Aveiros (Albufeira): spiaggia\"\/><\/figure>\n\n<h3 class=\"wp-block-heading\">Accesso con il trasporto pubblico<\/h3>\n\n<p>Se prende i mezzi pubblici, la fermata pi\u00f9 vicina \u00e8 &#8220;Areias S. Jo\u00e3o&#8221; della rete di trasporti della citt\u00e0.<br\/>Per pianificare il suo itinerario, consulti le mappe dei percorsi, gli orari e le tariffe <a href=\"https:\/\/vamusalgarve.pt\/#\/pt\/albufeira\/schedules\" target=\"_blank\" rel=\"noreferrer noopener nofollow\">qui<\/a>.<\/p>\n\n<figure class=\"wp-block-image size-large\"><img decoding=\"async\" src=\"https:\/\/photos.smugmug.com\/Portugal\/Algarve\/Albufeira\/Pratique-Stands-dactivit%C3%A9s\/i-NKHDr4B\/0\/LWxWkbzvqc6Z9w4pWj8jvzKWgt4ZTDNKFDPtrjHnG\/L\/albufeira%20pratique-16-L.jpg\" alt=\"Praia dos Aveiros (Albufeira): autobus\"\/><\/figure>\n\n<div style=\"margin-top:8%;margin-bottom:8%\" class=\"wp-block-genesis-blocks-gb-container box gb-block-container\"><div class=\"gb-container-inside\"><div class=\"gb-container-content\">\n<div class=\"wp-block-columns inverse is-layout-flex wp-container-core-columns-is-layout-9d6595d7 wp-block-columns-is-layout-flex\">\n<div class=\"wp-block-column texte_planif is-layout-flow wp-block-column-is-layout-flow\" style=\"flex-basis:58%\">\n<h5 class=\"titre_box\" style=\"padding-top:10px;\">SCOPRIRE <span class=\"titre_box_manuscrit\">Albufeira<\/span><\/h5>\n\n\n\n<ul class=\"wp-block-list ul_box\">\n<li style=\"font-size:16px\"><a href=\"https:\/\/portugallovers.com\/it\/cosa-vedere-albufeira-visitare\/\">Attrazioni a Albufeira<\/a><\/li>\n\n\n\n<li style=\"font-size:16px\"><a href=\"https:\/\/portugallovers.com\/it\/dove-alloggiare-albufeira-migliori-hotel-quartieri\/\" target=\"_blank\" rel=\"noreferrer noopener\">I migliori hotel<\/a><\/li>\n\n\n\n<li style=\"font-size:16px\">I migliori ristoranti (in arrivo)<\/li>\n\n\n\n<li style=\"font-size:16px\"><a href=\"https:\/\/portugallovers.com\/it\/visitare-albufeira-inverno-cosa-vedere\/\">Albufeira in inverno<\/a><\/li>\n<\/ul>\n<\/div>\n\n\n\n<div class=\"wp-block-column ville-radius is-layout-flow wp-block-column-is-layout-flow\" style=\"flex-basis:42%\">\n<figure class=\"wp-block-image size-large img-portrait\"><img decoding=\"async\" src=\"https:\/\/photos.smugmug.com\/Portugal\/Algarve\/Albufeira\/Best-of-vaut-la-peine\/i-Lch5fjG\/0\/KQgzHBGSJLxZcCq3WdpDss6sbm8kmXZMgZH7JXCQr\/L\/albufeira%20paysage-plage-L.jpg\" alt=\"Albufeira\" title=\"\"\/><\/figure>\n<\/div>\n<\/div>\n<\/div><\/div><\/div>\n\n<h2 class=\"wp-block-heading\">Informazioni utili<\/h2>\n\n<h3 class=\"wp-block-heading\">Cane<\/h3>\n\n<p>I cani non sono ammessi in spiaggia.<\/p>\n\n<figure class=\"wp-block-image size-large\"><img decoding=\"async\" src=\"https:\/\/photos.smugmug.com\/Portugal\/Algarve\/Albufeira\/Praia-Aveiros\/i-LRr5XSr\/0\/Lhg2fm2xFhQ47wZggQsgjwVZSkVwrFXp8zZ4Pvmdh\/L\/praia%20dos%20aveiros%20albufeira%20algarve-27-L.jpg\" alt=\"Praia dos Aveiros (Albufeira): scogliere\"\/><\/figure>\n\n<h3 class=\"wp-block-heading\">Accesso a mobilit\u00e0 ridotta<\/h3>\n\n<p>Non abbiamo visto alcuna struttura per facilitare l&#8217;accesso alla spiaggia alle persone con mobilit\u00e0 ridotta. Inoltre, il sentiero che porta alla spiaggia \u00e8 disseminato di ciottoli e di numerosi gradini.<\/p>\n\n<p><strong>Per sua informazione<\/strong>: abbiamo appreso che 244 zone balneari in Portogallo sono accessibili alle persone con mobilit\u00e0 ridotta. Ad Albufeira, ad esempio, consigliamo la <a href=\"https:\/\/portugallovers.com\/it\/praia-alemaes-spiaggia-albufeira\/\" target=\"_blank\" rel=\"noreferrer noopener\">Praia dos Alem\u00e3es<\/a> o la <a href=\"https:\/\/portugallovers.com\/it\/praia-pescadores-spiaggia-albufeira\/\" target=\"_blank\" rel=\"noreferrer noopener\">Praia dos Pescadores<\/a>. Queste spiagge sono identificate da una bandiera bianca con il simbolo della Spiaggia Accessibile in blu e giallo. Dispongono di parcheggi riservati, accesso pedonale adattato, passerelle sulla sabbia e servizi igienici accessibili. Scopra di pi\u00f9 <a href=\"https:\/\/www.visitportugal.com\/fr\/content\/plage-accessible\" target=\"_blank\" rel=\"noreferrer noopener\">qui<\/a>.<\/p>\n\n<figure class=\"wp-block-image size-large\"><img decoding=\"async\" src=\"https:\/\/photos.smugmug.com\/Portugal\/Algarve\/Albufeira\/Praia-Aveiros\/i-XXT2R86\/0\/LpBmv2c4wnrZbNN8HVJhSDRSQ76zcDjvshnjz7NQR\/L\/praia%20dos%20aveiros%20albufeira%20algarve-08-L.jpg\" alt=\"Praia dos Aveiros (Albufeira): accesso per disabili impossibile\"\/><\/figure>\n\n<h3 class=\"wp-block-heading\">Con i bambini<\/h3>\n\n<p>La pendenza \u00e8 dolce e ideale per una visita con i bambini.  <\/p>\n\n<ul class=\"wp-block-list\">\n<li>D&#8217;altra parte, faccia attenzione alle mareggiate, che possono formare grandi onde quando il tempo non \u00e8 buono.  <\/li>\n\n\n\n<li>Dovrebbe anche fare attenzione a non sedersi sotto le scogliere, anche se offrono un po&#8217; d&#8217;ombra: c&#8217;\u00e8 il rischio di caduta di sassi.<\/li>\n<\/ul>\n\n<figure class=\"wp-block-image size-large\"><img decoding=\"async\" src=\"https:\/\/photos.smugmug.com\/Portugal\/Algarve\/Albufeira\/Praia-Aveiros\/i-MbNV3zn\/0\/KtsD92qzJWmZtc2FzDqWVKz65Qr8Mqsk6hk6TPG84\/L\/praia%20dos%20aveiros%20albufeira%20algarve-18-L.jpg\" alt=\"Praia dos Aveiros (Albufeira): bambini\"\/><\/figure>\n\n<h3 class=\"wp-block-heading\">Naturismo<\/h3>\n\n<p>Non \u00e8 possibile praticare il naturismo su questa spiaggia.<\/p>\n\n<figure class=\"wp-block-image size-large\"><img decoding=\"async\" src=\"https:\/\/photos.smugmug.com\/Portugal\/Algarve\/Albufeira\/Praia-Aveiros\/i-K64PFgm\/0\/LGgcV3ghkr8WfPx8Z6Q2BT6kBHdQGFgcgzhKQrmK9\/L\/praia%20dos%20aveiros%20albufeira%20algarve-14-L.jpg\" alt=\"Praia dos Aveiros (Albufeira): rocce\"\/><\/figure>\n\n<h3 class=\"wp-block-heading\">Mangiare fuori<\/h3>\n\n<p>In loco, pu\u00f2 cenare presso il Ristorante <em>Aveiros<\/em>, che offre viste panoramiche sulla spiaggia.<\/p>\n\n<figure class=\"wp-block-image size-large\"><img decoding=\"async\" src=\"https:\/\/photos.smugmug.com\/Portugal\/Algarve\/Albufeira\/Praia-Aveiros\/i-vf3xZRD\/0\/K4v546kv6JCw9TdZBQ68xhktD3mFdvSFHbSt4RW6B\/L\/praia%20dos%20aveiros%20albufeira%20algarve-21-L.jpg\" alt=\"Praia dos Aveiros (Albufeira): ristorante\"\/><\/figure>\n\n<h3 class=\"wp-block-heading\">Hotel<\/h3>\n\n<p>Si trova proprio nel centro di Albufeira. Ecco le nostre raccomandazioni:<\/p>\n\n<div style=\"margin-top:8%;margin-bottom:8%\" class=\"wp-block-genesis-blocks-gb-container box gb-block-container\"><div class=\"gb-container-inside\"><div class=\"gb-container-content\" style=\"max-width:700px\">\n<div class=\"wp-block-genesis-blocks-gb-container box_titre gb-block-container\"><div class=\"gb-container-inside\"><div class=\"gb-container-content\">\n<h5 class=\"titre_box\" style=\"padding-top:10px;\">DOVE ALLOGGIARE AD <span class=\"titre_box_manuscrit\">Albufeira<\/span><\/h5>\n<\/div><\/div><\/div>\n\n\n\n<hr class=\"wp-block-separator has-text-color has-alpha-channel-opacity has-background is-style-wide hr-box-planif\" style=\"background-color:#ccd3dd;color:#ccd3dd\"\/>\n\n\n\n<div class=\"wp-block-columns box_sans_border is-layout-flex wp-container-core-columns-is-layout-9d6595d7 wp-block-columns-is-layout-flex\">\n<div class=\"wp-block-column texte_planif is-layout-flow wp-block-column-is-layout-flow\" style=\"font-size:14px;flex-basis:60%\">\n<p class=\"option_titre2\"><strong>I nostri preferiti: quartieri e hotel<\/strong><\/p>\n\n\n\n<p style=\"font-size:14px\">Miglior hotel storico<br\/><strong>Boutique Hotel Vila Origens<\/strong> &#8211; <a href=\"https:\/\/www.booking.com\/hotel\/pt\/vila-origens-boutique-albufeira-adults-only?aid=2420176.html\" target=\"_blank\" rel=\"noreferrer noopener sponsored nofollow\">prezzi, foto e disponibilit\u00e0<\/a><\/p>\n\n\n\n<p style=\"font-size:14px\">Il miglior hotel sulla spiaggia<br\/><strong>Hotel Sol e Mar<\/strong> &#8211; <a href=\"https:\/\/www.booking.com\/hotel\/pt\/solemaralbufeira.fr.html\" target=\"_blank\" rel=\"noreferrer noopener sponsored nofollow\">Vedi prezzi, foto e disponibilit\u00e0<\/a><\/p>\n\n\n\n<p style=\"font-size:14px\">Miglior hotel di lusso<br\/>Hotel Pine Cliff Ocean Suites &#8211; <a href=\"https:\/\/www.booking.com\/hotel\/pt\/pine-cliffs-ocean-suites-a-luxury-collection-resort-algarve?aid=2420176.html\" target=\"_blank\" rel=\"noreferrer noopener sponsored nofollow\">Vedi prezzi, foto e disponibilit\u00e0<\/a><\/p>\n<\/div>\n\n\n\n<div class=\"wp-block-column is-vertically-aligned-top planif-radius is-layout-flow wp-block-column-is-layout-flow\" style=\"flex-basis:40%\">\n<figure class=\"wp-block-image size-large img-portrait\"><img decoding=\"async\" src=\"https:\/\/photos.smugmug.com\/Portugal\/Algarve\/Albufeira\/Best-of-hotels\/i-46MHzdz\/0\/KkzSVtB267k2Nj6Sm9g5Zj3pszBBfhMDsXdksvnWS\/L\/albufeira%20hotel%20vila%20origens-1-L.jpg\" alt=\"ortique Hotel Vila Origens\" title=\"\"\/><\/figure>\n<\/div>\n<\/div>\n\n\n\n<p class=\"has-text-align-center has-normal-font-size\"><a href=\"https:\/\/portugallovers.com\/it\/dove-alloggiare-albufeira-migliori-hotel-quartieri\/\" target=\"_blank\" rel=\"noreferrer noopener\">Consulta la nostra selezione completa dei migliori hotel di Albufeira<\/a><\/p>\n\n\n\n<div class=\"wp-block-buttons planif_bouton is-content-justification-center is-layout-flex wp-container-core-buttons-is-layout-16018d1d wp-block-buttons-is-layout-flex\">\n<div class=\"wp-block-button\"><a class=\"wp-block-button__link has-white-color has-text-color has-custom-font-size wp-element-button\" href=\"https:\/\/www.booking.com\/searchresults.html?city=-2157420&amp;nflt=review_score%253D90%253Breview_score%253D80&amp;aid=2420176&amp;no_rooms=1&amp;group_adults=2\" style=\"border-radius:4px;font-size:14px\" target=\"_blank\" rel=\"noreferrer noopener nofollow\">Vedere tutti gli alloggi disponibili (in arrivo) &gt;&gt;<\/a><\/div>\n<\/div>\n<\/div><\/div><\/div>\n\n<div style=\"margin-top:8%;margin-bottom:8%\" class=\"wp-block-genesis-blocks-gb-container box gb-block-container\"><div class=\"gb-container-inside\"><div class=\"gb-container-content\" style=\"max-width:700px\">\n<div class=\"wp-block-genesis-blocks-gb-container box_titre gb-block-container\"><div class=\"gb-container-inside\"><div class=\"gb-container-content\">\n<h5 class=\"titre_box\">PIANIFICHI IL SUA VIAGGIO IN <span class=\"titre_box_manuscrit\">Algarve<\/span><\/h5>\n<\/div><\/div><\/div>\n\n\n\n<hr class=\"wp-block-separator has-text-color has-alpha-channel-opacity has-background is-style-wide hr-box-planif\" style=\"background-color:#ccd3dd;color:#ccd3dd\"\/>\n\n\n\n<div class=\"wp-block-columns box_sans_border is-layout-flex wp-container-core-columns-is-layout-9d6595d7 wp-block-columns-is-layout-flex\">\n<div class=\"wp-block-column texte_planif is-layout-flow wp-block-column-is-layout-flow\" style=\"font-size:14px;flex-basis:60%\">\n<ul class=\"wp-block-list\">\n<li><strong>Il meglio di<\/strong><\/li>\n<\/ul>\n\n\n\n<p class=\"ul_box\" style=\"font-size:14px\"><a data-type=\"post\" data-id=\"234\" href=\"https:\/\/portugallovers.com\/it\/cosa-vedere-algarve-visitare\/\" target=\"_blank\" rel=\"noreferrer noopener\">Cosa vedere in Algarve<\/a><br\/>I paesaggi pi\u00f9 belli (in arrivo)<br\/><a href=\"https:\/\/portugallovers.com\/it\/migliori-citta-algarve-borghi\/\" target=\"_blank\" rel=\"noreferrer noopener\">Le citt\u00e0 e i villaggi pi\u00f9 belli<\/a><br\/><a data-type=\"post\" data-id=\"232\" href=\"https:\/\/portugallovers.com\/it\/migliori-spiagge-algarve\/\" target=\"_blank\" rel=\"noreferrer noopener\">Le spiagge pi\u00f9 belle dell&#8217;Algarve<\/a><\/p>\n<\/div>\n\n\n\n<div class=\"wp-block-column is-vertically-aligned-top planif-radius is-layout-flow wp-block-column-is-layout-flow\" style=\"flex-basis:40%\">\n<figure class=\"wp-block-image size-large img-portrait\"><img decoding=\"async\" src=\"https:\/\/photos.smugmug.com\/Portugal\/Algarve\/Lagos\/Ponta-da-piedade\/i-D7CBTP5\/1\/NQ4BbwKc6B9Zkq4CQJ28dNBgDG8FBHfW992nXZ7tJ\/S\/ponta_da_piedade_Algarve_Portugal_IMG_6344-S.jpg\" alt=\"Ponta da Piedade\" title=\"\"\/><\/figure>\n<\/div>\n<\/div>\n\n\n\n<hr class=\"wp-block-separator has-text-color has-alpha-channel-opacity has-background is-style-wide hr-box-planif\" style=\"background-color:#ccd3dd;color:#ccd3dd\"\/>\n\n\n\n<div class=\"wp-block-columns box_sans_border is-layout-flex wp-container-core-columns-is-layout-9d6595d7 wp-block-columns-is-layout-flex\">\n<div class=\"wp-block-column texte_planif is-layout-flow wp-block-column-is-layout-flow\" style=\"flex-basis:60%\">\n<ul class=\"wp-block-list\">\n<li><strong>Consigli pratici<\/strong><\/li>\n<\/ul>\n\n\n\n<p style=\"font-size:14px\"><br\/>Quando dovrebbe andarsene? (in arrivo)<br\/>Come noleggiare un&#8217;auto in Algarve (prossimamente)<br\/>Consigli di guida (in arrivo)<br\/><a href=\"https:\/\/portugallovers.com\/it\/quanto-giorni-algarve\/\" target=\"_blank\" rel=\"noreferrer noopener\">Quanti giorni?<\/a><\/p>\n\n\n\n<p style=\"font-size:14px\">Itinerari (in arrivo)<\/p>\n\n\n\n<p style=\"font-size:14px\"><a href=\"https:\/\/portugallovers.com\/it\/dove-alloggiare-algarve-migliori-destinazioni\/\" target=\"_blank\" rel=\"noreferrer noopener\">Dove alloggiare in Algarve  <\/a><\/p>\n<\/div>\n\n\n\n<div class=\"wp-block-column is-vertically-aligned-top planif-radius is-layout-flow wp-block-column-is-layout-flow\" style=\"flex-basis:40%\">\n<figure class=\"wp-block-image size-large img-portrait\"><img decoding=\"async\" src=\"https:\/\/photos.smugmug.com\/Portugal\/Algarve\/Sagres\/Fortaleza-de-Sagres\/i-KSrhk5W\/0\/LgdzjWM6pGsQmq8BCdLm9Cmt52VWFx2R83GJzTfMr\/S\/Sagres_fortress_Portugal_IMG_6406-S.jpg\" alt=\"Sagres\" title=\"\"\/><\/figure>\n<\/div>\n<\/div>\n\n\n\n<hr class=\"wp-block-separator has-text-color has-alpha-channel-opacity has-background is-style-wide hr-box-planif\" style=\"background-color:#ccd3dd;color:#ccd3dd\"\/>\n\n\n\n<div class=\"wp-block-columns box_sans_border is-layout-flex wp-container-core-columns-is-layout-9d6595d7 wp-block-columns-is-layout-flex\">\n<div class=\"wp-block-column texte_planif is-layout-flow wp-block-column-is-layout-flow\" style=\"flex-basis:60%\">\n<ul class=\"wp-block-list\">\n<li><strong>Cosa vedere<\/strong><\/li>\n<\/ul>\n\n\n\n<p style=\"font-size:14px\">Ponta da Piedade (in arrivo)<br\/>Grotta di Benagil (in arrivo)<br\/><a href=\"https:\/\/portugallovers.com\/it\/praia-marinha-spiaggia-algarve\/\" target=\"_blank\" rel=\"noreferrer noopener\">Praia da Marinha<\/a><br\/>Osservazione dei delfini (in arrivo)<br\/><a href=\"https:\/\/portugallovers.com\/it\/cosa-vedere-lagos-visitare\/\" target=\"_blank\" rel=\"noreferrer noopener\">Cosa fare a Lagos<\/a><br\/><a href=\"https:\/\/portugallovers.com\/it\/cosa-vedere-portimao-visitare\/\" target=\"_blank\" rel=\"noreferrer noopener\">Cosa fare a Portimao<\/a><br\/><a href=\"https:\/\/portugallovers.com\/it\/cosa-vedere-albufeira-visitare\/\" target=\"_blank\" rel=\"noreferrer noopener\">Cosa fare ad Albufeira<\/a><br\/><a href=\"https:\/\/portugallovers.com\/it\/cosa-vedere-faro-attrazioni\/\" target=\"_blank\" rel=\"noreferrer noopener\">Cosa fare a Faro<\/a><br\/><\/p>\n<\/div>\n\n\n\n<div class=\"wp-block-column is-vertically-aligned-top planif-radius is-layout-flow wp-block-column-is-layout-flow\" style=\"flex-basis:40%\">\n<figure class=\"wp-block-image size-large img-portrait\"><img decoding=\"async\" src=\"https:\/\/photos.smugmug.com\/Portugal\/Algarve\/Ferragudo\/View-village\/i-dc8TzZV\/0\/K5XPvkw6pJZqFR4PGL489pNwRnV6LqQvPnxQFfcCT\/S\/Ferragudo_algarve_IMG_0295-S.jpg\" alt=\"FErrugado\" title=\"\"\/><\/figure>\n<\/div>\n<\/div>\n\n\n\n<div style=\"height:30px\" aria-hidden=\"true\" class=\"wp-block-spacer\"><\/div>\n<\/div><\/div><\/div>\n\n<div class=\"wp-block-genesis-blocks-gb-container box_auteur_voyage gb-block-container\"><div class=\"gb-container-inside\"><div class=\"gb-container-content\">\n<figure class=\"wp-block-image size-large img_auteur_voyage\"><a href=\"https:\/\/portugallovers.com\/morgane-mazelier\/\" target=\"_blank\" rel=\"noreferrer noopener\"><img decoding=\"async\" src=\"https:\/\/photos.smugmug.com\/Region-Lovers\/Equipe\/i-kx84ZJX\/0\/FgG3Lb9Xx2HBStC6R3PNXZZNj2Vvkx9vZBxQFL7NJ\/L\/morgane-L.jpg\" alt=\"\"\/><\/a><\/figure>\n\n\n\n<h5 class=\"titre_auteur_voyage\"><span>HA FATTO IL VIAGGIO E HA SCRITTO L&#8217;ARTICOLO \n <\/span><span class=\"titre_box_manuscrit\">Morgane<\/span><\/h5>\n<\/div><\/div><\/div>\n","protected":false},"excerpt":{"rendered":"<p>Sogna una baia appartata incastonata tra scogliere dorate, con acqua cristallina e un ambiente tranquillo? Praia dos Aveiros potrebbe essere il suo piccolo angolo di paradiso ad Albufeira. Meno conosciuta rispetto alle spiagge vicine, abbiamo amato il suo ambiente naturale incontaminato, perfetto per rilassarsi o per esplorare le rocce con la bassa marea. Ecco alcuni [&hellip;]<\/p>\n","protected":false},"author":7,"featured_media":4274,"comment_status":"closed","ping_status":"closed","sticky":false,"template":"","format":"standard","meta":{"_genesis_hide_title":false,"_genesis_hide_breadcrumbs":false,"_genesis_hide_singular_image":false,"_genesis_hide_footer_widgets":false,"_genesis_custom_body_class":"","_genesis_custom_post_class":"","_genesis_layout":"","footnotes":""},"categories":[151],"tags":[],"class_list":{"0":"post-4285","1":"post","2":"type-post","3":"status-publish","4":"format-standard","5":"has-post-thumbnail","7":"category-albufeira","8":"entry"},"yoast_head":"<!-- This site is optimized with the Yoast SEO plugin v27.2 - https:\/\/yoast.com\/product\/yoast-seo-wordpress\/ -->\n<title>Praia dos Aveiros (Albufeira): consigli + foto<\/title>\n<meta name=\"description\" content=\"I nostri consigli e le nostre foto per visitare la spiaggia Praia dos Aveiros ad Albufeira: accesso, parcheggio, servizi, paesaggio, accesso per i disabili, attivit\u00e0...\" \/>\n<meta name=\"robots\" content=\"index, follow, max-snippet:-1, max-image-preview:large, max-video-preview:-1\" \/>\n<link rel=\"canonical\" href=\"https:\/\/portugallovers.com\/it\/praia-aveiros-spiaggia-albufeira\/\" \/>\n<meta property=\"og:locale\" content=\"it_IT\" \/>\n<meta property=\"og:type\" content=\"article\" \/>\n<meta property=\"og:title\" content=\"Praia dos Aveiros (Albufeira): consigli + foto\" \/>\n<meta property=\"og:description\" content=\"I nostri consigli e le nostre foto per visitare la spiaggia Praia dos Aveiros ad Albufeira: accesso, parcheggio, servizi, paesaggio, accesso per i disabili, attivit\u00e0...\" \/>\n<meta property=\"og:url\" content=\"https:\/\/portugallovers.com\/it\/praia-aveiros-spiaggia-albufeira\/\" \/>\n<meta property=\"og:site_name\" content=\"Portugal Lovers\" \/>\n<meta property=\"article:published_time\" content=\"2025-07-29T13:12:16+00:00\" \/>\n<meta property=\"article:modified_time\" content=\"2025-12-14T10:52:30+00:00\" \/>\n<meta property=\"og:image\" content=\"https:\/\/portugallovers.com\/wp-content\/uploads\/2025\/07\/praia-aveiros-spiaggia-albufeira-it.jpg\" \/>\n\t<meta property=\"og:image:width\" content=\"2560\" \/>\n\t<meta property=\"og:image:height\" content=\"1920\" \/>\n\t<meta property=\"og:image:type\" content=\"image\/jpeg\" \/>\n<meta name=\"author\" content=\"Morgane\" \/>\n<meta name=\"twitter:card\" content=\"summary_large_image\" \/>\n<meta name=\"twitter:label1\" content=\"Scritto da\" \/>\n\t<meta name=\"twitter:data1\" content=\"Morgane\" \/>\n\t<meta name=\"twitter:label2\" content=\"Tempo di lettura stimato\" \/>\n\t<meta name=\"twitter:data2\" content=\"4 minuti\" \/>\n<script type=\"application\/ld+json\" class=\"yoast-schema-graph\">{\"@context\":\"https:\/\/schema.org\",\"@graph\":[{\"@type\":\"Article\",\"@id\":\"https:\/\/portugallovers.com\/it\/praia-aveiros-spiaggia-albufeira\/#article\",\"isPartOf\":{\"@id\":\"https:\/\/portugallovers.com\/it\/praia-aveiros-spiaggia-albufeira\/\"},\"author\":{\"name\":\"Morgane\",\"@id\":\"https:\/\/portugallovers.com\/it\/#\/schema\/person\/799e9fd360dc75b7ce5442de3559a291\"},\"headline\":\"Praia dos Aveiros (Albufeira): consigli + foto\",\"datePublished\":\"2025-07-29T13:12:16+00:00\",\"dateModified\":\"2025-12-14T10:52:30+00:00\",\"mainEntityOfPage\":{\"@id\":\"https:\/\/portugallovers.com\/it\/praia-aveiros-spiaggia-albufeira\/\"},\"wordCount\":802,\"publisher\":{\"@id\":\"https:\/\/portugallovers.com\/it\/#organization\"},\"image\":{\"@id\":\"https:\/\/portugallovers.com\/it\/praia-aveiros-spiaggia-albufeira\/#primaryimage\"},\"thumbnailUrl\":\"https:\/\/portugallovers.com\/wp-content\/uploads\/2025\/07\/praia-aveiros-spiaggia-albufeira-it.jpg\",\"articleSection\":[\"Albufeira\"],\"inLanguage\":\"it-IT\"},{\"@type\":\"WebPage\",\"@id\":\"https:\/\/portugallovers.com\/it\/praia-aveiros-spiaggia-albufeira\/\",\"url\":\"https:\/\/portugallovers.com\/it\/praia-aveiros-spiaggia-albufeira\/\",\"name\":\"Praia dos Aveiros (Albufeira): consigli + foto\",\"isPartOf\":{\"@id\":\"https:\/\/portugallovers.com\/it\/#website\"},\"primaryImageOfPage\":{\"@id\":\"https:\/\/portugallovers.com\/it\/praia-aveiros-spiaggia-albufeira\/#primaryimage\"},\"image\":{\"@id\":\"https:\/\/portugallovers.com\/it\/praia-aveiros-spiaggia-albufeira\/#primaryimage\"},\"thumbnailUrl\":\"https:\/\/portugallovers.com\/wp-content\/uploads\/2025\/07\/praia-aveiros-spiaggia-albufeira-it.jpg\",\"datePublished\":\"2025-07-29T13:12:16+00:00\",\"dateModified\":\"2025-12-14T10:52:30+00:00\",\"description\":\"I nostri consigli e le nostre foto per visitare la spiaggia Praia dos Aveiros ad Albufeira: accesso, parcheggio, servizi, paesaggio, accesso per i disabili, attivit\u00e0...\",\"breadcrumb\":{\"@id\":\"https:\/\/portugallovers.com\/it\/praia-aveiros-spiaggia-albufeira\/#breadcrumb\"},\"inLanguage\":\"it-IT\",\"potentialAction\":[{\"@type\":\"ReadAction\",\"target\":[\"https:\/\/portugallovers.com\/it\/praia-aveiros-spiaggia-albufeira\/\"]}]},{\"@type\":\"ImageObject\",\"inLanguage\":\"it-IT\",\"@id\":\"https:\/\/portugallovers.com\/it\/praia-aveiros-spiaggia-albufeira\/#primaryimage\",\"url\":\"https:\/\/portugallovers.com\/wp-content\/uploads\/2025\/07\/praia-aveiros-spiaggia-albufeira-it.jpg\",\"contentUrl\":\"https:\/\/portugallovers.com\/wp-content\/uploads\/2025\/07\/praia-aveiros-spiaggia-albufeira-it.jpg\",\"width\":2560,\"height\":1920,\"caption\":\"praia aveiros spiaggia albufeira it\"},{\"@type\":\"BreadcrumbList\",\"@id\":\"https:\/\/portugallovers.com\/it\/praia-aveiros-spiaggia-albufeira\/#breadcrumb\",\"itemListElement\":[{\"@type\":\"ListItem\",\"position\":1,\"name\":\"Accueil\",\"item\":\"https:\/\/portugallovers.com\/it\/\"},{\"@type\":\"ListItem\",\"position\":2,\"name\":\"Albufeira\",\"item\":\"https:\/\/portugallovers.com\/it\/albufeira\/\"},{\"@type\":\"ListItem\",\"position\":3,\"name\":\"Praia dos Aveiros (Albufeira): consigli + foto\"}]},{\"@type\":\"WebSite\",\"@id\":\"https:\/\/portugallovers.com\/it\/#website\",\"url\":\"https:\/\/portugallovers.com\/it\/\",\"name\":\"Portugal Lovers\",\"description\":\"\",\"publisher\":{\"@id\":\"https:\/\/portugallovers.com\/it\/#organization\"},\"potentialAction\":[{\"@type\":\"SearchAction\",\"target\":{\"@type\":\"EntryPoint\",\"urlTemplate\":\"https:\/\/portugallovers.com\/it\/?s={search_term_string}\"},\"query-input\":{\"@type\":\"PropertyValueSpecification\",\"valueRequired\":true,\"valueName\":\"search_term_string\"}}],\"inLanguage\":\"it-IT\"},{\"@type\":\"Organization\",\"@id\":\"https:\/\/portugallovers.com\/it\/#organization\",\"name\":\"Portugal Lovers\",\"url\":\"https:\/\/portugallovers.com\/it\/\",\"logo\":{\"@type\":\"ImageObject\",\"inLanguage\":\"it-IT\",\"@id\":\"https:\/\/portugallovers.com\/it\/#\/schema\/logo\/image\/\",\"url\":\"https:\/\/portugallovers.com\/wp-content\/uploads\/2024\/05\/cropped-Portugal-Lovers-Logo.png\",\"contentUrl\":\"https:\/\/portugallovers.com\/wp-content\/uploads\/2024\/05\/cropped-Portugal-Lovers-Logo.png\",\"width\":2742,\"height\":469,\"caption\":\"Portugal Lovers\"},\"image\":{\"@id\":\"https:\/\/portugallovers.com\/it\/#\/schema\/logo\/image\/\"}},{\"@type\":\"Person\",\"@id\":\"https:\/\/portugallovers.com\/it\/#\/schema\/person\/799e9fd360dc75b7ce5442de3559a291\",\"name\":\"Morgane\",\"image\":{\"@type\":\"ImageObject\",\"inLanguage\":\"it-IT\",\"@id\":\"https:\/\/secure.gravatar.com\/avatar\/afa26912805402e3ea29288b7478a6a37b47e98385c004daed7d76f04733a512?s=96&d=mm&r=g\",\"url\":\"https:\/\/secure.gravatar.com\/avatar\/afa26912805402e3ea29288b7478a6a37b47e98385c004daed7d76f04733a512?s=96&d=mm&r=g\",\"contentUrl\":\"https:\/\/secure.gravatar.com\/avatar\/afa26912805402e3ea29288b7478a6a37b47e98385c004daed7d76f04733a512?s=96&d=mm&r=g\",\"caption\":\"Morgane\"},\"sameAs\":[\"https:\/\/portugallovers.com\/morgane-mazelier\/\"],\"url\":\"https:\/\/portugallovers.com\/it\/author\/morgane\/\"}]}<\/script>\n<!-- \/ Yoast SEO plugin. -->","yoast_head_json":{"title":"Praia dos Aveiros (Albufeira): consigli + foto","description":"I nostri consigli e le nostre foto per visitare la spiaggia Praia dos Aveiros ad Albufeira: accesso, parcheggio, servizi, paesaggio, accesso per i disabili, attivit\u00e0...","robots":{"index":"index","follow":"follow","max-snippet":"max-snippet:-1","max-image-preview":"max-image-preview:large","max-video-preview":"max-video-preview:-1"},"canonical":"https:\/\/portugallovers.com\/it\/praia-aveiros-spiaggia-albufeira\/","og_locale":"it_IT","og_type":"article","og_title":"Praia dos Aveiros (Albufeira): consigli + foto","og_description":"I nostri consigli e le nostre foto per visitare la spiaggia Praia dos Aveiros ad Albufeira: accesso, parcheggio, servizi, paesaggio, accesso per i disabili, attivit\u00e0...","og_url":"https:\/\/portugallovers.com\/it\/praia-aveiros-spiaggia-albufeira\/","og_site_name":"Portugal Lovers","article_published_time":"2025-07-29T13:12:16+00:00","article_modified_time":"2025-12-14T10:52:30+00:00","og_image":[{"width":2560,"height":1920,"url":"https:\/\/portugallovers.com\/wp-content\/uploads\/2025\/07\/praia-aveiros-spiaggia-albufeira-it.jpg","type":"image\/jpeg"}],"author":"Morgane","twitter_card":"summary_large_image","twitter_misc":{"Scritto da":"Morgane","Tempo di lettura stimato":"4 minuti"},"schema":{"@context":"https:\/\/schema.org","@graph":[{"@type":"Article","@id":"https:\/\/portugallovers.com\/it\/praia-aveiros-spiaggia-albufeira\/#article","isPartOf":{"@id":"https:\/\/portugallovers.com\/it\/praia-aveiros-spiaggia-albufeira\/"},"author":{"name":"Morgane","@id":"https:\/\/portugallovers.com\/it\/#\/schema\/person\/799e9fd360dc75b7ce5442de3559a291"},"headline":"Praia dos Aveiros (Albufeira): consigli + foto","datePublished":"2025-07-29T13:12:16+00:00","dateModified":"2025-12-14T10:52:30+00:00","mainEntityOfPage":{"@id":"https:\/\/portugallovers.com\/it\/praia-aveiros-spiaggia-albufeira\/"},"wordCount":802,"publisher":{"@id":"https:\/\/portugallovers.com\/it\/#organization"},"image":{"@id":"https:\/\/portugallovers.com\/it\/praia-aveiros-spiaggia-albufeira\/#primaryimage"},"thumbnailUrl":"https:\/\/portugallovers.com\/wp-content\/uploads\/2025\/07\/praia-aveiros-spiaggia-albufeira-it.jpg","articleSection":["Albufeira"],"inLanguage":"it-IT"},{"@type":"WebPage","@id":"https:\/\/portugallovers.com\/it\/praia-aveiros-spiaggia-albufeira\/","url":"https:\/\/portugallovers.com\/it\/praia-aveiros-spiaggia-albufeira\/","name":"Praia dos Aveiros (Albufeira): consigli + foto","isPartOf":{"@id":"https:\/\/portugallovers.com\/it\/#website"},"primaryImageOfPage":{"@id":"https:\/\/portugallovers.com\/it\/praia-aveiros-spiaggia-albufeira\/#primaryimage"},"image":{"@id":"https:\/\/portugallovers.com\/it\/praia-aveiros-spiaggia-albufeira\/#primaryimage"},"thumbnailUrl":"https:\/\/portugallovers.com\/wp-content\/uploads\/2025\/07\/praia-aveiros-spiaggia-albufeira-it.jpg","datePublished":"2025-07-29T13:12:16+00:00","dateModified":"2025-12-14T10:52:30+00:00","description":"I nostri consigli e le nostre foto per visitare la spiaggia Praia dos Aveiros ad Albufeira: accesso, parcheggio, servizi, paesaggio, accesso per i disabili, attivit\u00e0...","breadcrumb":{"@id":"https:\/\/portugallovers.com\/it\/praia-aveiros-spiaggia-albufeira\/#breadcrumb"},"inLanguage":"it-IT","potentialAction":[{"@type":"ReadAction","target":["https:\/\/portugallovers.com\/it\/praia-aveiros-spiaggia-albufeira\/"]}]},{"@type":"ImageObject","inLanguage":"it-IT","@id":"https:\/\/portugallovers.com\/it\/praia-aveiros-spiaggia-albufeira\/#primaryimage","url":"https:\/\/portugallovers.com\/wp-content\/uploads\/2025\/07\/praia-aveiros-spiaggia-albufeira-it.jpg","contentUrl":"https:\/\/portugallovers.com\/wp-content\/uploads\/2025\/07\/praia-aveiros-spiaggia-albufeira-it.jpg","width":2560,"height":1920,"caption":"praia aveiros spiaggia albufeira it"},{"@type":"BreadcrumbList","@id":"https:\/\/portugallovers.com\/it\/praia-aveiros-spiaggia-albufeira\/#breadcrumb","itemListElement":[{"@type":"ListItem","position":1,"name":"Accueil","item":"https:\/\/portugallovers.com\/it\/"},{"@type":"ListItem","position":2,"name":"Albufeira","item":"https:\/\/portugallovers.com\/it\/albufeira\/"},{"@type":"ListItem","position":3,"name":"Praia dos Aveiros (Albufeira): consigli + foto"}]},{"@type":"WebSite","@id":"https:\/\/portugallovers.com\/it\/#website","url":"https:\/\/portugallovers.com\/it\/","name":"Portugal Lovers","description":"","publisher":{"@id":"https:\/\/portugallovers.com\/it\/#organization"},"potentialAction":[{"@type":"SearchAction","target":{"@type":"EntryPoint","urlTemplate":"https:\/\/portugallovers.com\/it\/?s={search_term_string}"},"query-input":{"@type":"PropertyValueSpecification","valueRequired":true,"valueName":"search_term_string"}}],"inLanguage":"it-IT"},{"@type":"Organization","@id":"https:\/\/portugallovers.com\/it\/#organization","name":"Portugal Lovers","url":"https:\/\/portugallovers.com\/it\/","logo":{"@type":"ImageObject","inLanguage":"it-IT","@id":"https:\/\/portugallovers.com\/it\/#\/schema\/logo\/image\/","url":"https:\/\/portugallovers.com\/wp-content\/uploads\/2024\/05\/cropped-Portugal-Lovers-Logo.png","contentUrl":"https:\/\/portugallovers.com\/wp-content\/uploads\/2024\/05\/cropped-Portugal-Lovers-Logo.png","width":2742,"height":469,"caption":"Portugal Lovers"},"image":{"@id":"https:\/\/portugallovers.com\/it\/#\/schema\/logo\/image\/"}},{"@type":"Person","@id":"https:\/\/portugallovers.com\/it\/#\/schema\/person\/799e9fd360dc75b7ce5442de3559a291","name":"Morgane","image":{"@type":"ImageObject","inLanguage":"it-IT","@id":"https:\/\/secure.gravatar.com\/avatar\/afa26912805402e3ea29288b7478a6a37b47e98385c004daed7d76f04733a512?s=96&d=mm&r=g","url":"https:\/\/secure.gravatar.com\/avatar\/afa26912805402e3ea29288b7478a6a37b47e98385c004daed7d76f04733a512?s=96&d=mm&r=g","contentUrl":"https:\/\/secure.gravatar.com\/avatar\/afa26912805402e3ea29288b7478a6a37b47e98385c004daed7d76f04733a512?s=96&d=mm&r=g","caption":"Morgane"},"sameAs":["https:\/\/portugallovers.com\/morgane-mazelier\/"],"url":"https:\/\/portugallovers.com\/it\/author\/morgane\/"}]}},"featured_image_src":"https:\/\/portugallovers.com\/wp-content\/uploads\/2025\/07\/praia-aveiros-spiaggia-albufeira-it-600x400.jpg","featured_image_src_square":"https:\/\/portugallovers.com\/wp-content\/uploads\/2025\/07\/praia-aveiros-spiaggia-albufeira-it-600x600.jpg","author_info":{"display_name":"Morgane","author_link":"https:\/\/portugallovers.com\/it\/author\/morgane\/"},"_links":{"self":[{"href":"https:\/\/portugallovers.com\/it\/wp-json\/wp\/v2\/posts\/4285","targetHints":{"allow":["GET"]}}],"collection":[{"href":"https:\/\/portugallovers.com\/it\/wp-json\/wp\/v2\/posts"}],"about":[{"href":"https:\/\/portugallovers.com\/it\/wp-json\/wp\/v2\/types\/post"}],"author":[{"embeddable":true,"href":"https:\/\/portugallovers.com\/it\/wp-json\/wp\/v2\/users\/7"}],"replies":[{"embeddable":true,"href":"https:\/\/portugallovers.com\/it\/wp-json\/wp\/v2\/comments?post=4285"}],"version-history":[{"count":0,"href":"https:\/\/portugallovers.com\/it\/wp-json\/wp\/v2\/posts\/4285\/revisions"}],"wp:featuredmedia":[{"embeddable":true,"href":"https:\/\/portugallovers.com\/it\/wp-json\/wp\/v2\/media\/4274"}],"wp:attachment":[{"href":"https:\/\/portugallovers.com\/it\/wp-json\/wp\/v2\/media?parent=4285"}],"wp:term":[{"taxonomy":"category","embeddable":true,"href":"https:\/\/portugallovers.com\/it\/wp-json\/wp\/v2\/categories?post=4285"},{"taxonomy":"post_tag","embeddable":true,"href":"https:\/\/portugallovers.com\/it\/wp-json\/wp\/v2\/tags?post=4285"}],"curies":[{"name":"wp","href":"https:\/\/api.w.org\/{rel}","templated":true}]}}